{"id":14720,"date":"2019-09-24T10:12:06","date_gmt":"2019-09-24T08:12:06","guid":{"rendered":"https:\/\/www.labunie.com.pl\/?p=14720"},"modified":"2019-09-24T10:16:34","modified_gmt":"2019-09-24T08:16:34","slug":"izba-pamieci-otwarta-zapraszamy-do-zwiedzania","status":"publish","type":"post","link":"https:\/\/www.labunie.com.pl\/?p=14720","title":{"rendered":"Izba Pami\u0119ci otwarta &#8211; zapraszamy do zwiedzania"},"content":{"rendered":"\n<p><strong>Zapraszamy mieszka\u0144c\u00f3w Zamojszczyzny oraz turyst\u00f3w do zwiedzania nowego miejsca turystycznego na mapie wojew\u00f3dztwa lubelskiego. To Izba Pami\u0119ci b\u0142. Stanis\u0142awa Starowieyskiego w \u0141abuniach. W poniedzia\u0142ek, 23 wrze\u015bnia zosta\u0142a uroczy\u015bcie otwarta. <\/strong><\/p>\n\n\n\n<!--more-->\n\n\n\n<div style=\"height:59px\" aria-hidden=\"true\" class=\"wp-block-spacer\"><\/div>\n\n\n\n<p>Uroczysto\u015bci rozpocz\u0119\u0142y si\u0119 o godz. 10.30 w kaplicy si\u00f3str FMM w zespole pa\u0142acowo-parkowym w \u0141abuniach. Zosta\u0142a odprawiona msza \u015bw. pod przewodnictwem ks. bp Mariusza Leszczy\u0144skiego. Po nabo\u017ce\u0144stwie odby\u0142o si\u0119 po\u015bwi\u0119cenie Izby. Na uroczysto\u015b\u0107 przybyli m. in. potomkowie rodziny Szeptyckich, Starowieyskich i Zamoyskich. W\u015br\u00f3d zaproszonych go\u015bci pojawi\u0142y si\u0119 r\u00f3wnie\u017c by\u0142e i obecne w\u0142adze samorz\u0105dowe, kt\u00f3re przyczyni\u0142y si\u0119 do utworzenia Izby Pami\u0119ci oraz pozyskania funduszy unijnych na ten cel.  Gmin\u0119 \u0141abunie reprezentowali: W\u00f3jt gminy \u0141abunie &#8211; Mariusz Kukie\u0142ka, sekretarz gminy &#8211; Bogumi\u0142a Maziarczuk, przewodnicz\u0105ca Rady Gminy \u0141abunie &#8211; Elzbieta Ku\u017ama oraz radni i so\u0142tysi.<\/p>\n\n\n\n<p>Izba Pami\u0119ci b\u0142 Stanis\u0142awa Starowieyskiego znajduje si\u0119 w zespole pa\u0142acowo-parkowym w \u0141abuniach &#8211; zabytkowym kompleksie z XVIII w., w dawnej rezydencji Zamoyskich. Na Izb\u0119 sk\u0142adaj\u0105 si\u0119 trzy pomieszczenia po\u015bwi\u0119cone m. in. pami\u0119ci b\u0142 Stanis\u0142awa Starowieyskiego, Janowi Jakubowi Zamoyskiemu &#8211; budowniczemu pa\u0142acu oraz rodzinie Szeptyckich, z kt\u00f3rej wywodzi si\u0119 \u017cona Stanis\u0142awa Starowieyskiego. <\/p>\n\n\n\n<p>Inicjatork\u0105 powstania Izby by\u0142a siostra Franciszkanka Irena Murawska. Projekt przygotowa\u0142a siostra Bogumi\u0142a Star\u0119ga.<\/p>\n\n\n\n<p>Izb\u0119 uda\u0142o si\u0119 utworzy\u0107 dzi\u0119ki pozyskanemu dofinansowaniu unijnemu. Gmina \u0141abunie za po\u015brednictwem i przy wsparciu Lokalnej Grupy Dzia\u0142ania Ziemia Zamojska pozyska\u0142a pieni\u0105dze z Programu Rozwoju Obszar\u00f3w Wiejskich na lata 2014-2020. W jego ramach uda\u0142o si\u0119 r\u00f3wnie\u017c doposa\u017cy\u0107 tak\u017ce atrakcyjn\u0105 turystycznie Izb\u0119 Muzealn\u0105 w Barchaczowie. Inwestycj\u0119 realizowa\u0142a firma Agencja Reklamowa AZ z Zamo\u015bcia, z kt\u00f3r\u0105 W\u00f3jt gminy \u0141abunie podpisa\u0142 umow\u0119 na wykonanie inwestycji. Warto\u015b\u0107 projektu to prawie 60 tys. z\u0142, z czego ok. 40 tys. z\u0142 to dofinansowanie unijne. <\/p>\n\n\n\n<div style=\"height:27px\" aria-hidden=\"true\" class=\"wp-block-spacer\"><\/div>\n\n\n<p>[lg_folder folder=&#8221;2019-09-23\/&#8221; paging=&#8221;false&#8221;]<\/p>\n\n\n<p><br><\/p>\n","protected":false},"excerpt":{"rendered":"<p>Zapraszamy mieszka\u0144c\u00f3w Zamojszczyzny oraz turyst\u00f3w do zwiedzania nowego miejsca turystycznego na mapie wojew\u00f3dztwa lubelskiego. To Izba Pami\u0119ci b\u0142. Stanis\u0142awa Starowieyskiego w \u0141abuniach. W poniedzia\u0142ek, 23 wrze\u015bnia zosta\u0142a uroczy\u015bcie otwarta.<\/p>\n","protected":false},"author":11,"featured_media":14721,"comment_status":"closed","ping_status":"closed","sticky":false,"template":"","format":"standard","meta":{"footnotes":""},"categories":[1],"tags":[],"class_list":["post-14720","post","type-post","status-publish","format-standard","has-post-thumbnail","hentry","category-wpisy","clearfix"],"_links":{"self":[{"href":"https:\/\/www.labunie.com.pl\/index.php?rest_route=\/wp\/v2\/posts\/14720","targetHints":{"allow":["GET"]}}],"collection":[{"href":"https:\/\/www.labunie.com.pl\/index.php?rest_route=\/wp\/v2\/posts"}],"about":[{"href":"https:\/\/www.labunie.com.pl\/index.php?rest_route=\/wp\/v2\/types\/post"}],"author":[{"embeddable":true,"href":"https:\/\/www.labunie.com.pl\/index.php?rest_route=\/wp\/v2\/users\/11"}],"replies":[{"embeddable":true,"href":"https:\/\/www.labunie.com.pl\/index.php?rest_route=%2Fwp%2Fv2%2Fcomments&post=14720"}],"version-history":[{"count":2,"href":"https:\/\/www.labunie.com.pl\/index.php?rest_route=\/wp\/v2\/posts\/14720\/revisions"}],"predecessor-version":[{"id":14723,"href":"https:\/\/www.labunie.com.pl\/index.php?rest_route=\/wp\/v2\/posts\/14720\/revisions\/14723"}],"wp:featuredmedia":[{"embeddable":true,"href":"https:\/\/www.labunie.com.pl\/index.php?rest_route=\/wp\/v2\/media\/14721"}],"wp:attachment":[{"href":"https:\/\/www.labunie.com.pl\/index.php?rest_route=%2Fwp%2Fv2%2Fmedia&parent=14720"}],"wp:term":[{"taxonomy":"category","embeddable":true,"href":"https:\/\/www.labunie.com.pl\/index.php?rest_route=%2Fwp%2Fv2%2Fcategories&post=14720"},{"taxonomy":"post_tag","embeddable":true,"href":"https:\/\/www.labunie.com.pl\/index.php?rest_route=%2Fwp%2Fv2%2Ftags&post=14720"}],"curies":[{"name":"wp","href":"https:\/\/api.w.org\/{rel}","templated":true}]}}