{"id":14708,"date":"2019-09-23T14:24:54","date_gmt":"2019-09-23T12:24:54","guid":{"rendered":"https:\/\/www.labunie.com.pl\/?p=14708"},"modified":"2019-09-23T14:24:54","modified_gmt":"2019-09-23T12:24:54","slug":"urodzinowe-100-lat-dla-choru-konsonans","status":"publish","type":"post","link":"https:\/\/www.labunie.com.pl\/?p=14708","title":{"rendered":"Urodzinowe 100 lat dla Ch\u00f3ru Konsonans"},"content":{"rendered":"\n<p><strong>W kaplicy si\u00f3str Franciszkanek Misjonarek Maryi, w zespole pa\u0142acowo-parkowym w \u0141abuniach roznosi\u0142o si\u0119 muzyczne echo nostalgii, patriotyzmu, by\u0142a podr\u00f3\u017c na afryka\u0144sk\u0105 sawann\u0119 i pie\u015b\u0144 o gminie \u0141abunie. Jak przysta\u0142o na urodziny &#8211; by\u0142 tort i g\u0142o\u015bne 100 lat. Tak  \u0142abu\u0144ski ch\u00f3r Konsonans w sobot\u0119, 21 wrze\u015bnia \u015bwi\u0119towa\u0142 swoje pi\u0105te urodziny. <\/strong><\/p>\n\n\n\n<!--more-->\n\n\n\n<div style=\"height:29px\" aria-hidden=\"true\" class=\"wp-block-spacer\"><\/div>\n\n\n\n<p>Z okazji swojego jubileuszu ch\u00f3r Konsonans pod dyrekcj\u0105 Agnieszki Brylewicz da\u0142 koncert, na kt\u00f3rym mo\u017cna by\u0142o us\u0142ysze\u0107 m. in. pie\u015bni patriotyczne i religijne. Wykonywali je nie tylko solenizanci, ale r\u00f3wnie\u017c zaproszony na jubileusz ch\u00f3r Tarna Vox z Tarnawatki pod dyrekcj\u0105 Wies\u0142awy Grabek-Wo\u015b. Od godziny 17.00 w kaplicy si\u00f3str Franciszkanek w \u0141abuniach rozbrzmiewa\u0142y takie pie\u015bni, jak m.in. Stabat Mater (kompozycja: J\u00f3zef Przytu\u0142a do s\u0142\u00f3w Teofila Lenartowicza), Kwiaty Mojej Ziemi (pogodna pie\u015b\u0144 o gminie \u0141abunie, do kt\u00f3rej muzyk\u0119 napisali Pa\u0144stwo Wies\u0142awa i Ryszard Badachowie, aran\u017cacja &#8211; J\u00f3zef Przytu\u0142a), Ave Maria (kompozycja: J\u00f3zef Przytu\u0142a), \u015anie\u017cna Madonna (kompozytor: Domenico De Marzi, s\u0142owa: Krzysztof Konopa), \u015awiat ca\u0142y \u015bpi spokojnie (kompozytor anonimowy), Pie\u015b\u0144 Powsta\u0144c\u00f3w z 1863 r. (kompozytor anonimowy) oraz Siyahamba &#8211; hymn religijny z Po\u0142udniowej Afryki. Histori\u0119 ch\u00f3ru przedstawi\u0142a Teresa Zwolan &#8211; by\u0142y cz\u0142onek ch\u00f3ru Konsonans. <\/p>\n\n\n\n<p>Po koncercie uroczysto\u015bci przenios\u0142y si\u0119 do Domu Kultury w \u0141abuniach, gdzie W\u00f3jt gminy \u0141abunie &#8211; Mariusz Kukie\u0142ka oraz przewodnicz\u0105ca Rady Gminy \u0141abunie &#8211; El\u017cbieta Ku\u017ama wr\u0119czyli ch\u00f3rzystom pami\u0105tkowe statuetki ufundowane przez W\u00f3jta gminy, radnych i so\u0142tys\u00f3w. Ch\u00f3r otrzyma\u0142 r\u00f3wnie\u017c ufundowane przez W\u00f3jta p\u0142yty z nagranymi kol\u0119dami. Ich autorem jest oczywi\u015bcie ch\u00f3r Konsonans. By\u0142 te\u017c urodzinowy tort i sto lat zagrane przez zesp\u00f3\u0142 Grze\u015bki z Ruszowa. <\/p>\n\n\n\n<p>Udzia\u0142 w jubileuszu brali &#8211; opr\u00f3cz ch\u00f3ru Konsonans pod dyrekcj\u0105 Agnieszki Brylewicz &#8211; zaprzyja\u017aniony ch\u00f3r Tarna Vox z Tarnawatki pod dyrekcj\u0105 Wies\u0142awy Grabek-Wo\u015b, W\u00f3jt Gminy \u0141abunie &#8211; Mariusz Kukie\u0142ka, Przewodnicz\u0105ca Rady Gminy \u0141abunie &#8211; El\u017cbieta Ku\u017ama, z-ca Przewodnicz\u0105cego Rady Gminy &#8211; Mariusz Kliza oraz pozostali radni, so\u0142tysi, przedstawiciele gminnych jednostek organizacyjnych, Stowarzysze\u0144 i K\u00f3\u0142 Gospody\u0144 Wiejskich a tak\u017ce przyjaciele ch\u00f3ru: wspomniany ch\u00f3r Tarna Vox, Pa\u0144stwo Wies\u0142awa Badach ( nauczyciel, pedagog, wychowawca, emerytowany  nauczyciel MDK w Zamo\u015bciu, animator kultury, m.in.: wieloletni juror  konkurs\u00f3w wokalnych i muzycznych dla dzieci i m\u0142odzie\u017cy), Ryszard Badach (nauczyciel muzyki, kompozytor, autor \u015bpiewnika  &#8220;Piosenki o Zamo\u015bciu i Zamojszczy\u017anie\u201d), Marian Gumiela &#8211; dyrygent ch\u00f3ru Tomaszowiacy z Tomaszowa Lubelskiego i byli cz\u0142onkowie ch\u00f3ru Konsonans. <\/p>\n\n\n\n<p>W\u00f3jt Gminy \u0141abunie sk\u0142ada podzi\u0119kowania Ko\u0142om Gospody\u0144 Wiejskich za przygotowanie pocz\u0119stunku na jubileuszowe uroczysto\u015bci ch\u00f3ru Konsonans. <\/p>\n\n\n\n<div style=\"height:20px\" aria-hidden=\"true\" class=\"wp-block-spacer\"><\/div>\n\n\n<p>[lg_folder folder=&#8221;2019-09-21\/&#8221; paging=&#8221;false&#8221;]<\/p>\n\n\n<p><br><\/p>\n","protected":false},"excerpt":{"rendered":"<p>W kaplicy si\u00f3str Franciszkanek Misjonarek Maryi, w zespole pa\u0142acowo-parkowym w \u0141abuniach roznosi\u0142o si\u0119 muzyczne echo nostalgii, patriotyzmu, by\u0142a podr\u00f3\u017c na afryka\u0144sk\u0105 sawann\u0119 i pie\u015b\u0144 o gminie \u0141abunie. Jak przysta\u0142o na urodziny &#8211; by\u0142 tort i g\u0142o\u015bne 100 lat. Tak \u0142abu\u0144ski ch\u00f3r Konsonans w sobot\u0119, 21 wrze\u015bnia \u015bwi\u0119towa\u0142 swoje pi\u0105te urodziny.<\/p>\n","protected":false},"author":11,"featured_media":14717,"comment_status":"closed","ping_status":"closed","sticky":false,"template":"","format":"standard","meta":{"footnotes":""},"categories":[1],"tags":[],"class_list":["post-14708","post","type-post","status-publish","format-standard","has-post-thumbnail","hentry","category-wpisy","clearfix"],"_links":{"self":[{"href":"https:\/\/www.labunie.com.pl\/index.php?rest_route=\/wp\/v2\/posts\/14708","targetHints":{"allow":["GET"]}}],"collection":[{"href":"https:\/\/www.labunie.com.pl\/index.php?rest_route=\/wp\/v2\/posts"}],"about":[{"href":"https:\/\/www.labunie.com.pl\/index.php?rest_route=\/wp\/v2\/types\/post"}],"author":[{"embeddable":true,"href":"https:\/\/www.labunie.com.pl\/index.php?rest_route=\/wp\/v2\/users\/11"}],"replies":[{"embeddable":true,"href":"https:\/\/www.labunie.com.pl\/index.php?rest_route=%2Fwp%2Fv2%2Fcomments&post=14708"}],"version-history":[{"count":5,"href":"https:\/\/www.labunie.com.pl\/index.php?rest_route=\/wp\/v2\/posts\/14708\/revisions"}],"predecessor-version":[{"id":14719,"href":"https:\/\/www.labunie.com.pl\/index.php?rest_route=\/wp\/v2\/posts\/14708\/revisions\/14719"}],"wp:featuredmedia":[{"embeddable":true,"href":"https:\/\/www.labunie.com.pl\/index.php?rest_route=\/wp\/v2\/media\/14717"}],"wp:attachment":[{"href":"https:\/\/www.labunie.com.pl\/index.php?rest_route=%2Fwp%2Fv2%2Fmedia&parent=14708"}],"wp:term":[{"taxonomy":"category","embeddable":true,"href":"https:\/\/www.labunie.com.pl\/index.php?rest_route=%2Fwp%2Fv2%2Fcategories&post=14708"},{"taxonomy":"post_tag","embeddable":true,"href":"https:\/\/www.labunie.com.pl\/index.php?rest_route=%2Fwp%2Fv2%2Ftags&post=14708"}],"curies":[{"name":"wp","href":"https:\/\/api.w.org\/{rel}","templated":true}]}}