{"id":14690,"date":"2019-09-20T10:45:11","date_gmt":"2019-09-20T08:45:11","guid":{"rendered":"https:\/\/www.labunie.com.pl\/?p=14690"},"modified":"2019-09-20T10:45:11","modified_gmt":"2019-09-20T08:45:11","slug":"izba-pamieci-w-labuniach-zaproszenie-na-uroczystosci","status":"publish","type":"post","link":"https:\/\/www.labunie.com.pl\/?p=14690","title":{"rendered":"Izba Pami\u0119ci w \u0141abuniach &#8211; zaproszenie na uroczysto\u015bci"},"content":{"rendered":"\n<p><strong>Po\u015bwi\u0119cenie Izby Pami\u0119ci b\u0142. Stanis\u0142awa Starowieyskiego odb\u0119dzie si\u0119 w \u0141abuniach. Uroczysto\u015bci zaplanowano na poniedzia\u0142ek, 23 wrze\u015bnia. Msza pod przewodnictwem ks. bp. Mariusza Leszczy\u0144skiego rozpocznie si\u0119 o godz. 10.30 w klasztorze Si\u00f3str FMM przy ul. Parkowej 33 w \u0141abuniach. Po nabo\u017ce\u0144stwie odb\u0119dzie si\u0119 po\u015bwi\u0119cenie Izby Pami\u0119ci.<\/strong><\/p>\n\n\n\n<!--more-->\n\n\n\n<div style=\"height:81px\" aria-hidden=\"true\" class=\"wp-block-spacer\"><\/div>\n\n\n\n<p>Przypomnijmy &#8211; Izba Pami\u0119ci b\u0142 Stanis\u0142awa Starowieyskiego zosta\u0142a utworzona dzi\u0119ki dofinansowaniu unijnemu, pozyskanemu przez gmin\u0119 \u0141abunie.  Inicjatork\u0105 powstania Izby jest siostra Irena Murawska FMM.  Jak ju\u017c pisali\u015bmy na \u0142amach gminnego kwartalnika &#8220;U \u0179r\u00f3d\u0142a&#8221; oraz na stronie internetowej gminy, nowe miejsce do zwiedzania znajduje si\u0119 na terenie Zespo\u0142u Pa\u0142acowo-Parkowego w \u0141abuniach. Osoby odwiedzaj\u0105cy to miejsce obejrz\u0105 eksponaty, zdj\u0119cia i dokumenty historyczne w trzech pomieszczeniach. \u00a0Pierwsze zosta\u0142o po\u015bwi\u0119cone\u00a0Janowi Jakubowi Zamoyskiemu \u2013 budowniczemu \u00a0pa\u0142acu, historii obecno\u015bci Zgromadzenia Si\u00f3str Franciszkanek Misjonarek Maryi\u00a0oraz rodzinie Szeptyckich, z kt\u00f3rej wywodzi si\u0119 ma\u0142\u017conka S. Starowieyskiego. Drugie pomieszczenie to gabinet Stanis\u0142awa Starowieyskiego utrzymany w stylistyce lat 30 XX wieku. Trzecie pomieszczenie ukazuje dzia\u0142alno\u015b\u0107 Starowieyskiego w Akcji Katolickiej, jego m\u0119cze\u0144sk\u0105 \u015bmier\u0107 w obozie koncentracyjnym w Dachau i dokumentacj\u0119 zdj\u0119ciow\u0105 z wprowadzenia relikwii. <\/p>\n\n\n\n<p>Zapraszamy do zwiedzania. <br><\/p>\n\n\n\n<div style=\"height:20px\" aria-hidden=\"true\" class=\"wp-block-spacer\"><\/div>\n\n\n\n<ul class=\"wp-block-gallery columns-3 is-cropped wp-block-gallery-1 is-layout-flex wp-block-gallery-is-layout-flex\"><li class=\"blocks-gallery-item\"><figure><a href=\"https:\/\/www.labunie.com.pl\/wp-content\/uploads\/2019\/09\/Image00001-12-1024x768.jpg\" data-rel=\"lightbox-gallery-2cq9HXWn\" data-rl_title=\"\" data-rl_caption=\"\" title=\"\"><img loading=\"lazy\" decoding=\"async\" width=\"1024\" height=\"768\" src=\"https:\/\/www.labunie.com.pl\/wp-content\/uploads\/2019\/09\/Image00001-12-1024x768.jpg\" alt=\"\" data-id=\"14693\" data-link=\"https:\/\/www.labunie.com.pl\/?attachment_id=14693\" class=\"wp-image-14693\" srcset=\"https:\/\/www.labunie.com.pl\/wp-content\/uploads\/2019\/09\/Image00001-12-1024x768.jpg 1024w, https:\/\/www.labunie.com.pl\/wp-content\/uploads\/2019\/09\/Image00001-12-300x225.jpg 300w, https:\/\/www.labunie.com.pl\/wp-content\/uploads\/2019\/09\/Image00001-12-768x576.jpg 768w, https:\/\/www.labunie.com.pl\/wp-content\/uploads\/2019\/09\/Image00001-12.jpg 2000w\" sizes=\"auto, (max-width: 1024px) 100vw, 1024px\" \/><\/a><\/figure><\/li><li class=\"blocks-gallery-item\"><figure><a href=\"https:\/\/www.labunie.com.pl\/wp-content\/uploads\/2019\/09\/Image00002-1-1024x768.jpg\" data-rel=\"lightbox-gallery-2cq9HXWn\" data-rl_title=\"\" data-rl_caption=\"\" title=\"\"><img loading=\"lazy\" decoding=\"async\" width=\"1024\" height=\"768\" src=\"https:\/\/www.labunie.com.pl\/wp-content\/uploads\/2019\/09\/Image00002-1-1024x768.jpg\" alt=\"\" data-id=\"14694\" data-link=\"https:\/\/www.labunie.com.pl\/?attachment_id=14694\" class=\"wp-image-14694\" srcset=\"https:\/\/www.labunie.com.pl\/wp-content\/uploads\/2019\/09\/Image00002-1-1024x768.jpg 1024w, https:\/\/www.labunie.com.pl\/wp-content\/uploads\/2019\/09\/Image00002-1-300x225.jpg 300w, https:\/\/www.labunie.com.pl\/wp-content\/uploads\/2019\/09\/Image00002-1-768x576.jpg 768w, https:\/\/www.labunie.com.pl\/wp-content\/uploads\/2019\/09\/Image00002-1.jpg 2000w\" sizes=\"auto, (max-width: 1024px) 100vw, 1024px\" \/><\/a><\/figure><\/li><li class=\"blocks-gallery-item\"><figure><a href=\"https:\/\/www.labunie.com.pl\/wp-content\/uploads\/2019\/09\/Image00003-1024x768.jpg\" data-rel=\"lightbox-gallery-2cq9HXWn\" data-rl_title=\"\" data-rl_caption=\"\" title=\"\"><img loading=\"lazy\" decoding=\"async\" width=\"1024\" height=\"768\" src=\"https:\/\/www.labunie.com.pl\/wp-content\/uploads\/2019\/09\/Image00003-1024x768.jpg\" alt=\"\" data-id=\"14695\" data-link=\"https:\/\/www.labunie.com.pl\/?attachment_id=14695\" class=\"wp-image-14695\" srcset=\"https:\/\/www.labunie.com.pl\/wp-content\/uploads\/2019\/09\/Image00003-1024x768.jpg 1024w, https:\/\/www.labunie.com.pl\/wp-content\/uploads\/2019\/09\/Image00003-300x225.jpg 300w, https:\/\/www.labunie.com.pl\/wp-content\/uploads\/2019\/09\/Image00003-768x576.jpg 768w, https:\/\/www.labunie.com.pl\/wp-content\/uploads\/2019\/09\/Image00003.jpg 2000w\" sizes=\"auto, (max-width: 1024px) 100vw, 1024px\" \/><\/a><\/figure><\/li><li class=\"blocks-gallery-item\"><figure><a href=\"https:\/\/www.labunie.com.pl\/wp-content\/uploads\/2019\/09\/Image00004-1024x768.jpg\" data-rel=\"lightbox-gallery-2cq9HXWn\" data-rl_title=\"\" data-rl_caption=\"\" title=\"\"><img loading=\"lazy\" decoding=\"async\" width=\"1024\" height=\"768\" src=\"https:\/\/www.labunie.com.pl\/wp-content\/uploads\/2019\/09\/Image00004-1024x768.jpg\" alt=\"\" data-id=\"14696\" data-link=\"https:\/\/www.labunie.com.pl\/?attachment_id=14696\" class=\"wp-image-14696\" srcset=\"https:\/\/www.labunie.com.pl\/wp-content\/uploads\/2019\/09\/Image00004-1024x768.jpg 1024w, https:\/\/www.labunie.com.pl\/wp-content\/uploads\/2019\/09\/Image00004-300x225.jpg 300w, https:\/\/www.labunie.com.pl\/wp-content\/uploads\/2019\/09\/Image00004-768x576.jpg 768w, https:\/\/www.labunie.com.pl\/wp-content\/uploads\/2019\/09\/Image00004.jpg 2000w\" sizes=\"auto, (max-width: 1024px) 100vw, 1024px\" \/><\/a><\/figure><\/li><li class=\"blocks-gallery-item\"><figure><a href=\"https:\/\/www.labunie.com.pl\/wp-content\/uploads\/2019\/09\/Image00005-1024x768.jpg\" data-rel=\"lightbox-gallery-2cq9HXWn\" data-rl_title=\"\" data-rl_caption=\"\" title=\"\"><img loading=\"lazy\" decoding=\"async\" width=\"1024\" height=\"768\" src=\"https:\/\/www.labunie.com.pl\/wp-content\/uploads\/2019\/09\/Image00005-1024x768.jpg\" alt=\"\" data-id=\"14697\" data-link=\"https:\/\/www.labunie.com.pl\/?attachment_id=14697\" class=\"wp-image-14697\" srcset=\"https:\/\/www.labunie.com.pl\/wp-content\/uploads\/2019\/09\/Image00005-1024x768.jpg 1024w, https:\/\/www.labunie.com.pl\/wp-content\/uploads\/2019\/09\/Image00005-300x225.jpg 300w, https:\/\/www.labunie.com.pl\/wp-content\/uploads\/2019\/09\/Image00005-768x576.jpg 768w, https:\/\/www.labunie.com.pl\/wp-content\/uploads\/2019\/09\/Image00005.jpg 2000w\" sizes=\"auto, (max-width: 1024px) 100vw, 1024px\" \/><\/a><\/figure><\/li><\/ul>\n\n\n\n<p><br><\/p>\n","protected":false},"excerpt":{"rendered":"<p>Po\u015bwi\u0119cenie Izby Pami\u0119ci b\u0142. Stanis\u0142awa Starowieyskiego odb\u0119dzie si\u0119 w \u0141abuniach. Uroczysto\u015bci zaplanowano na poniedzia\u0142ek, 23 wrze\u015bnia. Msza pod przewodnictwem ks. bp. Mariusza Leszczy\u0144skiego rozpocznie si\u0119 o godz. 10.30 w klasztorze Si\u00f3str FMM przy ul. Parkowej 33 w \u0141abuniach. Po nabo\u017ce\u0144stwie odb\u0119dzie si\u0119 po\u015bwi\u0119cenie Izby Pami\u0119ci.<\/p>\n","protected":false},"author":11,"featured_media":14691,"comment_status":"closed","ping_status":"closed","sticky":false,"template":"","format":"standard","meta":{"footnotes":""},"categories":[1],"tags":[],"class_list":["post-14690","post","type-post","status-publish","format-standard","has-post-thumbnail","hentry","category-wpisy","clearfix"],"_links":{"self":[{"href":"https:\/\/www.labunie.com.pl\/index.php?rest_route=\/wp\/v2\/posts\/14690","targetHints":{"allow":["GET"]}}],"collection":[{"href":"https:\/\/www.labunie.com.pl\/index.php?rest_route=\/wp\/v2\/posts"}],"about":[{"href":"https:\/\/www.labunie.com.pl\/index.php?rest_route=\/wp\/v2\/types\/post"}],"author":[{"embeddable":true,"href":"https:\/\/www.labunie.com.pl\/index.php?rest_route=\/wp\/v2\/users\/11"}],"replies":[{"embeddable":true,"href":"https:\/\/www.labunie.com.pl\/index.php?rest_route=%2Fwp%2Fv2%2Fcomments&post=14690"}],"version-history":[{"count":4,"href":"https:\/\/www.labunie.com.pl\/index.php?rest_route=\/wp\/v2\/posts\/14690\/revisions"}],"predecessor-version":[{"id":14700,"href":"https:\/\/www.labunie.com.pl\/index.php?rest_route=\/wp\/v2\/posts\/14690\/revisions\/14700"}],"wp:featuredmedia":[{"embeddable":true,"href":"https:\/\/www.labunie.com.pl\/index.php?rest_route=\/wp\/v2\/media\/14691"}],"wp:attachment":[{"href":"https:\/\/www.labunie.com.pl\/index.php?rest_route=%2Fwp%2Fv2%2Fmedia&parent=14690"}],"wp:term":[{"taxonomy":"category","embeddable":true,"href":"https:\/\/www.labunie.com.pl\/index.php?rest_route=%2Fwp%2Fv2%2Fcategories&post=14690"},{"taxonomy":"post_tag","embeddable":true,"href":"https:\/\/www.labunie.com.pl\/index.php?rest_route=%2Fwp%2Fv2%2Ftags&post=14690"}],"curies":[{"name":"wp","href":"https:\/\/api.w.org\/{rel}","templated":true}]}}