{"id":14651,"date":"2019-09-17T08:46:10","date_gmt":"2019-09-17T06:46:10","guid":{"rendered":"https:\/\/www.labunie.com.pl\/?p=14651"},"modified":"2019-09-18T14:11:04","modified_gmt":"2019-09-18T12:11:04","slug":"chor-konsonans-z-labun-5-lat-zaproszenie-na-urodzinowy-koncert","status":"publish","type":"post","link":"https:\/\/www.labunie.com.pl\/?p=14651","title":{"rendered":"Ch\u00f3r Konsonans z \u0141abu\u0144 ma 5 lat &#8211; zaproszenie na urodzinowy koncert"},"content":{"rendered":"\n<p><strong>Ch\u00f3r Konsonans z gminy \u0141abunie obchodzi w tym roku 5-lecie istnienia. Z tej okazji zaprasza na koncert  z okazji Jubileuszu. Koncert 21 wrze\u015bnia w kaplicy Si\u00f3str Franciszkanek. Wst\u0119p wolny. Szczeg\u00f3\u0142y na plakacie. <\/strong><\/p>\n\n\n\n<p><strong>O historii powstania ch\u00f3ru, o tym jak dzia\u0142a, jakie ma sukcesy wi\u0119cej b\u0119dzie mo\u017cna dowiedzie\u0107 si\u0119 w gminnym kwartalniku &#8220;U \u0179r\u00f3d\u0142a&#8221;, kt\u00f3ry uka\u017ce si\u0119 na pocz\u0105tku pa\u017adziernika.<\/strong><\/p>\n\n\n\n<div style=\"height:28px\" aria-hidden=\"true\" class=\"wp-block-spacer\"><\/div>\n\n\n\n<!--more-->\n\n\n\n<div style=\"height:35px\" aria-hidden=\"true\" class=\"wp-block-spacer\"><\/div>\n\n\n\n<figure class=\"wp-block-image\"><img loading=\"lazy\" decoding=\"async\" width=\"724\" height=\"1024\" src=\"https:\/\/www.labunie.com.pl\/wp-content\/uploads\/2019\/09\/na-stron\u0119-724x1024.jpg\" alt=\"\" class=\"wp-image-14652\" srcset=\"https:\/\/www.labunie.com.pl\/wp-content\/uploads\/2019\/09\/na-stron\u0119-724x1024.jpg 724w, https:\/\/www.labunie.com.pl\/wp-content\/uploads\/2019\/09\/na-stron\u0119-212x300.jpg 212w, https:\/\/www.labunie.com.pl\/wp-content\/uploads\/2019\/09\/na-stron\u0119-768x1086.jpg 768w, https:\/\/www.labunie.com.pl\/wp-content\/uploads\/2019\/09\/na-stron\u0119.jpg 1061w\" sizes=\"auto, (max-width: 724px) 100vw, 724px\" \/><\/figure>\n\n\n\n<p><br><\/p>\n","protected":false},"excerpt":{"rendered":"<p>Ch\u00f3r Konsonans z gminy \u0141abunie obchodzi w tym roku 5-lecie istnienia. Z tej okazji zaprasza na koncert z okazji Jubileuszu. Koncert 21 wrze\u015bnia w kaplicy Si\u00f3str Franciszkanek. Wst\u0119p wolny. Szczeg\u00f3\u0142y na plakacie. O historii powstania ch\u00f3ru, o tym jak dzia\u0142a, jakie ma sukcesy wi\u0119cej b\u0119dzie mo\u017cna dowiedzie\u0107 si\u0119 w gminnym kwartalniku &#8220;U \u0179r\u00f3d\u0142a&#8221;, kt\u00f3ry uka\u017ce [&hellip;]<\/p>\n","protected":false},"author":11,"featured_media":14653,"comment_status":"closed","ping_status":"closed","sticky":false,"template":"","format":"standard","meta":{"footnotes":""},"categories":[1],"tags":[],"class_list":["post-14651","post","type-post","status-publish","format-standard","has-post-thumbnail","hentry","category-wpisy","clearfix"],"_links":{"self":[{"href":"https:\/\/www.labunie.com.pl\/index.php?rest_route=\/wp\/v2\/posts\/14651","targetHints":{"allow":["GET"]}}],"collection":[{"href":"https:\/\/www.labunie.com.pl\/index.php?rest_route=\/wp\/v2\/posts"}],"about":[{"href":"https:\/\/www.labunie.com.pl\/index.php?rest_route=\/wp\/v2\/types\/post"}],"author":[{"embeddable":true,"href":"https:\/\/www.labunie.com.pl\/index.php?rest_route=\/wp\/v2\/users\/11"}],"replies":[{"embeddable":true,"href":"https:\/\/www.labunie.com.pl\/index.php?rest_route=%2Fwp%2Fv2%2Fcomments&post=14651"}],"version-history":[{"count":5,"href":"https:\/\/www.labunie.com.pl\/index.php?rest_route=\/wp\/v2\/posts\/14651\/revisions"}],"predecessor-version":[{"id":14680,"href":"https:\/\/www.labunie.com.pl\/index.php?rest_route=\/wp\/v2\/posts\/14651\/revisions\/14680"}],"wp:featuredmedia":[{"embeddable":true,"href":"https:\/\/www.labunie.com.pl\/index.php?rest_route=\/wp\/v2\/media\/14653"}],"wp:attachment":[{"href":"https:\/\/www.labunie.com.pl\/index.php?rest_route=%2Fwp%2Fv2%2Fmedia&parent=14651"}],"wp:term":[{"taxonomy":"category","embeddable":true,"href":"https:\/\/www.labunie.com.pl\/index.php?rest_route=%2Fwp%2Fv2%2Fcategories&post=14651"},{"taxonomy":"post_tag","embeddable":true,"href":"https:\/\/www.labunie.com.pl\/index.php?rest_route=%2Fwp%2Fv2%2Ftags&post=14651"}],"curies":[{"name":"wp","href":"https:\/\/api.w.org\/{rel}","templated":true}]}}