{"id":14589,"date":"2019-09-12T08:13:42","date_gmt":"2019-09-12T06:13:42","guid":{"rendered":"https:\/\/www.labunie.com.pl\/?p=14589"},"modified":"2019-09-12T08:14:21","modified_gmt":"2019-09-12T06:14:21","slug":"narodowe-czytanie-2019","status":"publish","type":"post","link":"https:\/\/www.labunie.com.pl\/?p=14589","title":{"rendered":"Narodowe Czytanie 2019"},"content":{"rendered":"\n<p><strong>Osiem lektur na \u00f3sme Narodowe Czytanie <\/strong><\/p>\n\n\n\n<!--more-->\n\n\n\n<div style=\"height:104px\" aria-hidden=\"true\" class=\"wp-block-spacer\"><\/div>\n\n\n\n<ol class=\"wp-block-list\"><li><em>Dobra pani&nbsp;<\/em>\u2013 Eliza Orzeszkowa;<\/li><li><em>Dym&nbsp;<\/em>\u2013 Maria Konopnicka<\/li><li><em>Katarynka&nbsp;<\/em>\u2013 Boles\u0142aw Prus<\/li><li><em>M\u00f3j ojciec wst\u0119puje do stra\u017cak\u00f3w<\/em>&nbsp;(ze zbioru:&nbsp;<em>Sanatorium pod Klepsydr\u0105<\/em>) \u2013 Bruno Schulz<\/li><li><em>Orka<\/em>&nbsp;\u2013 W\u0142adys\u0142aw Stanis\u0142aw Reymont<\/li><li><em>Rozdzi\u00f3bi\u0105 nas kruki, wrony\u2026&nbsp;<\/em>\u2013 Stefan \u017beromski<\/li><li><em>Sachem<\/em>&nbsp;\u2013 Henryk Sienkiewicz<\/li><li><em>Sawa<\/em>&nbsp;(z cyklu:&nbsp;<em>Pami\u0105tki Soplicy<\/em>) \u2013 Henryk Rzewuski<\/li><\/ol>\n\n\n\n<p>W sobot\u0119, 7 wrze\u015bnia w \u0141abuniach w Ogrodzie \u201ePawie Pi\u00f3ro\u201d przy bibliotece  czytali\u015bmy zaproponowane teksty nowel. Pogoda dopisa\u0142a \u2013 nieco gorzej  by\u0142o z frekwencj\u0105. Wys\u0142uchali\u015bmy ca\u0142ych nowel, jak i wybranych  fragment\u00f3w. W\u015br\u00f3d czytaj\u0105cych by\u0142 w\u00f3jt Mariusz Kukie\u0142ka, siostra Irena  Murawska FMM, pracownicy biblioteki oraz m\u0142odzie\u017c, kt\u00f3rej szczeg\u00f3lnie  dzi\u0119kujemy za obecno\u015b\u0107 i odwag\u0119 publicznego czytania.<\/p>\n\n\n\n<p>\u0179r\u00f3d\u0142o: Biblioteka Publiczna Gminy \u0141abunie<\/p>\n\n\n\n<div style=\"height:28px\" aria-hidden=\"true\" class=\"wp-block-spacer\"><\/div>\n\n\n<p>[lg_folder folder=&#8221;20190907\/&#8221; paging=&#8221;false&#8221;]<\/p>\n<p>Fot. Piotr Piela<\/p>","protected":false},"excerpt":{"rendered":"<p>Osiem lektur na \u00f3sme Narodowe Czytanie<\/p>\n","protected":false},"author":11,"featured_media":14590,"comment_status":"closed","ping_status":"closed","sticky":false,"template":"","format":"standard","meta":{"footnotes":""},"categories":[1],"tags":[],"class_list":["post-14589","post","type-post","status-publish","format-standard","has-post-thumbnail","hentry","category-wpisy","clearfix"],"_links":{"self":[{"href":"https:\/\/www.labunie.com.pl\/index.php?rest_route=\/wp\/v2\/posts\/14589","targetHints":{"allow":["GET"]}}],"collection":[{"href":"https:\/\/www.labunie.com.pl\/index.php?rest_route=\/wp\/v2\/posts"}],"about":[{"href":"https:\/\/www.labunie.com.pl\/index.php?rest_route=\/wp\/v2\/types\/post"}],"author":[{"embeddable":true,"href":"https:\/\/www.labunie.com.pl\/index.php?rest_route=\/wp\/v2\/users\/11"}],"replies":[{"embeddable":true,"href":"https:\/\/www.labunie.com.pl\/index.php?rest_route=%2Fwp%2Fv2%2Fcomments&post=14589"}],"version-history":[{"count":5,"href":"https:\/\/www.labunie.com.pl\/index.php?rest_route=\/wp\/v2\/posts\/14589\/revisions"}],"predecessor-version":[{"id":14597,"href":"https:\/\/www.labunie.com.pl\/index.php?rest_route=\/wp\/v2\/posts\/14589\/revisions\/14597"}],"wp:featuredmedia":[{"embeddable":true,"href":"https:\/\/www.labunie.com.pl\/index.php?rest_route=\/wp\/v2\/media\/14590"}],"wp:attachment":[{"href":"https:\/\/www.labunie.com.pl\/index.php?rest_route=%2Fwp%2Fv2%2Fmedia&parent=14589"}],"wp:term":[{"taxonomy":"category","embeddable":true,"href":"https:\/\/www.labunie.com.pl\/index.php?rest_route=%2Fwp%2Fv2%2Fcategories&post=14589"},{"taxonomy":"post_tag","embeddable":true,"href":"https:\/\/www.labunie.com.pl\/index.php?rest_route=%2Fwp%2Fv2%2Ftags&post=14589"}],"curies":[{"name":"wp","href":"https:\/\/api.w.org\/{rel}","templated":true}]}}