{"id":14547,"date":"2019-09-09T13:20:18","date_gmt":"2019-09-09T11:20:18","guid":{"rendered":"https:\/\/www.labunie.com.pl\/?p=14547"},"modified":"2019-09-09T13:21:20","modified_gmt":"2019-09-09T11:21:20","slug":"solectwo-mocowka-na-dozynkach-wojewodzkich","status":"publish","type":"post","link":"https:\/\/www.labunie.com.pl\/?p=14547","title":{"rendered":"So\u0142ectwo Moc\u00f3wka na do\u017cynkach wojew\u00f3dzkich"},"content":{"rendered":"\n<p><strong>So\u0142ectwo Moc\u00f3wka reprezentowa\u0142o gmin\u0119 \u0141abunie na Do\u017cynkach Wojew\u00f3dzkich, kt\u00f3re odby\u0142y si\u0119 w niedziel\u0119, 8 wrze\u015bnia w Radawcu Du\u017cym pod Lublinem. <\/strong><\/p>\n\n\n\n<!--more-->\n\n\n\n<div style=\"height:94px\" aria-hidden=\"true\" class=\"wp-block-spacer\"><\/div>\n\n\n\n<p>So\u0142ectwo Moc\u00f3wka reprezentowa\u0142o na tym wydarzeniu nie tylko nasz\u0105 gmin\u0119, ale r\u00f3wnie\u017c ca\u0142y powiat zamojski. By\u0142o to mo\u017cliwe dzi\u0119ki zaj\u0119ciu I miejsca w kategorii wieniec wsp\u00f3\u0142czesny na Do\u017cynkach Powiatowo-Gminnych, kt\u00f3re odby\u0142y si\u0119 18 sierpnia w Zamo\u015bciu.  Moc\u00f3wka na Do\u017cynkach Wojew\u00f3dzkich reprezentowa\u0142a powiat zamojski razem z Ko\u0142em Gospody\u0144 Wiejskich w Krasnem, kt\u00f3re z kolei zaj\u0119\u0142o I miejsce w kat. wieniec tradycyjny na Do\u017cynkach Powiatowo-Gminnych. <\/p>\n\n\n\n<p>O tytu\u0142 najpi\u0119kniejszego wie\u0144ca do\u017cynkowego walczy\u0142y 42 wie\u0144ce, kt\u00f3re by\u0142y oceniane w dw\u00f3ch kategoriach. Kto zwyci\u0119\u017cy\u0142?<\/p>\n\n\n\n<p><strong>Kategoria wieniec tradycyjny<\/strong><\/p>\n\n\n\n<p>I miejsce \u2013 Stowarzyszenie Zagrody Razem (gm. \u017byrzyn)<\/p>\n\n\n\n<p>II miejsce \u2013 KGW Moszczanka (gm. Ryki)<\/p>\n\n\n\n<p>III miejsce &#8211; ex aequo \u2013 KGW Rzeczyca Ziemia\u0144ska (gm. Trzydnik) i KGW w Latyczowie (gm. Krasnystaw)<\/p>\n\n\n\n<p>Wyr\u00f3\u017cnienia \u2013 dla Stasina (gm. Wojciech\u00f3w) i Huty Tarnawatki (gm. Tarnawatka)<\/p>\n\n\n\n<p><strong>Kategoria wieniec wsp\u00f3\u0142czesny<\/strong><\/p>\n\n\n\n<p>I miejsce \u2013 KGW Wojszyn (gm. Janowiec)<\/p>\n\n\n\n<p>II miejsce \u2013 KGW Nabr\u00f3\u017c (gm. \u0141aszcz\u00f3w)<\/p>\n\n\n\n<p>III miejsce \u2013 KGW Bychawka (gm. Bychawa)<\/p>\n\n\n\n<p>Wyr\u00f3\u017cnienia otrzyma\u0142y: Antopol, Kluczkowice i Pilaszkowice<\/p>\n\n\n<p>[lg_folder folder=&#8221;20190908 RADAWIEC\/&#8221; paging=&#8221;false&#8221;]<\/p>\n\n\n<div style=\"height:50px\" aria-hidden=\"true\" class=\"wp-block-spacer\"><\/div>\n\n\n\n<p><br><\/p>\n","protected":false},"excerpt":{"rendered":"<p>So\u0142ectwo Moc\u00f3wka reprezentowa\u0142o gmin\u0119 \u0141abunie na Do\u017cynkach Wojew\u00f3dzkich, kt\u00f3re odby\u0142y si\u0119 w niedziel\u0119, 8 wrze\u015bnia w Radawcu Du\u017cym pod Lublinem.<\/p>\n","protected":false},"author":11,"featured_media":14548,"comment_status":"closed","ping_status":"closed","sticky":false,"template":"","format":"standard","meta":{"footnotes":""},"categories":[1],"tags":[],"class_list":["post-14547","post","type-post","status-publish","format-standard","has-post-thumbnail","hentry","category-wpisy","clearfix"],"_links":{"self":[{"href":"https:\/\/www.labunie.com.pl\/index.php?rest_route=\/wp\/v2\/posts\/14547","targetHints":{"allow":["GET"]}}],"collection":[{"href":"https:\/\/www.labunie.com.pl\/index.php?rest_route=\/wp\/v2\/posts"}],"about":[{"href":"https:\/\/www.labunie.com.pl\/index.php?rest_route=\/wp\/v2\/types\/post"}],"author":[{"embeddable":true,"href":"https:\/\/www.labunie.com.pl\/index.php?rest_route=\/wp\/v2\/users\/11"}],"replies":[{"embeddable":true,"href":"https:\/\/www.labunie.com.pl\/index.php?rest_route=%2Fwp%2Fv2%2Fcomments&post=14547"}],"version-history":[{"count":5,"href":"https:\/\/www.labunie.com.pl\/index.php?rest_route=\/wp\/v2\/posts\/14547\/revisions"}],"predecessor-version":[{"id":14554,"href":"https:\/\/www.labunie.com.pl\/index.php?rest_route=\/wp\/v2\/posts\/14547\/revisions\/14554"}],"wp:featuredmedia":[{"embeddable":true,"href":"https:\/\/www.labunie.com.pl\/index.php?rest_route=\/wp\/v2\/media\/14548"}],"wp:attachment":[{"href":"https:\/\/www.labunie.com.pl\/index.php?rest_route=%2Fwp%2Fv2%2Fmedia&parent=14547"}],"wp:term":[{"taxonomy":"category","embeddable":true,"href":"https:\/\/www.labunie.com.pl\/index.php?rest_route=%2Fwp%2Fv2%2Fcategories&post=14547"},{"taxonomy":"post_tag","embeddable":true,"href":"https:\/\/www.labunie.com.pl\/index.php?rest_route=%2Fwp%2Fv2%2Ftags&post=14547"}],"curies":[{"name":"wp","href":"https:\/\/api.w.org\/{rel}","templated":true}]}}