{"id":14469,"date":"2019-09-03T15:33:34","date_gmt":"2019-09-03T13:33:34","guid":{"rendered":"https:\/\/www.labunie.com.pl\/?p=14469"},"modified":"2019-09-03T15:34:15","modified_gmt":"2019-09-03T13:34:15","slug":"informacja-65","status":"publish","type":"post","link":"https:\/\/www.labunie.com.pl\/?p=14469","title":{"rendered":"Informacja"},"content":{"rendered":"\n<p><strong>W\u00f3jt Gminy \u0141abunie informuje, \u017ce zgodnie z kalendarzem wyborczym dla wybor\u00f3w do Sejmu Rzeczypospolitej Polskiej i do Senatu Rzeczypospolitej Polskiej zarz\u0105dzonych na dzie\u0144 13 pa\u017adziernika 2019 r., kandydat\u00f3w na cz\u0142onk\u00f3w obwodowych komisji wyborczych mo\u017cna zg\u0142asza\u0107 do 13 wrze\u015bnia 2019 r.<\/strong><\/p>\n\n\n\n<!--more-->\n\n\n\n<div style=\"height:70px\" aria-hidden=\"true\" class=\"wp-block-spacer\"><\/div>\n\n\n\n<p>Zg\u0142oszenia s\u0105 przyjmowane w Urz\u0119dzie Gminy \u0141abunie pok\u00f3j nr 3, w godzinach pracy urz\u0119du od godz. 7:00<sup> <\/sup>do godz. 15:00. <\/p>\n\n\n\n<div style=\"height:10px\" aria-hidden=\"true\" class=\"wp-block-spacer\"><\/div>\n\n\n\n<p>Zg\u0142oszenia kandydat\u00f3w na cz\u0142onk\u00f3w obwodowych komisji wyborczych nale\u017cy dokonywa\u0107 wed\u0142ug wzoru stanowi\u0105cego za\u0142\u0105cznik do uchwa\u0142y Nr 11\/2019 Pa\u0144stwowej Komisji Wyborczej z dnia 27 lutego 2019 r. (po zmianie).<\/p>\n\n\n\n<div style=\"height:10px\" aria-hidden=\"true\" class=\"wp-block-spacer\"><\/div>\n\n\n\n<p><strong>Kandydatem do sk\u0142adu komisji mo\u017ce by\u0107 <\/strong>osoba, kt\u00f3ra stale zamieszkuje na obszarze wojew\u00f3dztwa w kt\u00f3rym jest zg\u0142aszana do komisji i jest wpisana do sta\u0142ego rejestru wyborc\u00f3w jednej z gmin na obszarze tego wojew\u00f3dztwa, posiadaj\u0105ca prawo wybierania, tj. osoba kt\u00f3ra: <\/p>\n\n\n\n<ol class=\"wp-block-list\"><li>jest obywatelem polskim;<\/li><li>najp\u00f3\u017aniej w dniu zg\u0142oszenia ko\u0144czy 18 lat; <\/li><li>nie jest pozbawiona praw publicznych prawomocnym orzeczeniem s\u0105du; <\/li><li>nie jest pozbawiona praw wyborczych prawomocnym orzeczeniem Trybuna\u0142u Stanu; <\/li><li>nie jest ubezw\u0142asnowolniona prawomocnym orzeczeniem s\u0105du. <\/li><\/ol>\n\n\n\n<div style=\"height:50px\" aria-hidden=\"true\" class=\"wp-block-spacer\"><\/div>\n\n\n\n<p style=\"text-align:right\"><em>W\u00f3jt Gminy \u0141abunie <br>(\u2014) Mariusz Kukie\u0142ka<\/em> <\/p>\n","protected":false},"excerpt":{"rendered":"<p>W\u00f3jt Gminy \u0141abunie informuje, \u017ce zgodnie z kalendarzem wyborczym dla wybor\u00f3w do Sejmu Rzeczypospolitej Polskiej i do Senatu Rzeczypospolitej Polskiej zarz\u0105dzonych na dzie\u0144 13 pa\u017adziernika 2019 r., kandydat\u00f3w na cz\u0142onk\u00f3w obwodowych komisji wyborczych mo\u017cna zg\u0142asza\u0107 do 13 wrze\u015bnia 2019 r.<\/p>\n","protected":false},"author":7,"featured_media":11633,"comment_status":"closed","ping_status":"closed","sticky":false,"template":"","format":"standard","meta":{"footnotes":""},"categories":[1],"tags":[],"class_list":["post-14469","post","type-post","status-publish","format-standard","has-post-thumbnail","hentry","category-wpisy","clearfix"],"_links":{"self":[{"href":"https:\/\/www.labunie.com.pl\/index.php?rest_route=\/wp\/v2\/posts\/14469","targetHints":{"allow":["GET"]}}],"collection":[{"href":"https:\/\/www.labunie.com.pl\/index.php?rest_route=\/wp\/v2\/posts"}],"about":[{"href":"https:\/\/www.labunie.com.pl\/index.php?rest_route=\/wp\/v2\/types\/post"}],"author":[{"embeddable":true,"href":"https:\/\/www.labunie.com.pl\/index.php?rest_route=\/wp\/v2\/users\/7"}],"replies":[{"embeddable":true,"href":"https:\/\/www.labunie.com.pl\/index.php?rest_route=%2Fwp%2Fv2%2Fcomments&post=14469"}],"version-history":[{"count":3,"href":"https:\/\/www.labunie.com.pl\/index.php?rest_route=\/wp\/v2\/posts\/14469\/revisions"}],"predecessor-version":[{"id":14472,"href":"https:\/\/www.labunie.com.pl\/index.php?rest_route=\/wp\/v2\/posts\/14469\/revisions\/14472"}],"wp:featuredmedia":[{"embeddable":true,"href":"https:\/\/www.labunie.com.pl\/index.php?rest_route=\/wp\/v2\/media\/11633"}],"wp:attachment":[{"href":"https:\/\/www.labunie.com.pl\/index.php?rest_route=%2Fwp%2Fv2%2Fmedia&parent=14469"}],"wp:term":[{"taxonomy":"category","embeddable":true,"href":"https:\/\/www.labunie.com.pl\/index.php?rest_route=%2Fwp%2Fv2%2Fcategories&post=14469"},{"taxonomy":"post_tag","embeddable":true,"href":"https:\/\/www.labunie.com.pl\/index.php?rest_route=%2Fwp%2Fv2%2Ftags&post=14469"}],"curies":[{"name":"wp","href":"https:\/\/api.w.org\/{rel}","templated":true}]}}