{"id":14463,"date":"2019-09-03T14:01:26","date_gmt":"2019-09-03T12:01:26","guid":{"rendered":"https:\/\/www.labunie.com.pl\/?p=14463"},"modified":"2019-09-03T14:01:56","modified_gmt":"2019-09-03T12:01:56","slug":"zaproszenie-na-dozynki-wojewodzkie","status":"publish","type":"post","link":"https:\/\/www.labunie.com.pl\/?p=14463","title":{"rendered":"Zaproszenie na do\u017cynki wojew\u00f3dzkie"},"content":{"rendered":"\n<p><strong>Urz\u0105d Marsza\u0142kowski Wojew\u00f3dztwa Lubelskiego zaprasza 8 wrze\u015bnia 2019 r. do Radawca, gdzie odb\u0119d\u0105 si\u0119 do\u017cynki wojew\u00f3dzkie.<\/strong><\/p>\n\n\n\n<!--more-->\n\n\n\n<figure class=\"wp-block-image\"><a href=\"https:\/\/www.labunie.com.pl\/wp-content\/uploads\/2019\/09\/dozynki_woj_2019_plakat.jpg\" data-rel=\"lightbox-gallery-zk4TOuJz\" data-rl_title=\"\" data-rl_caption=\"\" title=\"\"><img loading=\"lazy\" decoding=\"async\" width=\"724\" height=\"1024\" src=\"https:\/\/www.labunie.com.pl\/wp-content\/uploads\/2019\/09\/dozynki_woj_2019_plakat-724x1024.jpg\" alt=\"\" class=\"wp-image-14465\" srcset=\"https:\/\/www.labunie.com.pl\/wp-content\/uploads\/2019\/09\/dozynki_woj_2019_plakat-724x1024.jpg 724w, https:\/\/www.labunie.com.pl\/wp-content\/uploads\/2019\/09\/dozynki_woj_2019_plakat-212x300.jpg 212w, https:\/\/www.labunie.com.pl\/wp-content\/uploads\/2019\/09\/dozynki_woj_2019_plakat-768x1086.jpg 768w, https:\/\/www.labunie.com.pl\/wp-content\/uploads\/2019\/09\/dozynki_woj_2019_plakat.jpg 1000w\" sizes=\"auto, (max-width: 724px) 100vw, 724px\" \/><\/a><\/figure>\n\n\n\n<div style=\"height:20px\" aria-hidden=\"true\" class=\"wp-block-spacer\"><\/div>\n\n\n\n<figure class=\"wp-block-image\"><a href=\"https:\/\/www.labunie.com.pl\/wp-content\/uploads\/2019\/09\/dozynki_woj_2019_mapka.jpg\" data-rel=\"lightbox-gallery-zk4TOuJz\" data-rl_title=\"\" data-rl_caption=\"\" title=\"\"><img loading=\"lazy\" decoding=\"async\" width=\"1000\" height=\"522\" src=\"https:\/\/www.labunie.com.pl\/wp-content\/uploads\/2019\/09\/dozynki_woj_2019_mapka.jpg\" alt=\"\" class=\"wp-image-14466\" srcset=\"https:\/\/www.labunie.com.pl\/wp-content\/uploads\/2019\/09\/dozynki_woj_2019_mapka.jpg 1000w, https:\/\/www.labunie.com.pl\/wp-content\/uploads\/2019\/09\/dozynki_woj_2019_mapka-300x157.jpg 300w, https:\/\/www.labunie.com.pl\/wp-content\/uploads\/2019\/09\/dozynki_woj_2019_mapka-768x401.jpg 768w\" sizes=\"auto, (max-width: 1000px) 100vw, 1000px\" \/><\/a><\/figure>\n","protected":false},"excerpt":{"rendered":"<p>Urz\u0105d Marsza\u0142kowski Wojew\u00f3dztwa Lubelskiego zaprasza 8 wrze\u015bnia 2019 r. do Radawca, gdzie odb\u0119d\u0105 si\u0119 do\u017cynki wojew\u00f3dzkie.<\/p>\n","protected":false},"author":7,"featured_media":14464,"comment_status":"closed","ping_status":"closed","sticky":false,"template":"","format":"standard","meta":{"footnotes":""},"categories":[1],"tags":[],"class_list":["post-14463","post","type-post","status-publish","format-standard","has-post-thumbnail","hentry","category-wpisy","clearfix"],"_links":{"self":[{"href":"https:\/\/www.labunie.com.pl\/index.php?rest_route=\/wp\/v2\/posts\/14463","targetHints":{"allow":["GET"]}}],"collection":[{"href":"https:\/\/www.labunie.com.pl\/index.php?rest_route=\/wp\/v2\/posts"}],"about":[{"href":"https:\/\/www.labunie.com.pl\/index.php?rest_route=\/wp\/v2\/types\/post"}],"author":[{"embeddable":true,"href":"https:\/\/www.labunie.com.pl\/index.php?rest_route=\/wp\/v2\/users\/7"}],"replies":[{"embeddable":true,"href":"https:\/\/www.labunie.com.pl\/index.php?rest_route=%2Fwp%2Fv2%2Fcomments&post=14463"}],"version-history":[{"count":2,"href":"https:\/\/www.labunie.com.pl\/index.php?rest_route=\/wp\/v2\/posts\/14463\/revisions"}],"predecessor-version":[{"id":14468,"href":"https:\/\/www.labunie.com.pl\/index.php?rest_route=\/wp\/v2\/posts\/14463\/revisions\/14468"}],"wp:featuredmedia":[{"embeddable":true,"href":"https:\/\/www.labunie.com.pl\/index.php?rest_route=\/wp\/v2\/media\/14464"}],"wp:attachment":[{"href":"https:\/\/www.labunie.com.pl\/index.php?rest_route=%2Fwp%2Fv2%2Fmedia&parent=14463"}],"wp:term":[{"taxonomy":"category","embeddable":true,"href":"https:\/\/www.labunie.com.pl\/index.php?rest_route=%2Fwp%2Fv2%2Fcategories&post=14463"},{"taxonomy":"post_tag","embeddable":true,"href":"https:\/\/www.labunie.com.pl\/index.php?rest_route=%2Fwp%2Fv2%2Ftags&post=14463"}],"curies":[{"name":"wp","href":"https:\/\/api.w.org\/{rel}","templated":true}]}}