{"id":14438,"date":"2019-09-02T14:59:13","date_gmt":"2019-09-02T12:59:13","guid":{"rendered":"https:\/\/www.labunie.com.pl\/?p=14438"},"modified":"2019-09-02T14:59:13","modified_gmt":"2019-09-02T12:59:13","slug":"narodowe-czytanie-w-labuniach","status":"publish","type":"post","link":"https:\/\/www.labunie.com.pl\/?p=14438","title":{"rendered":"Narodowe Czytanie w \u0141abuniach"},"content":{"rendered":"\n<p><strong>Zapraszamy mieszka\u0144c\u00f3w gminy \u0141abunie na Narodowe Czytanie polskich nowel. <\/strong><\/p>\n\n\n\n<!--more-->\n\n\n\n<div style=\"height:73px\" aria-hidden=\"true\" class=\"wp-block-spacer\"><\/div>\n\n\n\n<p>Podczas tegorocznej ods\u0142ony akcji Narodowe Czytanie Para Prezydencka zaproponowa\u0142a do czytania&nbsp;&nbsp;<em>Nowele polskie<\/em>. Prezydent Andrzej Duda z Ma\u0142\u017conk\u0105 dokonali wyboru z ponad stu propozycji tytu\u0142\u00f3w przes\u0142anych do Kancelarii Prezydenta.&nbsp;<\/p>\n\n\n\n<p><strong><a href=\"https:\/\/www.prezydent.pl\/kancelaria\/narodowe-czytanie\/narodowe-czytanie-2019\/nowele\/\">Osiem lektur na 8&nbsp;Narodowe Czytanie&nbsp;<\/a><\/strong><\/p>\n\n\n\n<ol class=\"wp-block-list\"><li><em>Dobra pani&nbsp;<\/em>\u2013 Eliza Orzeszkowa;<\/li><li><em>Dym&nbsp;<\/em>\u2013 Maria Konopnicka<\/li><li><em>Katarynka&nbsp;<\/em>\u2013 Boles\u0142aw Prus<\/li><li><em>M\u00f3j ojciec wst\u0119puje do stra\u017cak\u00f3w<\/em>&nbsp;(ze zbioru:&nbsp;<em>Sanatorium pod Klepsydr\u0105<\/em>) \u2013 Bruno Schulz<\/li><li><em>Orka<\/em>&nbsp;\u2013 W\u0142adys\u0142aw Stanis\u0142aw Reymont<\/li><li><em>Rozdzi\u00f3bi\u0105 nas kruki, wrony\u2026&nbsp;<\/em>\u2013 Stefan \u017beromski<\/li><li><em>Sachem<\/em>&nbsp;\u2013 Henryk Sienkiewicz<\/li><li><em>Sawa<\/em>&nbsp;(z cyklu:&nbsp;<em>Pami\u0105tki Soplicy<\/em>) \u2013 Henryk Rzewuski&nbsp;<\/li><\/ol>\n\n\n\n<p>Zapraszamy w sobot\u0119 7 wrze\u015bnia w godzinach 10-12 do Ogrodu Pawie Pi\u00f3ro przy bibliotece.\u00a0<\/p>\n\n\n\n<p>\u0179r\u00f3d\u0142o: Biblioteka Publiczna Gminy \u0141abunie <\/p>\n\n\n\n<p><br><\/p>\n","protected":false},"excerpt":{"rendered":"<p>Zapraszamy mieszka\u0144c\u00f3w gminy \u0141abunie na Narodowe Czytanie polskich nowel.<\/p>\n","protected":false},"author":11,"featured_media":14439,"comment_status":"closed","ping_status":"closed","sticky":false,"template":"","format":"standard","meta":{"footnotes":""},"categories":[1],"tags":[],"class_list":["post-14438","post","type-post","status-publish","format-standard","has-post-thumbnail","hentry","category-wpisy","clearfix"],"_links":{"self":[{"href":"https:\/\/www.labunie.com.pl\/index.php?rest_route=\/wp\/v2\/posts\/14438","targetHints":{"allow":["GET"]}}],"collection":[{"href":"https:\/\/www.labunie.com.pl\/index.php?rest_route=\/wp\/v2\/posts"}],"about":[{"href":"https:\/\/www.labunie.com.pl\/index.php?rest_route=\/wp\/v2\/types\/post"}],"author":[{"embeddable":true,"href":"https:\/\/www.labunie.com.pl\/index.php?rest_route=\/wp\/v2\/users\/11"}],"replies":[{"embeddable":true,"href":"https:\/\/www.labunie.com.pl\/index.php?rest_route=%2Fwp%2Fv2%2Fcomments&post=14438"}],"version-history":[{"count":1,"href":"https:\/\/www.labunie.com.pl\/index.php?rest_route=\/wp\/v2\/posts\/14438\/revisions"}],"predecessor-version":[{"id":14440,"href":"https:\/\/www.labunie.com.pl\/index.php?rest_route=\/wp\/v2\/posts\/14438\/revisions\/14440"}],"wp:featuredmedia":[{"embeddable":true,"href":"https:\/\/www.labunie.com.pl\/index.php?rest_route=\/wp\/v2\/media\/14439"}],"wp:attachment":[{"href":"https:\/\/www.labunie.com.pl\/index.php?rest_route=%2Fwp%2Fv2%2Fmedia&parent=14438"}],"wp:term":[{"taxonomy":"category","embeddable":true,"href":"https:\/\/www.labunie.com.pl\/index.php?rest_route=%2Fwp%2Fv2%2Fcategories&post=14438"},{"taxonomy":"post_tag","embeddable":true,"href":"https:\/\/www.labunie.com.pl\/index.php?rest_route=%2Fwp%2Fv2%2Ftags&post=14438"}],"curies":[{"name":"wp","href":"https:\/\/api.w.org\/{rel}","templated":true}]}}