{"id":14425,"date":"2019-09-02T18:32:07","date_gmt":"2019-09-02T16:32:07","guid":{"rendered":"https:\/\/www.labunie.com.pl\/?p=14425"},"modified":"2019-09-06T12:27:31","modified_gmt":"2019-09-06T10:27:31","slug":"energetyczne-dozynki-w-gminie-labunie-relacja","status":"publish","type":"post","link":"https:\/\/www.labunie.com.pl\/?p=14425","title":{"rendered":"Energetyczne do\u017cynki w gminie \u0141abunie \u2013 relacja"},"content":{"rendered":"\n<p><strong>Do\u017cynki gminno-parafialne 2019 w gminie \u0141abunie przesz\u0142y do historii. Muzyka, \u015bpiew, taniec, jedzenie, pokazy, stoiska z nagrodami. To tylko u\u0142amek tego, co dzia\u0142o si\u0119 1 wrze\u015bnia na boisku sportowym w \u0141abuniach. \u0141abunie na jeden dzie\u0144 zamieni\u0142y si\u0119 w miejsce do \u015bwi\u0119towania i zabawy. <\/strong><\/p>\n\n\n\n<!--more-->\n\n\n\n<div style=\"height:60px\" aria-hidden=\"true\" class=\"wp-block-spacer\"><\/div>\n\n\n\n<p>Uroczysto\u015bci rozpocz\u0119\u0142y si\u0119 od korowodu, kt\u00f3ry otwierali starostowie do\u017cynek: Pani Krystyna Kwiatkowska z Ruszowa-Kolonii i Pan Bogus\u0142aw Nicpo\u0144 z \u0141abuniek Drugich. Za starostami pod\u0105\u017cali w korowodzie przedstawiciele so\u0142ectw z wie\u0144cami do\u017cynkowymi oraz poczty sztandarowe Ochotniczych Stra\u017cy Po\u017carnych. Po uroczystym przemarszu g\u0142os zabrali: W\u00f3jt Gminy \u0141abunie \u2013 Mariusz Kukie\u0142ka, kt\u00f3ry powita\u0142 zaproszonych go\u015bci i podzi\u0119kowa\u0142 rolnikom za trud tegorocznej pracy oraz dyrektor lubelskiego oddzia\u0142u Agencji Restrukturyzacji i Modernizacji Rolnictwa \u2013 Krzysztof Ga\u0142aszkiewicz. Po przemowach rozpocz\u0119\u0142a si\u0119 uroczysta Msza \u015bw., kt\u00f3r\u0105 koncelebrowali: proboszcz \u0142abu\u0144skiej parafii \u2013 ks. Andrzej \u0141uszcz oraz kapelan Wsp\u00f3lnoty Si\u00f3str Franciszkanek Misjonarek Maryi w \u0141abuniach \u2013 ks. Czes\u0142aw Galek. Po nabo\u017ce\u0144stwie odby\u0142o si\u0119 \u015bwi\u0119cenie chleb\u00f3w i rozdanie ich zgromadzonym uczestnikom uroczysto\u015bci. Nast\u0119pnie przem\u00f3wienie do zgromadzonych z gminy \u0141abunie skierowa\u0142 wicestarosta zamojski \u2013 Witold Marucha. \u017byczenia dla rolnik\u00f3w nades\u0142ali r\u00f3wnie\u017c: Minister Rolnictwa i Rozwoju Wsi \u2013 Jan Krzysztof Ardanowski, Wiceminister Sprawiedliwo\u015bci \u2013 Marcin Romanowski, Pose\u0142 na Sejm RP &#8211; &nbsp;S\u0142awomir Zawi\u015blak, Senator RP \u2013 Jerzy Chr\u00f3\u015bcikowski, Wojewoda Lubelski \u2013 Przemys\u0142aw Czarnek, Marsza\u0142ek Wojew\u00f3dztwa Lubelskiego \u2013 Jaros\u0142aw Stawiarski oraz Starosta Zamojski \u2013 Stanis\u0142aw Grze\u015bko. <\/p>\n\n\n\n<div style=\"height:20px\" aria-hidden=\"true\" class=\"wp-block-spacer\"><\/div>\n\n\n\n<p>Nast\u0119pnie W\u00f3jt wr\u0119cza\u0142 honorowe odznaki zas\u0142u\u017cony dla rolnictwa, kt\u00f3re nada\u0142 Minister Rolnictwa i Rozwoju Wsi. W tym roku odznaki otrzymali: Jerzy Ciuraszkiewicz z \u0141abuniek Pierwszych, Kazimierz \u0106wik z Majdanu Ruszowskiego, Renata Helman z Barchaczowa, Adam Krzaczkowski z Br\u00f3dka, Anna \u0141azorczyk z D\u0105browy, Mariusz Suchara z W\u00f3lki \u0141abu\u0144skiej oraz Stefan Mart z Moc\u00f3wki. Po wr\u0119czeniu odznak przy scenie pojawili si\u0119 przedstawiciele wszystkich so\u0142ectw z gminy \u0141abunie, kt\u00f3rym za wie\u0144ce do\u017cynkowe przyznano 13 r\u00f3wnorz\u0119dnych nagr\u00f3d pieni\u0119\u017cnych. <br> Po cz\u0119\u015bci oficjalnej ruszy\u0142a zabawa, podczas kt\u00f3rej muzyczne wyst\u0119py przeplata\u0142y si\u0119 z pokazami. Na scenie zaprezentowali si\u0119 lokalni arty\u015bci: \u0141abu\u0144skie Iskierki, Barchaczowskie Superbabki, Agnieszka Furma\u0144czuk, Stanis\u0142aw Bo\u0107 oraz Bo\u017cena i Kamila Wr\u00f3blewskie, czyli duet ONE. Publiczno\u015b\u0107 nie zawiod\u0142a r\u00f3wnie\u017c przy pokazach karate z udzia\u0142em Zamojskiego Klubu Karate Kyokushin i Klubu Karate Kyokushin w \u0141abuniach. W letnie klimaty wprowadzi\u0142 go\u015bci pokaz zumby wykonany przez grup\u0119 Agnieszki Wypijacz z Zamo\u015bcia. Po pokazach wyst\u0105pi\u0142a gwiazda do\u017cynek \u2013 zesp\u00f3\u0142 Sonic z Hrubieszowa, a w mi\u0119dzyczasie sztuczki cyrkowe zaserwowa\u0142 publice Ireneusz \u0141opucki z Lublina. Po sporej dawce muzyki na scenie pojawi\u0142 si\u0119 Kabaret Szara Eminencja z Werbkowic a na koniec dyskotek\u0119 pod gwiazdami rozkr\u0119ca\u0142 Dj Pex. Podczas do\u017cynek zosta\u0142 r\u00f3wnie\u017c zorganizowany konkurs na naj\u0142adniejsze stoisko do\u017cynkowe. Do trzyosobowej komisji zg\u0142osi\u0142y si\u0119 3 osoby \u2013 mieszka\u0144cy gminy \u0141abunie, kt\u00f3rzy wybrali naj\u0142adniejsze stoiska. Pierwsze miejsce zaj\u0119\u0142o so\u0142ectwo W\u00f3lka \u0141abu\u0144ska, drugie ex aequo \u2013 \u0141abunie i Moc\u00f3wka, trzecie ex aequo Rusz\u00f3w, Barchacz\u00f3w, \u0141abu\u0144ki Pierwsze i Majdan Ruszowski, czwarte \u2013 \u0141abu\u0144ki Drugie. <\/p>\n\n\n\n<div style=\"height:20px\" aria-hidden=\"true\" class=\"wp-block-spacer\"><\/div>\n\n\n\n<p>Dzia\u0142o si\u0119 nie tylko na scenie. Do dyspozycji go\u015bci by\u0142y r\u00f3wnie\u017c stoiska. Kulinarne dzie\u0142a prezentowa\u0142y Ko\u0142a Gospody\u0144 Wiejskich oraz so\u0142ectwo \u0141abu\u0144ki Drugie. Go\u015bcie mogli skorzysta\u0107 r\u00f3wnie\u017c z miejsca pod parasolkami oraz z food trucka. S\u0142odko\u015bci w postaci miod\u00f3w serwowa\u0142a Pasieka Wierzbie. By\u0142a r\u00f3wnie\u017c wystawa &nbsp;p\u0142od\u00f3w rolnych przygotowana przez Powiatowy Zesp\u00f3\u0142 Doradztwa Rolniczego w Zamo\u015bciu z siedzib\u0105 w Sitnie. Na panie czeka\u0142y dwa stoiska kosmetyczne: Oriflame i Mary Kay. Swoje r\u0119kodzie\u0142o z kolei prezentowa\u0142a Pani Bo\u017cena Zakrzewska z \u0141abuniek Pierwszych. Podczas do\u017cynek prezentowa\u0142a si\u0119 r\u00f3wnie\u017c firma Tupeerware &#8211; ze sprz\u0119tami kuchennymi, kt\u00f3ra zorganizowa\u0142a pokazy kulinarne. Pragnienie gasi\u0142y go\u015bciom \u015bwie\u017co wyciskane soki jab\u0142kowe od Pana \u0141ukasza Kaczorowskiego z \u0141abu\u0144. By\u0142y r\u00f3wnie\u017c stoiska: ze s\u0142odko\u015bciami, zabawkami oraz kiermasz prac przygotowanych przez podopiecznych z Polskiego Stowarzyszenie na rzecz Os\u00f3b z Niepe\u0142nosprawno\u015bci\u0105 Intelektualn\u0105 Ko\u0142o w Zamo\u015bciu. To nie wszystko. Na go\u015bci czeka\u0142y bezp\u0142atne badania i konsultacje medyczne. Mo\u017cna by\u0142o skorzysta\u0107 z bezp\u0142atnych porad oraz darmowych bada\u0144 wzroku, a tak\u017ce obejrze\u0107 oprawki do okular\u00f3w. To wszystko przygotowa\u0142 NZOZ Joloko z Zamo\u015bcia. By\u0142o r\u00f3wnie\u017c obecne stoisko firmy GTNet, Powiatowego Banku Sp\u00f3\u0142dzielczego w Zamo\u015bciu, Kasy Rolniczego Ubezpieczenia Spo\u0142ecznego, Towarzystwa Ubezpiecze\u0144 Wzajemnych w Zamo\u015bciu i Wojskowego Ko\u0142a \u0141owieckiego nr 121 \u201e\u015awit\u201d w Zamo\u015bciu. Na Pan\u00f3w z kolei czeka\u0142a prezentacja broni, kt\u00f3r\u0105 przygotowa\u0142 Wojskowy Klub Sportowy \u201eTechnik\u201d w Zamo\u015bciu. Du\u017cym zainteresowaniem cieszy\u0142a si\u0119 tak\u017ce wystawa zabytkowych ci\u0105gnik\u00f3w pochodz\u0105cych z kolekcji Pana Wies\u0142awa Suszko ze Skierbieszowa. <\/p>\n\n\n\n<div style=\"height:20px\" aria-hidden=\"true\" class=\"wp-block-spacer\"><\/div>\n\n\n\n<p>Na do\u017cynkach pomy\u015blano tak\u017ce o najm\u0142odszych. Na nich czeka\u0142y bezp\u0142atne atrakcje na urz\u0105dzeniach rekreacyjnych, animator i nowo\u015b\u0107 &#8211; kule wipeout. <\/p>\n\n\n\n<div style=\"height:50px\" aria-hidden=\"true\" class=\"wp-block-spacer\"><\/div>\n\n\n\n<p style=\"color:#000000\" class=\"has-text-color has-background has-luminous-vivid-amber-background-color\"><strong>Organizatorzy kieruj\u0105 s\u0142owa podzi\u0119kowania do przedsi\u0119biorc\u00f3w, kt\u00f3rzy pokazali, jak wa\u017cne jest wspieranie wydarzenia kultywuj\u0105cego tradycje do\u017cynek i zach\u0119caj\u0105cego do uczestnictwa w nim mieszka\u0144c\u00f3w gminy \u0141abunie oraz go\u015bci odwiedzaj\u0105cych nasz\u0105 gmin\u0119. Sponsorami tegorocznych do\u017cynek byli: <\/strong>\u201eAuto-Hobby&#8221; Marek Krzy\u017canowski, Witron Grula Janusz, Namioty Micha\u0142 Greszta, Joanna Pi\u0142at, Poleagle Jerzy Faranszkiewicz, Powiatowy Bank Sp\u00f3\u0142dzielczy w Zamo\u015bciu \u2013 Punkt Obs\u0142ugi Bankowej w \u0141abuniach, Towarzystwo Ubezpiecze\u0144 Wzajemnych \u2013 Oddzia\u0142 Zamo\u015b\u0107, Mechanika Pojazdowa Adam Ciuraszkiewicz, Przedsi\u0119biorstwo Transportowo-Us\u0142ugowe Mawex, Grzegorz Kuna \u2013 Delikatesy Centrum w \u0141abuniach, GTNet Sp. Jawna Tomasz Gajewski, Us\u0142ugi Transportowe Semczuk Marek, Przedsi\u0119biorstwo Us\u0142ugowo Handlowe Mateusz Lal, Doradztwo i Reklama Sp. z o.o w Zamo\u015bciu, Sklep Spo\u017cywczo Przemys\u0142owy Maryla J\u0119drzejewska, Firma Handlowo Transportowa Kici\u0144ski Andrzej, Bodys Stanis\u0142aw Przew\u00f3z Os\u00f3b, MAR-MOT U\u017cywane Cz\u0119\u015bci Samochodowe Krzysztof Petryk, Pawe\u0142 i Magdalena Mrozowie, Krzysztof Wiater Sklep Spo\u017cywczo-Przemys\u0142owy, AGRO-LAS Jolanta Wajler Albert Wajler, Drewkol Zak\u0142ad Stolarski Antoni Kolaja, Kwiaciarnia Barbara Kosak, V8-semka Diagnostyka Samochodowa \u0141ukasz Garbacz, Stanis\u0142aw Sk\u00f3ra \u2013 Przedsi\u0119biorstwo Wielobran\u017cowe.<\/p>\n\n\n\n<div style=\"height:5px\" aria-hidden=\"true\" class=\"wp-block-spacer\"><\/div>\n\n\n\n<p style=\"color:#000000\" class=\"has-text-color has-background has-luminous-vivid-orange-background-color\">S\u0142owa podzi\u0119kowania r\u00f3wnie\u017c\ndla radnych, so\u0142tys\u00f3w, K\u00f3\u0142 Gospody\u0144 Wiejskich i pracownik\u00f3w Urz\u0119du Gminy za\npomoc w przygotowaniu sceny do\u017cynkowej oraz w obs\u0142udze wydarzenia.<\/p>\n\n\n\n<div style=\"height:20px\" aria-hidden=\"true\" class=\"wp-block-spacer\"><\/div>\n\n\n\n<p style=\"background-color:#bbc9d0\" class=\"has-background\">Organizatorem Do\u017cynek Gminno-Parafialnych w \u0141abuniach byli: W\u00f3jt Gminy \u0141abunie \u2013 Mariusz Kukie\u0142ka, Proboszcz Parafii Rzymskokatolickiej pw. Matki Bo\u017cej Szkaplerznej i \u015bw. Dominika w \u0141abuniach \u2013 ks. Andrzej \u0141uszcz, Radni Rady Gminy \u0141abunie oraz So\u0142tysi. <\/p>\n\n\n\n<div style=\"height:20px\" aria-hidden=\"true\" class=\"wp-block-spacer\"><\/div>\n\n\n<p>[lg_folder folder=&#8221;20190901\/&#8221; count=&#8221;126&#8243; paging=&#8221;false&#8221;]<\/p>","protected":false},"excerpt":{"rendered":"<p>Do\u017cynki gminno-parafialne 2019 w gminie \u0141abunie przesz\u0142y do historii. Muzyka, \u015bpiew, taniec, jedzenie, pokazy, stoiska z nagrodami. To tylko u\u0142amek tego, co dzia\u0142o si\u0119 1 wrze\u015bnia na boisku sportowym w \u0141abuniach. \u0141abunie na jeden dzie\u0144 zamieni\u0142y si\u0119 w miejsce do \u015bwi\u0119towania i zabawy.<\/p>\n","protected":false},"author":11,"featured_media":14428,"comment_status":"closed","ping_status":"closed","sticky":false,"template":"","format":"standard","meta":{"footnotes":""},"categories":[1],"tags":[],"class_list":["post-14425","post","type-post","status-publish","format-standard","has-post-thumbnail","hentry","category-wpisy","clearfix"],"_links":{"self":[{"href":"https:\/\/www.labunie.com.pl\/index.php?rest_route=\/wp\/v2\/posts\/14425","targetHints":{"allow":["GET"]}}],"collection":[{"href":"https:\/\/www.labunie.com.pl\/index.php?rest_route=\/wp\/v2\/posts"}],"about":[{"href":"https:\/\/www.labunie.com.pl\/index.php?rest_route=\/wp\/v2\/types\/post"}],"author":[{"embeddable":true,"href":"https:\/\/www.labunie.com.pl\/index.php?rest_route=\/wp\/v2\/users\/11"}],"replies":[{"embeddable":true,"href":"https:\/\/www.labunie.com.pl\/index.php?rest_route=%2Fwp%2Fv2%2Fcomments&post=14425"}],"version-history":[{"count":5,"href":"https:\/\/www.labunie.com.pl\/index.php?rest_route=\/wp\/v2\/posts\/14425\/revisions"}],"predecessor-version":[{"id":14523,"href":"https:\/\/www.labunie.com.pl\/index.php?rest_route=\/wp\/v2\/posts\/14425\/revisions\/14523"}],"wp:featuredmedia":[{"embeddable":true,"href":"https:\/\/www.labunie.com.pl\/index.php?rest_route=\/wp\/v2\/media\/14428"}],"wp:attachment":[{"href":"https:\/\/www.labunie.com.pl\/index.php?rest_route=%2Fwp%2Fv2%2Fmedia&parent=14425"}],"wp:term":[{"taxonomy":"category","embeddable":true,"href":"https:\/\/www.labunie.com.pl\/index.php?rest_route=%2Fwp%2Fv2%2Fcategories&post=14425"},{"taxonomy":"post_tag","embeddable":true,"href":"https:\/\/www.labunie.com.pl\/index.php?rest_route=%2Fwp%2Fv2%2Ftags&post=14425"}],"curies":[{"name":"wp","href":"https:\/\/api.w.org\/{rel}","templated":true}]}}