{"id":14369,"date":"2019-08-29T10:08:26","date_gmt":"2019-08-29T08:08:26","guid":{"rendered":"https:\/\/www.labunie.com.pl\/?p=14369"},"modified":"2019-08-29T14:38:49","modified_gmt":"2019-08-29T12:38:49","slug":"zapraszamy-do-obejrzenia-premierowego-teledysku-promujacego-gmine-labunie-i-caly-obszar-lgd-ziemia-zamojska-zobaczcie-jakich-mamy-zdolnych-artystow-labunskie-iskierki","status":"publish","type":"post","link":"https:\/\/www.labunie.com.pl\/?p=14369","title":{"rendered":"Zapraszamy do obejrzenia premierowego teledysku promuj\u0105cego gmin\u0119 \u0141abunie i ca\u0142y obszar LGD Ziemia Zamojska &#8211; zobaczcie jakich mamy zdolnych artyst\u00f3w &#8211; \u0142abu\u0144skie Iskierki"},"content":{"rendered":"\n<p><strong>Premiera piosenki &#8220;To moje miejsce&#8221; &#8211; zapraszamy do obejrzenia teledysku. W nim zobaczymy nasze \u0142abu\u0144skie Iskierki. <\/strong><br><\/p>\n\n\n\n<!--more-->\n\n\n\n<div style=\"height:59px\" aria-hidden=\"true\" class=\"wp-block-spacer\"><\/div>\n\n\n\n<p>\u0141abu\u0144skie Iskierki to jeden z kilku zespo\u0142\u00f3w, kt\u00f3ry bra\u0142 udzia\u0142 w nagraniu utworu &#8220;To moje miejsce&#8221; i teledysku promuj\u0105cego ca\u0142y obszar Lokalnej Grupy Dzia\u0142ania &#8220;Ziemia Zamojska&#8221;. DO LGD nale\u017cy r\u00f3wnie\u017c gmina \u0141abunie. Na pocz\u0105tku zesp\u00f3\u0142 \u0142abu\u0144skie Iskierki pod kierunkiem Pani Haliny Piskorz nagrywa\u0142 utw\u00f3r w profesjonalnym studio nagraniowym w Grabowcu. Potem przyszed\u0142 czas na teledysk. Klip by\u0142 kr\u0119cony m. in. w gminie \u0141abunie &#8211; na Pawim Pi\u00f3rze i na Orliku w \u0141abuniach. Tak powsta\u0142o muzyczne dzie\u0142o z udzia\u0142em wielu m\u0142odych artyst\u00f3w z 9 gmin z obszaru LGD Ziemia Zamojska. <\/p>\n\n\n\n<p>Wielkie gratulacje i uk\u0142ony dla \u0142abu\u0144skich Iskierek za to, \u017ce tak rozs\u0142awiaj\u0105 nasz\u0105 gmin\u0119. <\/p>\n\n\n\n<p>Zapraszamy do obejrzenia teledysku <\/p>\n\n\n\n<div style=\"height:34px\" aria-hidden=\"true\" class=\"wp-block-spacer\"><\/div>\n\n\n\n<figure class=\"wp-block-embed-youtube wp-block-embed is-type-video is-provider-youtube wp-embed-aspect-16-9 wp-has-aspect-ratio\"><div class=\"wp-block-embed__wrapper\">\n<iframe loading=\"lazy\" title=\"TO MOJE MIEJSCE\" width=\"1280\" height=\"720\" src=\"https:\/\/www.youtube.com\/embed\/_EWD_kfv9Wo?feature=oembed\" frameborder=\"0\" allow=\"accelerometer; autoplay; clipboard-write; encrypted-media; gyroscope; picture-in-picture\" allowfullscreen><\/iframe>\n<\/div><\/figure>\n\n\n\n<p><br><\/p>\n","protected":false},"excerpt":{"rendered":"<p>Premiera piosenki &#8220;To moje miejsce&#8221; &#8211; zapraszamy do obejrzenia teledysku. W nim zobaczymy nasze \u0142abu\u0144skie Iskierki.<\/p>\n","protected":false},"author":11,"featured_media":14370,"comment_status":"closed","ping_status":"closed","sticky":false,"template":"","format":"standard","meta":{"footnotes":""},"categories":[1],"tags":[],"class_list":["post-14369","post","type-post","status-publish","format-standard","has-post-thumbnail","hentry","category-wpisy","clearfix"],"_links":{"self":[{"href":"https:\/\/www.labunie.com.pl\/index.php?rest_route=\/wp\/v2\/posts\/14369","targetHints":{"allow":["GET"]}}],"collection":[{"href":"https:\/\/www.labunie.com.pl\/index.php?rest_route=\/wp\/v2\/posts"}],"about":[{"href":"https:\/\/www.labunie.com.pl\/index.php?rest_route=\/wp\/v2\/types\/post"}],"author":[{"embeddable":true,"href":"https:\/\/www.labunie.com.pl\/index.php?rest_route=\/wp\/v2\/users\/11"}],"replies":[{"embeddable":true,"href":"https:\/\/www.labunie.com.pl\/index.php?rest_route=%2Fwp%2Fv2%2Fcomments&post=14369"}],"version-history":[{"count":5,"href":"https:\/\/www.labunie.com.pl\/index.php?rest_route=\/wp\/v2\/posts\/14369\/revisions"}],"predecessor-version":[{"id":14382,"href":"https:\/\/www.labunie.com.pl\/index.php?rest_route=\/wp\/v2\/posts\/14369\/revisions\/14382"}],"wp:featuredmedia":[{"embeddable":true,"href":"https:\/\/www.labunie.com.pl\/index.php?rest_route=\/wp\/v2\/media\/14370"}],"wp:attachment":[{"href":"https:\/\/www.labunie.com.pl\/index.php?rest_route=%2Fwp%2Fv2%2Fmedia&parent=14369"}],"wp:term":[{"taxonomy":"category","embeddable":true,"href":"https:\/\/www.labunie.com.pl\/index.php?rest_route=%2Fwp%2Fv2%2Fcategories&post=14369"},{"taxonomy":"post_tag","embeddable":true,"href":"https:\/\/www.labunie.com.pl\/index.php?rest_route=%2Fwp%2Fv2%2Ftags&post=14369"}],"curies":[{"name":"wp","href":"https:\/\/api.w.org\/{rel}","templated":true}]}}