{"id":14017,"date":"2019-07-29T10:01:33","date_gmt":"2019-07-29T08:01:33","guid":{"rendered":"https:\/\/www.labunie.com.pl\/?p=14017"},"modified":"2019-07-31T12:24:48","modified_gmt":"2019-07-31T10:24:48","slug":"glowna-nagroda-dla-gminy-labunie-na-festiwalu-turystycznym-w-nieliszu","status":"publish","type":"post","link":"https:\/\/www.labunie.com.pl\/?p=14017","title":{"rendered":"G\u0142\u00f3wna nagroda dla gminy \u0141abunie na Festiwalu Turystycznym w Nieliszu"},"content":{"rendered":"\n<p><strong>Zdobyli\u015bmy (obok Radecznicy i Zamo\u015bcia) g\u0142\u00f3wn\u0105 nagrod\u0119 &#8211; za stoisko promocyjne na Festiwalu Turystycznym w Nieliszu.  Nagroda &#8211; statuetka Jasia W\u0119drowniczka &#8211; zosta\u0142a przyznana nie tylko za wygl\u0105d za stoiska ale i za to, co na nim si\u0119 znajdowa\u0142o: produkty od lokalnych wytw\u00f3rc\u00f3w, r\u0119kodzie\u0142o artystyczne oraz potrawy i ciasta przygotowane przez wszystkie Ko\u0142a Gospody\u0144 Wiejskich z gminy \u0141abunie. Promowali\u015bmy si\u0119 pod has\u0142em: Naturalnie Gmina \u0141abunie. <\/strong> <\/p>\n\n\n\n<!--more-->\n\n\n\n<div style=\"height:45px\" aria-hidden=\"true\" class=\"wp-block-spacer\"><\/div>\n\n\n\n<p>Niedzielny (28 lipca) Festiwal Turystyczny w Nieliszu to po\u0142\u0105czenie muzyki, regat \u017ceglarskich nad tamtejszym zalewem oraz prezentacja stoisk gminnych, kt\u00f3re chwali\u0142y si\u0119 swoimi skarbami. Impreza cieszy\u0142a si\u0119 du\u017cym zainteresowaniem, a stoisko gminy \u0141abunie niemal ca\u0142y czas by\u0142o oblegane przez osoby ch\u0119tne do degustacji smako\u0142yk\u00f3w; a by\u0142o w czym wybiera\u0107.  Ch\u0119tni pr\u00f3bowali knyszy, binladen\u00f3w, rogalik\u00f3w oraz babeczki, serniki, jab\u0142eczniki i piero\u017cki w kilku ods\u0142onach. Kosze pe\u0142ne smako\u0142yk\u00f3w przygotowa\u0142y bez wyj\u0105tku \u2013 wszystkie Ko\u0142a Gospody\u0144 Wiejskich. Jak \u015bwie\u017ce bu\u0142eczki sz\u0142y r\u00f3wnie\u017c produkty podarowane przez lokalnych przedsi\u0119biorc\u00f3w z gminy \u0141abunie. Odwiedzaj\u0105cy nasze stoisko gasili pragnienie t\u0142oczonymi sokami jab\u0142kowymi od Pana \u0141ukasza Kaczorowskiego z \u0141abu\u0144, pr\u00f3bowali wysublimowanych d\u017cem\u00f3w z Kolorowego Rancza w \u0141abuniach-Reformie. Potencjalni tury\u015bci zasmakowali si\u0119 r\u00f3wnie\u017c w oleju roztocza\u0144skim z Olejarni Rusz\u00f3w oraz w miodach z Pasieki w Wierzbiu \u2013 ciekawscy pytali i degustowali raczej niespotykany mi\u00f3d s\u0142onecznikowy.  Uwag\u0119 odwiedzaj\u0105cych nasze stoisko przyci\u0105ga\u0142o r\u00f3wnie\u017c r\u0119kodzie\u0142o: r\u0119cznie robione serwety z Majdanu Ruszowskiego oraz anio\u0142y i \u0142apacze sn\u00f3w wykonane przez Pani\u0105 Bo\u017cen\u0119 Zakrzewsk\u0105 z \u0141abuniek Pierwszych.  Gmina \u0141abunie promowa\u0142a si\u0119 r\u00f3wnie\u017c  w telewizji. W kr\u00f3tkim wywiadzie na \u017cywo w TVP3 Lublin opowiadali\u015bmy o wartych do zwiedzania naszych zabytkach. Gmin\u0119 \u0141abunie promowa\u0142y r\u00f3wnie\u017c nasze zespo\u0142y, kt\u00f3re wyst\u0119powa\u0142y na scenie w centrum Nielisza. Gromkie brawa posypa\u0142y si\u0119 dla zespo\u0142u Ogrodniczki z \u0141abuniek Pierwszych oraz Bachaczowskich Superbabek.   <\/p>\n\n\n\n<p>G\u0142\u00f3wn\u0105 nagrod\u0119 za stoisko promocyjne gmina \u0141abunie otrzyma\u0142a od organizatora konkursu \u2013Gminy Nielisz i GOK w Nieliszu. Statuetk\u0119 Jasia W\u0119drowniczka, opr\u00f3cz naszej gminy &#8211; dosta\u0142a r\u00f3wnie\u017c Gmina Radecznica i Miasto Zamo\u015b\u0107. Wr\u0119cza\u0142a j\u0105 prezes Lokalnej Grupy Dzia\u0142ania Ziemia Zamojska \u2013 Dominika Witkowska. Dodajmy &#8211; LGD by\u0142a partnerem Festiwalu Turystycznego w Nieliszu. <\/p>\n\n\n\n<p>Nagroda za stoisko promocyjne to praca wielu os\u00f3b i lokalnych firm, bez kt\u00f3rych nie otrzymaliby\u015bmy takiego wyr\u00f3\u017cnienia. W\u00f3jt Mariusz Kukie\u0142ka dzi\u0119kuje wszystkim Ko\u0142om Gospody\u0144 Wiejskich z gminy \u0141abunie za przygotowanie potraw i przyozdobienie stoiska, lokalnym artystom za  udost\u0119pnienie swoich r\u0119cznych wyrob\u00f3w oraz lokalnym firmom, kt\u00f3re u\u017cyczy\u0142y swoje produkty do degustacji.  <\/p>\n\n\n\n<div style=\"height:36px\" aria-hidden=\"true\" class=\"wp-block-spacer\"><\/div>\n\n\n<p>[lg_folder folder=&#8221;20190728\/&#8221; paging=&#8221;false&#8221;]<\/p>","protected":false},"excerpt":{"rendered":"<p>Zdobyli\u015bmy (obok Radecznicy i Zamo\u015bcia) g\u0142\u00f3wn\u0105 nagrod\u0119 &#8211; za stoisko promocyjne na Festiwalu Turystycznym w Nieliszu. Nagroda &#8211; statuetka Jasia W\u0119drowniczka &#8211; zosta\u0142a przyznana nie tylko za wygl\u0105d za stoiska ale i za to, co na nim si\u0119 znajdowa\u0142o: produkty od lokalnych wytw\u00f3rc\u00f3w, r\u0119kodzie\u0142o artystyczne oraz potrawy i ciasta przygotowane przez wszystkie Ko\u0142a Gospody\u0144 Wiejskich [&hellip;]<\/p>\n","protected":false},"author":11,"featured_media":14020,"comment_status":"closed","ping_status":"closed","sticky":false,"template":"","format":"standard","meta":{"footnotes":""},"categories":[1],"tags":[],"class_list":["post-14017","post","type-post","status-publish","format-standard","has-post-thumbnail","hentry","category-wpisy","clearfix"],"_links":{"self":[{"href":"https:\/\/www.labunie.com.pl\/index.php?rest_route=\/wp\/v2\/posts\/14017","targetHints":{"allow":["GET"]}}],"collection":[{"href":"https:\/\/www.labunie.com.pl\/index.php?rest_route=\/wp\/v2\/posts"}],"about":[{"href":"https:\/\/www.labunie.com.pl\/index.php?rest_route=\/wp\/v2\/types\/post"}],"author":[{"embeddable":true,"href":"https:\/\/www.labunie.com.pl\/index.php?rest_route=\/wp\/v2\/users\/11"}],"replies":[{"embeddable":true,"href":"https:\/\/www.labunie.com.pl\/index.php?rest_route=%2Fwp%2Fv2%2Fcomments&post=14017"}],"version-history":[{"count":5,"href":"https:\/\/www.labunie.com.pl\/index.php?rest_route=\/wp\/v2\/posts\/14017\/revisions"}],"predecessor-version":[{"id":14084,"href":"https:\/\/www.labunie.com.pl\/index.php?rest_route=\/wp\/v2\/posts\/14017\/revisions\/14084"}],"wp:featuredmedia":[{"embeddable":true,"href":"https:\/\/www.labunie.com.pl\/index.php?rest_route=\/wp\/v2\/media\/14020"}],"wp:attachment":[{"href":"https:\/\/www.labunie.com.pl\/index.php?rest_route=%2Fwp%2Fv2%2Fmedia&parent=14017"}],"wp:term":[{"taxonomy":"category","embeddable":true,"href":"https:\/\/www.labunie.com.pl\/index.php?rest_route=%2Fwp%2Fv2%2Fcategories&post=14017"},{"taxonomy":"post_tag","embeddable":true,"href":"https:\/\/www.labunie.com.pl\/index.php?rest_route=%2Fwp%2Fv2%2Ftags&post=14017"}],"curies":[{"name":"wp","href":"https:\/\/api.w.org\/{rel}","templated":true}]}}