{"id":1386,"date":"2015-06-26T18:46:18","date_gmt":"2015-06-26T16:46:18","guid":{"rendered":"https:\/\/www.labunie.com.pl\/?p=1386"},"modified":"2015-07-08T18:52:08","modified_gmt":"2015-07-08T16:52:08","slug":"zlote-gody","status":"publish","type":"post","link":"https:\/\/www.labunie.com.pl\/?p=1386","title":{"rendered":"Z\u0142ote Gody"},"content":{"rendered":"<p><strong>25 czerwca w Domu Kultury w \u0141abuniach oby\u0142o si\u0119 uroczyste wr\u0119czenie nadanych przez Prezydenta Rzeczypospolitej Polskiej <em>Medali za D\u0142ugoletnie Po\u017cycie Ma\u0142\u017ce\u0144skie<\/em> 21 parom z terenu Gminy \u0141abunie.<\/strong><!--more--><\/p>\n<p>&nbsp;<\/p>\n<div align=\"justify\"><\/div>\n<div align=\"justify\">Uroczysto\u015b\u0107 rozpocz\u0119\u0142a si\u0119 Msz\u0105 \u015bw. w intencji Jubilat\u00f3w w ko\u015bciele parafialnym w \u0141abuniach, celebrowan\u0105 przez ks. proboszcza <strong>Piotra Rawlika<\/strong>.<\/div>\n<div align=\"justify\"><\/div>\n<p>&nbsp;<\/p>\n<div align=\"justify\">Nast\u0119pnie w Domu Kultury w \u0141abuniach Zast\u0119pca W\u00f3jta Gminy \u0141abunie <strong>Helena Szka\u0142uba<\/strong> wr\u0119czy\u0142a Jubilatom odznaczenia.<\/div>\n<div align=\"justify\"><\/div>\n<p>&nbsp;<\/p>\n<div align=\"justify\">Cz\u0119\u015b\u0107 artystyczn\u0105 przygotowa\u0142y dzieci z zespo\u0142u <em>\u0141abu\u0144skie Iskierki<\/em> pracuj\u0105ce pod kierunkiem <strong>Haliny Piskorz<\/strong>, gimnazjalistki: <strong>Julianna Paszt<\/strong>, <strong>Martyna Soko\u0142owska<\/strong>, <strong>Paulina Ku\u015bmierz<\/strong> i <strong>Karolina Wa\u0142aszyk<\/strong> (op. <strong>Danuta Bosiak<\/strong>) oraz <em>Orkiestra D\u0119ta<\/em> z kapelmistrzem <strong>Zbigniewem Pieczykolanem<\/strong>.<\/div>\n<p>&nbsp;<\/p>\n<table border=\"0\" align=\"left\">\n<tbody>\n<tr>\n<td><a href=\"http:\/\/1drv.ms\/1LATnO0\" target=\"_blank\"><img loading=\"lazy\" decoding=\"async\" src=\"https:\/\/www.labunie.com.pl\/images\/stories\/galeria.png\" alt=\"\" width=\"48\" height=\"48\" border=\"0\" \/><\/a><\/td>\n<td><a href=\"http:\/\/1drv.ms\/1LATnO0\" target=\"_blank\">Galeria zdj\u0119\u0107 <\/a><\/td>\n<\/tr>\n<\/tbody>\n<\/table>\n<p>&nbsp;<\/p>\n<p>&nbsp;<\/p>\n<p>&nbsp;<\/p>\n<p style=\"text-align: center;\"><span style=\"text-decoration: underline;\"><em>Odznaczone ma\u0142\u017ce\u0144stwa:<\/em><\/span><\/p>\n<ul>\n<li>Maria i Stanis\u0142aw <strong>Bilscy<\/strong><\/li>\n<li>Jadwiga i Marian <strong>Burdzy<\/strong><\/li>\n<li>Maria i Mieczys\u0142aw <strong>Byczek<\/strong><\/li>\n<li>Stanis\u0142awa i Tadeusz <strong>Ciuraszkiewicz<\/strong><\/li>\n<li>Janina i Jan <strong>Faranszkiewicz<\/strong><\/li>\n<li>Helena i Czes\u0142aw <strong>Flak<\/strong><\/li>\n<li>Helena i W\u0142adys\u0142aw <strong>Flak<\/strong><\/li>\n<li>Zofia i Jan <strong>Karchut<\/strong><\/li>\n<li>Zdzis\u0142awa i Roman <strong>Kostrubiec<\/strong><\/li>\n<li>Janina i Janusz <strong>Kowarz<\/strong><\/li>\n<li>Teresa i Jerzy <strong>Nicpo\u0144<\/strong><\/li>\n<li>Danuta i Kazimierz <strong>Opali\u0144scy<\/strong><\/li>\n<li>Regina i Zenon <strong>Palonka<\/strong><\/li>\n<li>Lucyna i Jan <strong>Pilip<\/strong><\/li>\n<li>Janina i Stanis\u0142aw <strong>Pilip<\/strong><\/li>\n<li>Zofia i Kazimierz <strong>Roma\u0144czuk<\/strong><\/li>\n<li>Helena i Piotr <strong>Skwara<\/strong><\/li>\n<li>Krystyna i Jan <strong>Soko\u0142owscy<\/strong><\/li>\n<li>Helena i Tadeusz <strong>Soko\u0142owscy<\/strong><\/li>\n<li>Teresa i Stefan <strong>Wiater<\/strong><\/li>\n<li>Regina i Stanis\u0142aw <strong>Zwolak<\/strong><\/li>\n<\/ul>\n<p>&nbsp;<\/p>\n<p><a href=\"https:\/\/www.labunie.com.pl\/wp-content\/uploads\/2015\/07\/50_d.jpg\" data-rel=\"lightbox-gallery-YqzOAS2N\" data-rl_title=\"\" data-rl_caption=\"\" title=\"\"><img loading=\"lazy\" decoding=\"async\" class=\"aligncenter wp-image-1387\" src=\"https:\/\/www.labunie.com.pl\/wp-content\/uploads\/2015\/07\/50_d.jpg\" alt=\"50_d\" width=\"601\" height=\"308\" srcset=\"https:\/\/www.labunie.com.pl\/wp-content\/uploads\/2015\/07\/50_d.jpg 2000w, https:\/\/www.labunie.com.pl\/wp-content\/uploads\/2015\/07\/50_d-300x153.jpg 300w, https:\/\/www.labunie.com.pl\/wp-content\/uploads\/2015\/07\/50_d-1024x524.jpg 1024w\" sizes=\"auto, (max-width: 601px) 100vw, 601px\" \/><\/a><\/p>\n","protected":false},"excerpt":{"rendered":"<p>25 czerwca w Domu Kultury w \u0141abuniach oby\u0142o si\u0119 uroczyste wr\u0119czenie nadanych przez Prezydenta Rzeczypospolitej Polskiej Medali za D\u0142ugoletnie Po\u017cycie Ma\u0142\u017ce\u0144skie 21 parom z terenu Gminy \u0141abunie.<\/p>\n","protected":false},"author":7,"featured_media":1388,"comment_status":"closed","ping_status":"closed","sticky":false,"template":"","format":"standard","meta":{"footnotes":""},"categories":[1],"tags":[],"class_list":["post-1386","post","type-post","status-publish","format-standard","has-post-thumbnail","hentry","category-wpisy","clearfix"],"_links":{"self":[{"href":"https:\/\/www.labunie.com.pl\/index.php?rest_route=\/wp\/v2\/posts\/1386","targetHints":{"allow":["GET"]}}],"collection":[{"href":"https:\/\/www.labunie.com.pl\/index.php?rest_route=\/wp\/v2\/posts"}],"about":[{"href":"https:\/\/www.labunie.com.pl\/index.php?rest_route=\/wp\/v2\/types\/post"}],"author":[{"embeddable":true,"href":"https:\/\/www.labunie.com.pl\/index.php?rest_route=\/wp\/v2\/users\/7"}],"replies":[{"embeddable":true,"href":"https:\/\/www.labunie.com.pl\/index.php?rest_route=%2Fwp%2Fv2%2Fcomments&post=1386"}],"version-history":[{"count":5,"href":"https:\/\/www.labunie.com.pl\/index.php?rest_route=\/wp\/v2\/posts\/1386\/revisions"}],"predecessor-version":[{"id":1390,"href":"https:\/\/www.labunie.com.pl\/index.php?rest_route=\/wp\/v2\/posts\/1386\/revisions\/1390"}],"wp:featuredmedia":[{"embeddable":true,"href":"https:\/\/www.labunie.com.pl\/index.php?rest_route=\/wp\/v2\/media\/1388"}],"wp:attachment":[{"href":"https:\/\/www.labunie.com.pl\/index.php?rest_route=%2Fwp%2Fv2%2Fmedia&parent=1386"}],"wp:term":[{"taxonomy":"category","embeddable":true,"href":"https:\/\/www.labunie.com.pl\/index.php?rest_route=%2Fwp%2Fv2%2Fcategories&post=1386"},{"taxonomy":"post_tag","embeddable":true,"href":"https:\/\/www.labunie.com.pl\/index.php?rest_route=%2Fwp%2Fv2%2Ftags&post=1386"}],"curies":[{"name":"wp","href":"https:\/\/api.w.org\/{rel}","templated":true}]}}