{"id":13739,"date":"2019-07-08T12:42:16","date_gmt":"2019-07-08T10:42:16","guid":{"rendered":"https:\/\/www.labunie.com.pl\/?p=13739"},"modified":"2019-07-08T14:54:01","modified_gmt":"2019-07-08T12:54:01","slug":"obwieszczenie-7","status":"publish","type":"post","link":"https:\/\/www.labunie.com.pl\/?p=13739","title":{"rendered":"Obwieszczenie"},"content":{"rendered":"\n<p><strong>Podaje si\u0119 do publicznej wiadomo\u015bci list\u0119 kandydat\u00f3w na cz\u0142onk\u00f3w Rady Powiatowej Lubelskiej Izby Rolniczej&nbsp; w Powiecie Zamojskim z okr\u0119gu nr &nbsp;201 w \u0141abuniach.<\/strong><\/p>\n\n\n\n<!--more-->\n\n\n\n<div style=\"height:100px\" aria-hidden=\"true\" class=\"wp-block-spacer\"><\/div>\n\n\n<table border=\"1\" cellpadding=\"5\">\n<tbody>\n<tr>\n<td style=\"text-align: center;\"><em>Lp.<\/em><\/td>\n<td style=\"text-align: center;\"><em>Nazwisko<\/em><\/td>\n<td style=\"text-align: center;\"><em>Imiona<\/em><\/td>\n<td style=\"text-align: center;\"><em>Data urodzenia<\/em><\/td>\n<td style=\"text-align: center;\"><em>Miejsce zamieszkania<\/em><\/td>\n<\/tr>\n<tr style=\"height: 75px;\">\n<td>1.<\/td>\n<td>Kaczorowski<\/td>\n<td>\u0141ukasz<\/td>\n<td>1984<\/td>\n<td>\u0141abunie<\/td>\n<\/tr>\n<tr style=\"height: 75px;\">\n<td>2.<\/td>\n<td>Konowa\u0142ek<\/td>\n<td>Bo\u017cena Ma\u0142gorzata<\/td>\n<td>1963<\/td>\n<td>D\u0105browa<\/td>\n<\/tr>\n<tr style=\"height: 75px;\">\n<td>3.<\/td>\n<td>Petryk<\/td>\n<td>Adam<\/td>\n<td>1986<\/td>\n<td>\u0141abu\u0144ki Pierwsze<\/td>\n<\/tr>\n<tr style=\"height: 75px;\">\n<td>4.<\/td>\n<td>Skura<\/td>\n<td>Antoni<\/td>\n<td>1965<\/td>\n<td>Rusz\u00f3w<\/td>\n<\/tr>\n<\/tbody>\n<\/table>\n\n\n<div style=\"height:20px\" aria-hidden=\"true\" class=\"wp-block-spacer\"><\/div>\n\n\n\n<p>Wybory do Rady Powiatowej Lubelskiej Izby Rolniczej w Powiecie Zamojskim odb\u0119d\u0105 si\u0119<strong> 28 lipca 2019 r. w godz. 8.00 \u2013 18.00<\/strong><\/p>\n\n\n\n<div style=\"height:20px\" aria-hidden=\"true\" class=\"wp-block-spacer\"><\/div>\n\n\n\n<p>Lokal wyborczy mie\u015bci si\u0119 w: Domu Kultury w \u0141abuniach ul. Parkowa 9.<\/p>\n\n\n\n<div style=\"height:20px\" aria-hidden=\"true\" class=\"wp-block-spacer\"><\/div>\n\n\n\n<p>Spis cz\u0142onk\u00f3w LIR uprawnionych do g\u0142osowania w okr\u0119gu wyborczym nr 201 znajduje si\u0119 Urz\u0119dzie Gminy \u0141abunie pok. nr 9, gdzie w dniach: 9 \u2013 15 lipca 2019 r. w godzinach pracy Urz\u0119du b\u0119dzie mo\u017cna sprawdzi\u0107 uj\u0119cie do spisu. <\/p>\n\n\n\n<div style=\"height:20px\" aria-hidden=\"true\" class=\"wp-block-spacer\"><\/div>\n\n\n\n<div class=\"wp-block-file\"><a href=\"https:\/\/www.labunie.com.pl\/wp-content\/uploads\/2019\/07\/obwieszczenie-lir-2019.pdf\">Obwieszczenie<\/a><a href=\"https:\/\/www.labunie.com.pl\/wp-content\/uploads\/2019\/07\/obwieszczenie-lir-2019.pdf\" class=\"wp-block-file__button\" download>Pobierz<\/a><\/div>\n","protected":false},"excerpt":{"rendered":"<p>Podaje si\u0119 do publicznej wiadomo\u015bci list\u0119 kandydat\u00f3w na cz\u0142onk\u00f3w Rady Powiatowej Lubelskiej Izby Rolniczej&nbsp; w Powiecie Zamojskim z okr\u0119gu nr &nbsp;201 w \u0141abuniach.<\/p>\n","protected":false},"author":7,"featured_media":1311,"comment_status":"closed","ping_status":"closed","sticky":false,"template":"","format":"standard","meta":{"footnotes":""},"categories":[1],"tags":[],"class_list":["post-13739","post","type-post","status-publish","format-standard","has-post-thumbnail","hentry","category-wpisy","clearfix"],"_links":{"self":[{"href":"https:\/\/www.labunie.com.pl\/index.php?rest_route=\/wp\/v2\/posts\/13739","targetHints":{"allow":["GET"]}}],"collection":[{"href":"https:\/\/www.labunie.com.pl\/index.php?rest_route=\/wp\/v2\/posts"}],"about":[{"href":"https:\/\/www.labunie.com.pl\/index.php?rest_route=\/wp\/v2\/types\/post"}],"author":[{"embeddable":true,"href":"https:\/\/www.labunie.com.pl\/index.php?rest_route=\/wp\/v2\/users\/7"}],"replies":[{"embeddable":true,"href":"https:\/\/www.labunie.com.pl\/index.php?rest_route=%2Fwp%2Fv2%2Fcomments&post=13739"}],"version-history":[{"count":5,"href":"https:\/\/www.labunie.com.pl\/index.php?rest_route=\/wp\/v2\/posts\/13739\/revisions"}],"predecessor-version":[{"id":13751,"href":"https:\/\/www.labunie.com.pl\/index.php?rest_route=\/wp\/v2\/posts\/13739\/revisions\/13751"}],"wp:featuredmedia":[{"embeddable":true,"href":"https:\/\/www.labunie.com.pl\/index.php?rest_route=\/wp\/v2\/media\/1311"}],"wp:attachment":[{"href":"https:\/\/www.labunie.com.pl\/index.php?rest_route=%2Fwp%2Fv2%2Fmedia&parent=13739"}],"wp:term":[{"taxonomy":"category","embeddable":true,"href":"https:\/\/www.labunie.com.pl\/index.php?rest_route=%2Fwp%2Fv2%2Fcategories&post=13739"},{"taxonomy":"post_tag","embeddable":true,"href":"https:\/\/www.labunie.com.pl\/index.php?rest_route=%2Fwp%2Fv2%2Ftags&post=13739"}],"curies":[{"name":"wp","href":"https:\/\/api.w.org\/{rel}","templated":true}]}}