{"id":13563,"date":"2019-07-02T11:14:36","date_gmt":"2019-07-02T09:14:36","guid":{"rendered":"https:\/\/www.labunie.com.pl\/?p=13563"},"modified":"2019-07-02T12:33:43","modified_gmt":"2019-07-02T10:33:43","slug":"obwieszczenie-5","status":"publish","type":"post","link":"https:\/\/www.labunie.com.pl\/?p=13563","title":{"rendered":"Wybory do Izb Rolniczych"},"content":{"rendered":"\n<p><strong>Urz\u0105d Gminy \u0141abunie \u00a0informuje, \u017ce w\u00a0dniu 28 lipca 2019 roku\u00a0 w godzinach: od 8 \u2013 18 \u00a0w Domu Kultury w \u0141abuniach odb\u0119d\u0105 si\u0119 Wybory do Rady Powiatowej Lubelskiej Izby Rolniczej. W\u00a0zwi\u0105zku z\u00a0tym osoby, kt\u00f3re wyra\u017caj\u0105 \u00a0ch\u0119\u0107 kandydowania do Rady Powiatowej Lubelskiej \u00a0Izby Rolniczej w powiecie zamojskim \u00a0musz\u0105 czytelnie wype\u0142ni\u0107 nast\u0119puj\u0105ce dokumenty:<\/strong> <\/p>\n\n\n\n<!--more-->\n\n\n\n<div style=\"height:40px\" aria-hidden=\"true\" class=\"wp-block-spacer\"><\/div>\n\n\n\n<ul class=\"wp-block-list\"><li>druk zg\u0142oszenia kandydata<\/li><li>druk o\u015bwiadczenia kandydata o zgodzie na kandydowanie w danym okr\u0119gu wyborczym<\/li><li>czytelnie wype\u0142nion\u0105 list\u0119 popieraj\u0105cych kandydata, zawieraj\u0105c\u0105 co najmniej 50 w\u0142asnor\u0119cznych podpis\u00f3w os\u00f3b, kt\u00f3re s\u0105 cz\u0142onkami danej izby (tj. s\u0105 p\u0142atnikami podatku rolnego i posiadaj\u0105 gospodarstwo powy\u017cej 1 ha lub 1 ha przeliczeniowego) i tym samym posiadaj\u0105 prawo wyborcze <\/li><li>zgod\u0119 kandydata (oraz osoby zg\u0142aszaj\u0105cej kandydata je\u017celi zg\u0142oszenie nast\u0119puje nie osobi\u015bcie) na przetwarzanie danych osobowych<\/li><li>o\u015bwiadczenie kandydata o niekaralno\u015bci za przest\u0119pstwo umy\u015blne pod rygorem odpowiedzialno\u015bci z art. 233 \u00a7 1 kodeksu karnego<\/li><li>je\u017celi zg\u0142oszenia kandydata dokonuje osoba upowa\u017cniona przez kandydata pisemne upowa\u017cnienie do dokonania zg\u0142oszenia podpisane przez kandydata<\/li><li>je\u017celi zg\u0142oszenia kandydata dokonuje osoba prawna, dokument ustanawiaj\u0105cy przedstawiciela osoby prawnej wystawiony przez w\u0142adze osoby prawnej (wydany najp\u00f3\u017aniej na 3 miesi\u0105ce przed terminem wybor\u00f3w)<\/li><\/ul>\n\n\n\n<div style=\"height:20px\" aria-hidden=\"true\" class=\"wp-block-spacer\"><\/div>\n\n\n\n<p>Czytelnie wype\u0142nione dokumenty nale\u017cy sk\u0142ada\u0107 <strong>do dnia<\/strong> <strong>5 lipca br. do godz. 15.00&nbsp;<\/strong>w Urz\u0119dzie Gminy \u0141abunie , pok. nr. 9 do &#8211; Okr\u0119gowej Komisji Wyborczej w&nbsp;celu zarejestrowania kandydata. W sytuacji, gdy zg\u0142oszenie kandydata nie spe\u0142nia warunk\u00f3w, Komisja Okr\u0119gowa wzywa do uzupe\u0142nienia w terminie 3 dni, dopiero gdy kandydat nie dokona prawid\u0142owo uzupe\u0142nienia w terminie &#8211; komisja odmawia pisemnie rejestracji kandydata.<\/p>\n\n\n\n<div style=\"height:20px\" aria-hidden=\"true\" class=\"wp-block-spacer\"><\/div>\n\n\n\n<p>Dokumenty niezb\u0119dne przy zg\u0142oszeniu kandydatury do\nRady Powiatowej Izby Rolniczej dost\u0119pne s\u0105 na stronie internetowej: <a href=\"http:\/\/www.lir.lublin.pl\">www.lir.lublin.pl<\/a> &nbsp;lub w&nbsp;Urz\u0119dzie Gminy \u0141abunie \u2013 pok\u00f3j nr.\n9 .<\/p>\n\n\n\n<div style=\"height:20px\" aria-hidden=\"true\" class=\"wp-block-spacer\"><\/div>\n\n\n\n<hr class=\"wp-block-separator\"\/>\n\n\n\n<div class=\"wp-block-file\"><a href=\"https:\/\/www.labunie.com.pl\/wp-content\/uploads\/2019\/07\/Obwiszczenie-komisja-gmina-\u0141abunie.pdf\"> Obwieszczenie o sk\u0142adzie osobowym Okr\u0119gowej Komisji Wyborczej Nr 201 w \u0141abuniach powo\u0142anej przez Wojew\u00f3dzk\u0105 Komisj\u0119 Wyborcz\u0105 do przeprowadzenia wybor\u00f3w do Rady Powiatowej Lubelskiej Izby Rolniczej w Powiecie Zamojskim <\/a><a href=\"https:\/\/www.labunie.com.pl\/wp-content\/uploads\/2019\/07\/Obwiszczenie-komisja-gmina-\u0141abunie.pdf\" class=\"wp-block-file__button\" download>Pobierz<\/a><\/div>\n","protected":false},"excerpt":{"rendered":"<p>Urz\u0105d Gminy \u0141abunie \u00a0informuje, \u017ce w\u00a0dniu 28 lipca 2019 roku\u00a0 w godzinach: od 8 \u2013 18 \u00a0w Domu Kultury w \u0141abuniach odb\u0119d\u0105 si\u0119 Wybory do Rady Powiatowej Lubelskiej Izby Rolniczej. W\u00a0zwi\u0105zku z\u00a0tym osoby, kt\u00f3re wyra\u017caj\u0105 \u00a0ch\u0119\u0107 kandydowania do Rady Powiatowej Lubelskiej \u00a0Izby Rolniczej w powiecie zamojskim \u00a0musz\u0105 czytelnie wype\u0142ni\u0107 nast\u0119puj\u0105ce dokumenty:<\/p>\n","protected":false},"author":7,"featured_media":1311,"comment_status":"closed","ping_status":"closed","sticky":false,"template":"","format":"standard","meta":{"footnotes":""},"categories":[1],"tags":[],"class_list":["post-13563","post","type-post","status-publish","format-standard","has-post-thumbnail","hentry","category-wpisy","clearfix"],"_links":{"self":[{"href":"https:\/\/www.labunie.com.pl\/index.php?rest_route=\/wp\/v2\/posts\/13563","targetHints":{"allow":["GET"]}}],"collection":[{"href":"https:\/\/www.labunie.com.pl\/index.php?rest_route=\/wp\/v2\/posts"}],"about":[{"href":"https:\/\/www.labunie.com.pl\/index.php?rest_route=\/wp\/v2\/types\/post"}],"author":[{"embeddable":true,"href":"https:\/\/www.labunie.com.pl\/index.php?rest_route=\/wp\/v2\/users\/7"}],"replies":[{"embeddable":true,"href":"https:\/\/www.labunie.com.pl\/index.php?rest_route=%2Fwp%2Fv2%2Fcomments&post=13563"}],"version-history":[{"count":4,"href":"https:\/\/www.labunie.com.pl\/index.php?rest_route=\/wp\/v2\/posts\/13563\/revisions"}],"predecessor-version":[{"id":13576,"href":"https:\/\/www.labunie.com.pl\/index.php?rest_route=\/wp\/v2\/posts\/13563\/revisions\/13576"}],"wp:featuredmedia":[{"embeddable":true,"href":"https:\/\/www.labunie.com.pl\/index.php?rest_route=\/wp\/v2\/media\/1311"}],"wp:attachment":[{"href":"https:\/\/www.labunie.com.pl\/index.php?rest_route=%2Fwp%2Fv2%2Fmedia&parent=13563"}],"wp:term":[{"taxonomy":"category","embeddable":true,"href":"https:\/\/www.labunie.com.pl\/index.php?rest_route=%2Fwp%2Fv2%2Fcategories&post=13563"},{"taxonomy":"post_tag","embeddable":true,"href":"https:\/\/www.labunie.com.pl\/index.php?rest_route=%2Fwp%2Fv2%2Ftags&post=13563"}],"curies":[{"name":"wp","href":"https:\/\/api.w.org\/{rel}","templated":true}]}}