{"id":13433,"date":"2019-06-27T15:00:04","date_gmt":"2019-06-27T13:00:04","guid":{"rendered":"https:\/\/www.labunie.com.pl\/?p=13433"},"modified":"2019-06-28T08:01:32","modified_gmt":"2019-06-28T06:01:32","slug":"poczuj-poczatek-lata","status":"publish","type":"post","link":"https:\/\/www.labunie.com.pl\/?p=13433","title":{"rendered":"Poczuj pocz\u0105tek lata&#8230;"},"content":{"rendered":"\n<p><strong>&#8230;w Majdanie Ruszowskim. W urokliwej wiosce z zielonymi \u0142anami p\u00f3l i lasami usadowionymi na wy\u017cynach b\u0119d\u0105cej bram\u0105 na Roztocze ju\u017c 30 czerwca odb\u0119dzie si\u0119 impreza pt. &#8220;Pocz\u0105tek lata&#8221;. To jak zwykle du\u017co muzyki,  w tym folkowej i ludowej, to swojskie jad\u0142o i domowe wypieki. Zapraszamy mieszka\u0144c\u00f3w gminy \u0141abunie i turyst\u00f3w, kt\u00f3rzy urlopuj\u0105c si\u0119 na Roztoczu, mog\u0105 wst\u0105pi\u0107 na wydarzenie, kt\u00f3re pokazuje, jak bawi\u0105 si\u0119 i integruj\u0105 &#8220;lokalsi&#8221;. Szczeg\u00f3\u0142y na plakacie. <\/strong><\/p>\n\n\n\n<!--more-->\n\n\n\n<div style=\"height:23px\" aria-hidden=\"true\" class=\"wp-block-spacer\"><\/div>\n\n\n\n<p><br><\/p>\n\n\n\n<figure class=\"wp-block-image\"><img loading=\"lazy\" decoding=\"async\" width=\"1024\" height=\"701\" src=\"https:\/\/www.labunie.com.pl\/wp-content\/uploads\/2019\/06\/Image00001-11-1024x701.jpg\" alt=\"\" class=\"wp-image-13436\" srcset=\"https:\/\/www.labunie.com.pl\/wp-content\/uploads\/2019\/06\/Image00001-11-1024x701.jpg 1024w, https:\/\/www.labunie.com.pl\/wp-content\/uploads\/2019\/06\/Image00001-11-300x206.jpg 300w, https:\/\/www.labunie.com.pl\/wp-content\/uploads\/2019\/06\/Image00001-11-768x526.jpg 768w, https:\/\/www.labunie.com.pl\/wp-content\/uploads\/2019\/06\/Image00001-11.jpg 2000w\" sizes=\"auto, (max-width: 1024px) 100vw, 1024px\" \/><\/figure>\n\n\n\n<p><br><\/p>\n","protected":false},"excerpt":{"rendered":"<p>&#8230;w Majdanie Ruszowskim. W urokliwej wiosce z zielonymi \u0142anami p\u00f3l i lasami usadowionymi na wy\u017cynach b\u0119d\u0105cej bram\u0105 na Roztocze ju\u017c 30 czerwca odb\u0119dzie si\u0119 impreza pt. &#8220;Pocz\u0105tek lata&#8221;. To jak zwykle du\u017co muzyki, w tym folkowej i ludowej, to swojskie jad\u0142o i domowe wypieki. Zapraszamy mieszka\u0144c\u00f3w gminy \u0141abunie i turyst\u00f3w, kt\u00f3rzy urlopuj\u0105c si\u0119 na Roztoczu, [&hellip;]<\/p>\n","protected":false},"author":11,"featured_media":13434,"comment_status":"closed","ping_status":"closed","sticky":false,"template":"","format":"standard","meta":{"footnotes":""},"categories":[1],"tags":[],"class_list":["post-13433","post","type-post","status-publish","format-standard","has-post-thumbnail","hentry","category-wpisy","clearfix"],"_links":{"self":[{"href":"https:\/\/www.labunie.com.pl\/index.php?rest_route=\/wp\/v2\/posts\/13433","targetHints":{"allow":["GET"]}}],"collection":[{"href":"https:\/\/www.labunie.com.pl\/index.php?rest_route=\/wp\/v2\/posts"}],"about":[{"href":"https:\/\/www.labunie.com.pl\/index.php?rest_route=\/wp\/v2\/types\/post"}],"author":[{"embeddable":true,"href":"https:\/\/www.labunie.com.pl\/index.php?rest_route=\/wp\/v2\/users\/11"}],"replies":[{"embeddable":true,"href":"https:\/\/www.labunie.com.pl\/index.php?rest_route=%2Fwp%2Fv2%2Fcomments&post=13433"}],"version-history":[{"count":3,"href":"https:\/\/www.labunie.com.pl\/index.php?rest_route=\/wp\/v2\/posts\/13433\/revisions"}],"predecessor-version":[{"id":13535,"href":"https:\/\/www.labunie.com.pl\/index.php?rest_route=\/wp\/v2\/posts\/13433\/revisions\/13535"}],"wp:featuredmedia":[{"embeddable":true,"href":"https:\/\/www.labunie.com.pl\/index.php?rest_route=\/wp\/v2\/media\/13434"}],"wp:attachment":[{"href":"https:\/\/www.labunie.com.pl\/index.php?rest_route=%2Fwp%2Fv2%2Fmedia&parent=13433"}],"wp:term":[{"taxonomy":"category","embeddable":true,"href":"https:\/\/www.labunie.com.pl\/index.php?rest_route=%2Fwp%2Fv2%2Fcategories&post=13433"},{"taxonomy":"post_tag","embeddable":true,"href":"https:\/\/www.labunie.com.pl\/index.php?rest_route=%2Fwp%2Fv2%2Ftags&post=13433"}],"curies":[{"name":"wp","href":"https:\/\/api.w.org\/{rel}","templated":true}]}}