{"id":13420,"date":"2019-06-21T11:57:26","date_gmt":"2019-06-21T09:57:26","guid":{"rendered":"https:\/\/www.labunie.com.pl\/?p=13420"},"modified":"2019-06-21T12:22:08","modified_gmt":"2019-06-21T10:22:08","slug":"informacja-61","status":"publish","type":"post","link":"https:\/\/www.labunie.com.pl\/?p=13420","title":{"rendered":"Informacja &#8211; aktualizacja"},"content":{"rendered":"\n<p><strong>Publikujemy harmonogram spotka\u0144 uczestnik\u00f3w i program wycieczki po Roztoczu dla Senior\u00f3w w dniu 22 czerwca 2019 r., na kt\u00f3r\u0105 zapisa\u0142o si\u0119 prawie 70 os\u00f3b z gminy \u0141abunie. Organizatorami wyjazdu s\u0105\u00a0W\u00f3jt Gminy \u0141abunie, Radni, So\u0142tysi.<\/strong><\/p>\n\n\n\n<!--more-->\n\n\n\n<div style=\"height:120px\" aria-hidden=\"true\" class=\"wp-block-spacer\"><\/div>\n\n\n\n<p><strong>Harmonogram spotka\u0144 uczestnik\u00f3w wycieczki po Roztoczu z poszczeg\u00f3lnych miejscowo\u015bci.<\/strong><\/p>\n\n\n\n<div style=\"height:20px\" aria-hidden=\"true\" class=\"wp-block-spacer\"><\/div>\n\n\n\n<p><strong>I Autokar:<\/strong><\/p>\n\n\n\n<ul class=\"wp-block-list\"><li><strong>Br\u00f3dek <\/strong>&#8211;  8:10  &#8211;  Remiza OSP<\/li><li><strong>Barchacz\u00f3w <\/strong>&#8211;  8:20   &#8211;  Izba Muzealna- przystanek<\/li><li><strong>\u0141abu\u0144ki Pierwsze<\/strong>, <strong>\u0141abu\u0144ki Drugie<\/strong> i <strong>Moc\u00f3wka  <\/strong>&#8211;  8:30   &#8211; \u015awietlica<\/li><li><strong>Wierzbie <\/strong> &#8211; 8:45  &#8211;  \u015awietlica <\/li><\/ul>\n\n\n\n<div style=\"height:20px\" aria-hidden=\"true\" class=\"wp-block-spacer\"><\/div>\n\n\n\n<p><strong>II Autokar:<\/strong><\/p>\n\n\n\n<ul class=\"wp-block-list\"><li><strong>W\u00f3lka \u0141abu\u0144ska<\/strong> i <strong>\u0141abunie-Reforma  <\/strong>&#8211;   8:00  &#8211;  \u015awietlica Wiejska<\/li><li><strong>Rusz\u00f3w-Kolonia<\/strong>  &#8211; 8:15  &#8211;  Przystanek<\/li><li><strong>Rusz\u00f3w  <\/strong>&#8211;  8:15   &#8211;  Przystanek<\/li><li><strong>\u0141abunie  <\/strong>&#8211;   8:50  &#8211;  Dom Kultury<\/li><li><strong>Majdan Ruszowski<\/strong> &#8211; 9:10 &#8211; Przystanek na G\u00f3rze <\/li><\/ul>\n\n\n\n<div style=\"height:20px\" aria-hidden=\"true\" class=\"wp-block-spacer\"><\/div>\n\n\n\n<hr class=\"wp-block-separator\"\/>\n\n\n\n<div style=\"height:20px\" aria-hidden=\"true\" class=\"wp-block-spacer\"><\/div>\n\n\n\n<p><strong>Program wycieczki:<\/strong><\/p>\n\n\n\n<div style=\"height:20px\" aria-hidden=\"true\" class=\"wp-block-spacer\"><\/div>\n\n\n\n<p><strong>9.00 <\/strong>\u2013 wyjazd w kierunku Krasnobrodu<\/p>\n\n\n\n<ul class=\"wp-block-list\"><li>pobyt w kaplicy Na wodzie, cudowne \u017ar\u00f3de\u0142ko, stacje R\u00f3\u017ca\u0144cowe i pomnik przedstawiaj\u0105cy scen\u0119 objawienia \u2013 Matk\u0119 Bo\u017c\u0105 adoruj\u0105c\u0105 Dzieci\u0105tko i kl\u0119cz\u0105cego przed Ni\u0105 Jakuba Ruszczyka<\/li><li>spacer Alej\u0105 Naj\u015bwi\u0119tszej Maryi Panny przy kt\u00f3rej usytuowane s\u0105 trzy mniejsze kaplice: murowana \u015aw. Onufrego, zbudowana na planie czterolistnej koniczyny i dwie drewniane &#8211; \u015aw. Antoniego oraz \u015aw. Anny.., <\/li><li>ko\u015bci\u00f3\u0142 Nawiedzenia NMP w Krasnobrodzie oraz zesp\u00f3\u0142 klasztorny<\/li><\/ul>\n\n\n\n<div style=\"height:20px\" aria-hidden=\"true\" class=\"wp-block-spacer\"><\/div>\n\n\n\n<p><strong>11.00<\/strong> &#8211; wyjazd w kierunku Zwierzy\u0144ca<\/p>\n\n\n\n<ul class=\"wp-block-list\"><li>Ko\u015bci\u00f3\u0142 p.w. \u015bw. Jana Nepomucena, po\u0142o\u017cony na wyspie stawu (uformowanego przez je\u0144c\u00f3w tatarskich i tureckich), po\u0142\u0105czony mostem ze sta\u0142ym l\u0105dem<\/li><li>spacer alejami Zwierzy\u0144czyka<\/li><\/ul>\n\n\n\n<div style=\"height:20px\" aria-hidden=\"true\" class=\"wp-block-spacer\"><\/div>\n\n\n\n<p>Czas wolny (1 godzina)<\/p>\n\n\n\n<ul class=\"wp-block-list\"><li>obiad we w\u0142asnym zakresie, lody, odpoczynek<\/li><\/ul>\n\n\n\n<div style=\"height:20px\" aria-hidden=\"true\" class=\"wp-block-spacer\"><\/div>\n\n\n\n<p><strong>13.00 <\/strong>\u2013 wyjazd w kierunku Radecznicy<\/p>\n\n\n\n<ul class=\"wp-block-list\"><li>Ko\u015bci\u00f3\u0142 \u015bw. Antoniego z Padwy i klasztor bernardyn\u00f3w \u2013 zabytkowy, barokowy ko\u015bci\u00f3\u0142 parafialny oraz klasztor. Zwany Lubelsk\u0105 Cz\u0119stochow\u0105.<\/li><li>kaplica na wodzie i cudowne \u017ar\u00f3de\u0142ko<\/li><\/ul>\n\n\n\n<div style=\"height:20px\" aria-hidden=\"true\" class=\"wp-block-spacer\"><\/div>\n\n\n\n<p><strong>17.00<\/strong> \u2013 wyjazd w kierunku \u0141abu\u0144<\/p>\n\n\n\n<div style=\"height:20px\" aria-hidden=\"true\" class=\"wp-block-spacer\"><\/div>\n\n\n\n<p><strong>18.00<\/strong> \u2013 zako\u0144czenie wycieczki<\/p>\n","protected":false},"excerpt":{"rendered":"<p>Publikujemy harmonogram spotka\u0144 uczestnik\u00f3w i program wycieczki po Roztoczu dla Senior\u00f3w w dniu 22 czerwca 2019 r., na kt\u00f3r\u0105 zapisa\u0142o si\u0119 prawie 70 os\u00f3b z gminy \u0141abunie. Organizatorami wyjazdu s\u0105\u00a0W\u00f3jt Gminy \u0141abunie, Radni, So\u0142tysi.<\/p>\n","protected":false},"author":7,"featured_media":13421,"comment_status":"closed","ping_status":"closed","sticky":false,"template":"","format":"standard","meta":{"footnotes":""},"categories":[1],"tags":[],"class_list":["post-13420","post","type-post","status-publish","format-standard","has-post-thumbnail","hentry","category-wpisy","clearfix"],"_links":{"self":[{"href":"https:\/\/www.labunie.com.pl\/index.php?rest_route=\/wp\/v2\/posts\/13420","targetHints":{"allow":["GET"]}}],"collection":[{"href":"https:\/\/www.labunie.com.pl\/index.php?rest_route=\/wp\/v2\/posts"}],"about":[{"href":"https:\/\/www.labunie.com.pl\/index.php?rest_route=\/wp\/v2\/types\/post"}],"author":[{"embeddable":true,"href":"https:\/\/www.labunie.com.pl\/index.php?rest_route=\/wp\/v2\/users\/7"}],"replies":[{"embeddable":true,"href":"https:\/\/www.labunie.com.pl\/index.php?rest_route=%2Fwp%2Fv2%2Fcomments&post=13420"}],"version-history":[{"count":5,"href":"https:\/\/www.labunie.com.pl\/index.php?rest_route=\/wp\/v2\/posts\/13420\/revisions"}],"predecessor-version":[{"id":13441,"href":"https:\/\/www.labunie.com.pl\/index.php?rest_route=\/wp\/v2\/posts\/13420\/revisions\/13441"}],"wp:featuredmedia":[{"embeddable":true,"href":"https:\/\/www.labunie.com.pl\/index.php?rest_route=\/wp\/v2\/media\/13421"}],"wp:attachment":[{"href":"https:\/\/www.labunie.com.pl\/index.php?rest_route=%2Fwp%2Fv2%2Fmedia&parent=13420"}],"wp:term":[{"taxonomy":"category","embeddable":true,"href":"https:\/\/www.labunie.com.pl\/index.php?rest_route=%2Fwp%2Fv2%2Fcategories&post=13420"},{"taxonomy":"post_tag","embeddable":true,"href":"https:\/\/www.labunie.com.pl\/index.php?rest_route=%2Fwp%2Fv2%2Ftags&post=13420"}],"curies":[{"name":"wp","href":"https:\/\/api.w.org\/{rel}","templated":true}]}}