{"id":13227,"date":"2019-06-06T13:47:42","date_gmt":"2019-06-06T11:47:42","guid":{"rendered":"https:\/\/www.labunie.com.pl\/?p=13227"},"modified":"2019-06-06T13:56:25","modified_gmt":"2019-06-06T11:56:25","slug":"nowe-miejsce-do-zwiedzania-w-gminie-labunie","status":"publish","type":"post","link":"https:\/\/www.labunie.com.pl\/?p=13227","title":{"rendered":"Nowe miejsce do zwiedzania w gminie \u0141abunie"},"content":{"rendered":"\n<p><strong>Mieszka\u0144cy i tury\u015bci nas odwiedzaj\u0105cy mog\u0105 zwiedza\u0107 nowe miejsce na turystycznej mapie gminy \u0141abunie. To Izba Pami\u0119ci b\u0142. Stanis\u0142awa Starowieyskiego w \u0141abuniach.<\/strong><\/p>\n\n\n\n<!--more-->\n\n\n\n<div style=\"height:100px\" aria-hidden=\"true\" class=\"wp-block-spacer\"><\/div>\n\n\n\n<p>Izba\nzosta\u0142a utworzona w zespole pa\u0142acowo-parkowym w \u0141abuniach.\nZwiedzaj\u0105cy przenios\u0105 si\u0119 w czasie. Obejrz\u0105 eksponaty, zdj\u0119cia i\ndokumenty historyczne w trzech pomieszczeniach. Pierwsze zosta\u0142o\npo\u015bwi\u0119cone Janowi Jakubowi Zamoyskiemu \u2013 budowniczemu pa\u0142acu,\nhistorii obecno\u015bci Zgromadzenia Si\u00f3str Franciszkanek Misjonarek\nMaryi oraz rodzinie Szeptyckich, z kt\u00f3rej wywodzi si\u0119 ma\u0142\u017conka S.\nStarowieyskiego. Drugie pomieszczenie to gabinet Stanis\u0142awa\nStarowieyskiego utrzymany w stylistyce lat 30 XX wieku. Trzecie\npomieszczenie ukazuje dzia\u0142alno\u015b\u0107 Starowieyskiego w Akcji\nKatolickiej, jego m\u0119cze\u0144sk\u0105 \u015bmier\u0107 w obozie koncentracyjnym w\nDachau i dokumentacj\u0119 zdj\u0119ciow\u0105 z wprowadzenia relikwii. \n<\/p>\n\n\n\n<p>Do zwiedzania jest tak\u017ce Izba Muzealna\nw Barchaczowie, doposa\u017cona niedawno w nowe eksponaty historyczne\nupami\u0119tniaj\u0105ce B\u00f3j o Wzg\u00f3rze 256. Znajduj\u0105 si\u0119 w pomieszczeniu\npo\u015bwi\u0119conemu temu wydarzeniu. To co mo\u017cna nowego zobaczy\u0107, to m.\nin. plansza \u017co\u0142nierza polskiego z czas\u00f3w II wojny \u015bw. z opisem\numundurowania, r\u0119kopisy a na zewn\u0105trz \u2013 foto\u015bcianka\nprzedstawiaj\u0105ca scenk\u0119 sytuacyjn\u0105 \u017co\u0142nierzy polskich z wyci\u0119tymi\nfragmentami na robienie pami\u0105tkowych zdj\u0119\u0107. \n<\/p>\n\n\n\n<p>To wszystko zosta\u0142o zrealizowane w ramach pozyskanego za po\u015brednictwem LGD Ziemia Zamojska dofinansowania unijnego  z PROW 2014-2020 w wysoko\u015bci 36 430 z\u0142. Ca\u0142o\u015b\u0107 inwestycji to koszt 57 254,04 z\u0142 Reszta \u015brodk\u00f3w zosta\u0142a wy\u0142o\u017cona z gminnego bud\u017cetu.  <\/p>\n\n\n\n<blockquote style=\"text-align:center\" class=\"wp-block-quote is-layout-flow wp-block-quote-is-layout-flow\"><p> <br><strong>Izba Pami\u0119ci b\u0142. Stanis\u0142awa Starowieyskiego<\/strong> <\/p><\/blockquote>\n\n\n<p>[lg_folder folder=&#8221;20190606 IZBA STAROWIEYSKIEGO\/&#8221; paging=&#8221;false&#8221;]<\/p>\n\n\n<div style=\"height:20px\" aria-hidden=\"true\" class=\"wp-block-spacer\"><\/div>\n\n\n\n<blockquote style=\"text-align:center\" class=\"wp-block-quote is-layout-flow wp-block-quote-is-layout-flow\"><p><strong>Izba Muzealna w Barchaczowie<\/strong><\/p><\/blockquote>\n\n\n<p>[lg_folder folder=&#8221;20190606 IZBA MUZEALNA BARCHACZOW\/&#8221; paging=&#8221;false&#8221;]<\/p>\n\n\n<figure class=\"wp-block-image\"><img loading=\"lazy\" decoding=\"async\" width=\"630\" height=\"102\" src=\"https:\/\/www.labunie.com.pl\/wp-content\/uploads\/2019\/06\/ue-lgd-leader-prow_bn.png\" alt=\"\" class=\"wp-image-13246\" srcset=\"https:\/\/www.labunie.com.pl\/wp-content\/uploads\/2019\/06\/ue-lgd-leader-prow_bn.png 630w, https:\/\/www.labunie.com.pl\/wp-content\/uploads\/2019\/06\/ue-lgd-leader-prow_bn-300x49.png 300w\" sizes=\"auto, (max-width: 630px) 100vw, 630px\" \/><\/figure>\n\n\n\n<p style=\"text-align:center\"><strong>Europejski Fundusz Rolny na rzecz Rozwoju Obszar\u00f3w Wiejskich<\/strong><br><strong>w ramach Programu Rozwoju Obszar\u00f3w Wiejskich na lata 2014-2020<\/strong><\/p>\n","protected":false},"excerpt":{"rendered":"<p>Mieszka\u0144cy i tury\u015bci nas odwiedzaj\u0105cy mog\u0105 zwiedza\u0107 nowe miejsce na turystycznej mapie gminy \u0141abunie. To Izba Pami\u0119ci b\u0142. Stanis\u0142awa Starowieyskiego w \u0141abuniach.<\/p>\n","protected":false},"author":11,"featured_media":13248,"comment_status":"closed","ping_status":"closed","sticky":false,"template":"","format":"standard","meta":{"footnotes":""},"categories":[1],"tags":[],"class_list":["post-13227","post","type-post","status-publish","format-standard","has-post-thumbnail","hentry","category-wpisy","clearfix"],"_links":{"self":[{"href":"https:\/\/www.labunie.com.pl\/index.php?rest_route=\/wp\/v2\/posts\/13227","targetHints":{"allow":["GET"]}}],"collection":[{"href":"https:\/\/www.labunie.com.pl\/index.php?rest_route=\/wp\/v2\/posts"}],"about":[{"href":"https:\/\/www.labunie.com.pl\/index.php?rest_route=\/wp\/v2\/types\/post"}],"author":[{"embeddable":true,"href":"https:\/\/www.labunie.com.pl\/index.php?rest_route=\/wp\/v2\/users\/11"}],"replies":[{"embeddable":true,"href":"https:\/\/www.labunie.com.pl\/index.php?rest_route=%2Fwp%2Fv2%2Fcomments&post=13227"}],"version-history":[{"count":5,"href":"https:\/\/www.labunie.com.pl\/index.php?rest_route=\/wp\/v2\/posts\/13227\/revisions"}],"predecessor-version":[{"id":13247,"href":"https:\/\/www.labunie.com.pl\/index.php?rest_route=\/wp\/v2\/posts\/13227\/revisions\/13247"}],"wp:featuredmedia":[{"embeddable":true,"href":"https:\/\/www.labunie.com.pl\/index.php?rest_route=\/wp\/v2\/media\/13248"}],"wp:attachment":[{"href":"https:\/\/www.labunie.com.pl\/index.php?rest_route=%2Fwp%2Fv2%2Fmedia&parent=13227"}],"wp:term":[{"taxonomy":"category","embeddable":true,"href":"https:\/\/www.labunie.com.pl\/index.php?rest_route=%2Fwp%2Fv2%2Fcategories&post=13227"},{"taxonomy":"post_tag","embeddable":true,"href":"https:\/\/www.labunie.com.pl\/index.php?rest_route=%2Fwp%2Fv2%2Ftags&post=13227"}],"curies":[{"name":"wp","href":"https:\/\/api.w.org\/{rel}","templated":true}]}}