{"id":13216,"date":"2019-06-06T11:03:58","date_gmt":"2019-06-06T09:03:58","guid":{"rendered":"https:\/\/www.labunie.com.pl\/?p=13216"},"modified":"2019-06-06T13:03:25","modified_gmt":"2019-06-06T11:03:25","slug":"marsz-dla-zycia-i-rodziny","status":"publish","type":"post","link":"https:\/\/www.labunie.com.pl\/?p=13216","title":{"rendered":"Marsz dla \u017cycia i rodziny"},"content":{"rendered":"\n<p><strong> W niedziel\u0119, 9 czerwca ulicami Zamo\u015bcia przejdzie Marsz dla \u017bycia i\u00a0Rodziny.  G\u0142\u00f3wny cel wydarzenia to manifest i uk\u0142on w stron\u0119 warto\u015bci rodzinnych oraz poszanowania \u017cycia ka\u017cdej osoby. <\/strong><\/p>\n\n\n\n<!--more-->\n\n\n\n<div style=\"height:49px\" aria-hidden=\"true\" class=\"wp-block-spacer\"><\/div>\n\n\n\n<p>&#8220;Jeste\u015bcie nasz\u0105 nadziej\u0105&#8221; &#8211; to has\u0142o tegorocznego marszu. S\u0142owa Papie\u017ca Polaka wpisuj\u0105 si\u0119 jednocze\u015bnie w obchody 20 rocznicy pobytu Jana Paw\u0142a II  w Zamo\u015bciu. Marsz poprzedzi Msza w ko\u015bciele pw. Matki Bo\u017cej Kr\u00f3lowej Polski  w&nbsp;Zamo\u015bciu. Rozpocznie si\u0119 o&nbsp;godz. 10:00. Marsz wyruszy spod ko\u015bcio\u0142a ulicami:  Wyszy\u0144skiego, Peowiak\u00f3w, Marsza\u0142ka J\u00f3zefa Pi\u0142sudskiego, Akademick\u0105  na&nbsp;Skwer \u015bw. Jana Paw\u0142a II&nbsp;przy katedrze.<\/p>\n\n\n\n<p>Organizatorem wydarzenia jest Diecezjalna Rada Ruch\u00f3w i&nbsp;Stowarzysze\u0144  Katolickich. Patronatem honorowym Marsz dla \u017bycia i&nbsp;Rodziny obj\u0119li:  biskup Diecezji Zamojsko-Lubaczowskiej Marian Rojek, Prezydent Miasta  Zamo\u015b\u0107 Andrzej Wnuk oraz Starosta Zamojski Stanis\u0142aw Grze\u015bko.<\/p>\n\n\n\n<p>\u017ar\u00f3d\u0142o: diecezja.zamojskolubaczowska.pl<\/p>\n\n\n\n<div style=\"height:25px\" aria-hidden=\"true\" class=\"wp-block-spacer\"><\/div>\n\n\n\n<figure class=\"wp-block-image\"><img loading=\"lazy\" decoding=\"async\" width=\"724\" height=\"1024\" src=\"https:\/\/www.labunie.com.pl\/wp-content\/uploads\/2019\/06\/Image00001-2-724x1024.jpg\" alt=\"\" class=\"wp-image-13223\" srcset=\"https:\/\/www.labunie.com.pl\/wp-content\/uploads\/2019\/06\/Image00001-2-724x1024.jpg 724w, https:\/\/www.labunie.com.pl\/wp-content\/uploads\/2019\/06\/Image00001-2-212x300.jpg 212w, https:\/\/www.labunie.com.pl\/wp-content\/uploads\/2019\/06\/Image00001-2-768x1086.jpg 768w, https:\/\/www.labunie.com.pl\/wp-content\/uploads\/2019\/06\/Image00001-2.jpg 1061w\" sizes=\"auto, (max-width: 724px) 100vw, 724px\" \/><\/figure>\n","protected":false},"excerpt":{"rendered":"<p>W niedziel\u0119, 9 czerwca ulicami Zamo\u015bcia przejdzie Marsz dla \u017bycia i\u00a0Rodziny. G\u0142\u00f3wny cel wydarzenia to manifest i uk\u0142on w stron\u0119 warto\u015bci rodzinnych oraz poszanowania \u017cycia ka\u017cdej osoby.<\/p>\n","protected":false},"author":11,"featured_media":13221,"comment_status":"closed","ping_status":"closed","sticky":false,"template":"","format":"standard","meta":{"footnotes":""},"categories":[1],"tags":[],"class_list":["post-13216","post","type-post","status-publish","format-standard","has-post-thumbnail","hentry","category-wpisy","clearfix"],"_links":{"self":[{"href":"https:\/\/www.labunie.com.pl\/index.php?rest_route=\/wp\/v2\/posts\/13216","targetHints":{"allow":["GET"]}}],"collection":[{"href":"https:\/\/www.labunie.com.pl\/index.php?rest_route=\/wp\/v2\/posts"}],"about":[{"href":"https:\/\/www.labunie.com.pl\/index.php?rest_route=\/wp\/v2\/types\/post"}],"author":[{"embeddable":true,"href":"https:\/\/www.labunie.com.pl\/index.php?rest_route=\/wp\/v2\/users\/11"}],"replies":[{"embeddable":true,"href":"https:\/\/www.labunie.com.pl\/index.php?rest_route=%2Fwp%2Fv2%2Fcomments&post=13216"}],"version-history":[{"count":5,"href":"https:\/\/www.labunie.com.pl\/index.php?rest_route=\/wp\/v2\/posts\/13216\/revisions"}],"predecessor-version":[{"id":13232,"href":"https:\/\/www.labunie.com.pl\/index.php?rest_route=\/wp\/v2\/posts\/13216\/revisions\/13232"}],"wp:featuredmedia":[{"embeddable":true,"href":"https:\/\/www.labunie.com.pl\/index.php?rest_route=\/wp\/v2\/media\/13221"}],"wp:attachment":[{"href":"https:\/\/www.labunie.com.pl\/index.php?rest_route=%2Fwp%2Fv2%2Fmedia&parent=13216"}],"wp:term":[{"taxonomy":"category","embeddable":true,"href":"https:\/\/www.labunie.com.pl\/index.php?rest_route=%2Fwp%2Fv2%2Fcategories&post=13216"},{"taxonomy":"post_tag","embeddable":true,"href":"https:\/\/www.labunie.com.pl\/index.php?rest_route=%2Fwp%2Fv2%2Ftags&post=13216"}],"curies":[{"name":"wp","href":"https:\/\/api.w.org\/{rel}","templated":true}]}}