{"id":13172,"date":"2019-06-21T07:16:11","date_gmt":"2019-06-21T05:16:11","guid":{"rendered":"https:\/\/www.labunie.com.pl\/?p=13172"},"modified":"2019-06-21T13:55:01","modified_gmt":"2019-06-21T11:55:01","slug":"informacja-o-wyborze-lawnikow-2","status":"publish","type":"post","link":"https:\/\/www.labunie.com.pl\/?p=13172","title":{"rendered":"Informacja o wyborze \u0142awnik\u00f3w"},"content":{"rendered":"\n<p><strong>W\u00f3jt Gminy \u0141abunie informuje, \u017ce Kolegium S\u0105du Okr\u0119gowego w Zamo\u015bciu na posiedzeniu w dniu 10 maja 2019r. ustali\u0142o liczb\u0119 \u0142awnik\u00f3w wybieranych przez Rad\u0119 Gminy \u0141abunie &#8211; do S\u0105du Okr\u0119gowego w Zamo\u015bciu \u2013 2<\/strong><\/p>\n\n\n\n<div style=\"height:10px\" aria-hidden=\"true\" class=\"wp-block-spacer\"><\/div>\n\n\n\n<!--more-->\n\n\n\n<div style=\"height:70px\" aria-hidden=\"true\" class=\"wp-block-spacer\"><\/div>\n\n\n\n<p><em>Podstawa prawna:<\/em><\/p>\n\n\n\n<ol class=\"wp-block-list\"><li><em>ustawa z dnia 27 lipca&nbsp; 2001r \u2013 Prawo o ustroju s\u0105d\u00f3w powszechnych (Dz. U. z 2019 r., poz.52 z p\u00f3\u017an.zm.)<\/em><\/li><li><em>rozporz\u0105dzenie Ministra Sprawiedliwo\u015bci z dnia 9 czerwca 2011r w sprawie sposobu post\u0119powania z dokumentami z\u0142o\u017conymi radom gmin przy zg\u0142aszaniu kandydat\u00f3w na \u0142awnik\u00f3w oraz wzoru karty zg\u0142oszenia (Dz. U. Nr 121, poz. 693 z p\u00f3\u017an.zm.)<\/em><\/li><\/ol>\n\n\n\n<div style=\"height:20px\" aria-hidden=\"true\" class=\"wp-block-spacer\"><\/div>\n\n\n\n<p><strong>Nieprzekraczalny termin zg\u0142aszania\nkandydat\u00f3w na \u0142awnik\u00f3w&nbsp; up\u0142ywa 30 czerwca\n2019r.<\/strong><\/p>\n\n\n\n<div style=\"height:20px\" aria-hidden=\"true\" class=\"wp-block-spacer\"><\/div>\n\n\n\n<p><strong>Uwaga!<\/strong> Zg\u0142oszenia kandydat\u00f3w, kt\u00f3re wp\u0142yn\u0105 do Rady Gminy\npo&nbsp; up\u0142ywie terminu, a tak\u017ce zg\u0142oszenia kt\u00f3re nie spe\u0142ni\u0105 wymaga\u0144\nformalnych, pozostawia si\u0119 bez dalszego biegu. Przywr\u00f3cenie terminu do\nzg\u0142oszenia kandydat\u00f3w jest niedopuszczalne. (art. 162 \u00a7 10 w\/w ustawy)<\/p>\n\n\n\n<div style=\"height:20px\" aria-hidden=\"true\" class=\"wp-block-spacer\"><\/div>\n\n\n\n<p><strong>\u0141awnikiem mo\u017ce by\u0107 wybrany ten, kto:<\/strong><\/p>\n\n\n\n<ol class=\"wp-block-list\"><li>posiada obywatelstwo polskie i\nkorzysta z pe\u0142ni praw cywilnych i obywatelskich,<\/li><li>jest nieskazitelnego charakteru,<\/li><li>uko\u0144czy\u0142 30 lat,<\/li><li>jest zatrudniony, prowadzi\ndzia\u0142alno\u015b\u0107 gospodarcz\u0105 lub mieszka w miejscu kandydowania co najmniej od roku,<\/li><li>nie przekroczy\u0142&nbsp; 70 lat,<\/li><li>jest zdolny, ze wzgl\u0119du na stan\nzdrowia, do pe\u0142nienia obowi\u0105zk\u00f3w \u0142awnika,<\/li><li>posiada co najmniej wykszta\u0142cenie\n\u015brednie lub \u015brednie bran\u017cowe.<\/li><\/ol>\n\n\n\n<div style=\"height:20px\" aria-hidden=\"true\" class=\"wp-block-spacer\"><\/div>\n\n\n\n<p><strong>\u0141awnikami nie mog\u0105 by\u0107:<\/strong><\/p>\n\n\n\n<ol class=\"wp-block-list\"><li>osoby zatrudnione w s\u0105dach\npowszechnych i innych s\u0105dach oraz w prokuraturze,<\/li><li>osoby wchodz\u0105ce w sk\u0142ad organ\u00f3w, od\nkt\u00f3rych orzeczenia mo\u017cna \u017c\u0105da\u0107 skierowania sprawy na drog\u0119 post\u0119powania\ns\u0105dowego,<\/li><li>funkcjonariusze Policji oraz inne\nosoby zajmuj\u0105ce stanowiska zwi\u0105zane ze \u015bciganiem przest\u0119pstw i wykrocze\u0144,<\/li><li>adwokaci i aplikanci adwokaccy,<\/li><li>radcy prawni i aplikanci radcowscy,<\/li><li>duchowni,<\/li><li>\u017co\u0142nierze w czynnej s\u0142u\u017cbie\nwojskowej,<\/li><li>funkcjonariusze S\u0142u\u017cby Wi\u0119ziennej,<\/li><li>radni gminy, powiatu i wojew\u00f3dztwa.<\/li><\/ol>\n\n\n\n<div style=\"height:20px\" aria-hidden=\"true\" class=\"wp-block-spacer\"><\/div>\n\n\n\n<p>Nie mo\u017cna by\u0107 \u0142awnikiem jednocze\u015bnie w wi\u0119cej ni\u017c jednym s\u0105dzie.<\/p>\n\n\n\n<div style=\"height:20px\" aria-hidden=\"true\" class=\"wp-block-spacer\"><\/div>\n\n\n\n<p>&nbsp;<strong>Kandydat\u00f3w na \u0142awnik\u00f3w mog\u0105\nzg\u0142asza\u0107 Radzie Gminy:<\/strong><\/p>\n\n\n\n<ul class=\"wp-block-list\"><li>prezesi\nw\u0142a\u015bciwych &nbsp;s\u0105d\u00f3w,<\/li><li>stowarzyszenia,<\/li><li>inne organizacje\n&nbsp;spo\u0142eczne i zawodowe zarejestrowane na podstawie przepis\u00f3w prawa, z&nbsp;wy\u0142\u0105czeniem&nbsp;\npartii politycznych<\/li><li>oraz co\nnajmniej 50 &nbsp;obywateli maj\u0105cych czynne prawo wyborcze, zamieszkuj\u0105cych\nstale na terenie gminy \u0141abunie<\/li><\/ul>\n\n\n\n<div style=\"height:20px\" aria-hidden=\"true\" class=\"wp-block-spacer\"><\/div>\n\n\n\n<p>&nbsp;<strong>Do zg\u0142oszenia kandydata na \u0142awnika\ndokonanego na karcie zg\u0142oszenia do\u0142\u0105cza si\u0119 nast\u0119puj\u0105ce dokumenty wystawione\nnie wcze\u015bniej ni\u017c 30 dni przed dniem z\u0142o\u017cenia zg\u0142oszenia:<\/strong><\/p>\n\n\n\n<ol class=\"wp-block-list\"><li>informacj\u0119 z Krajowego Rejestru\nKarnego dotycz\u0105c\u0105 zg\u0142aszanej osoby,<\/li><li>o\u015bwiadczenie kandydata, \u017ce nie jest\nprowadzone przeciwko niemu post\u0119powanie o&nbsp;przest\u0119pstwo \u015bcigane z\noskar\u017cenia publicznego lub przest\u0119pstwo skarbowe,<\/li><li>o\u015bwiadczenie kandydata, \u017ce nie jest\nlub nie by\u0142 pozbawiony w\u0142adzy rodzicielskiej, a tak\u017ce, \u017ce w\u0142adza rodzicielska\nnie zosta\u0142a mu ograniczona ani zawieszona,<\/li><li>za\u015bwiadczenie lekarskie o stanie\nzdrowia, wystawione przez lekarza podstawowej opieki zdrowotnej w rozumieniu\nprzepis\u00f3w o podstawowej opiece zdrowotnej, stwierdzaj\u0105ce brak przeciwwskaza\u0144 do\nwykonywania funkcji \u0142awnika,<\/li><li>2 zdj\u0119cia zgodne z wymogami\nstosowanymi przy sk\u0142adaniu wniosku o wydanie dowodu osobistego.<\/li><\/ol>\n\n\n\n<div style=\"height:20px\" aria-hidden=\"true\" class=\"wp-block-spacer\"><\/div>\n\n\n\n<p><strong>Do zg\u0142oszenia kandydata na \u0142awnika<\/strong> dokonanego na karcie zg\u0142oszenia\nprzez stowarzyszenie, inn\u0105 organizacj\u0119 spo\u0142eczn\u0105 lub zawodow\u0105, zarejestrowan\u0105\nna podstawie przepis\u00f3w prawa, do\u0142\u0105cza si\u0119 r\u00f3wnie\u017c <strong>aktualny ( wystawiony nie\nwcze\u015bniej ni\u017c na 3 miesi\u0105ce przed&nbsp; dniem zg\u0142oszenia ) odpis z&nbsp;Krajowego\nRejestru S\u0105dowego albo odpis lub za\u015bwiadczenie potwierdzaj\u0105ce wpis do innego\nw\u0142a\u015bciwego rejestru lub ewidencji dotycz\u0105ce tej organizacji.<\/strong><\/p>\n\n\n\n<div style=\"height:20px\" aria-hidden=\"true\" class=\"wp-block-spacer\"><\/div>\n\n\n\n<p>&nbsp;<strong>Do zg\u0142oszenia kandydata na \u0142awnika\ndokonanego na karcie zg\u0142oszenia przez obywateli do\u0142\u0105cza si\u0119 r\u00f3wnie\u017c list\u0119 os\u00f3b\nzawieraj\u0105c\u0105: <\/strong>&nbsp;imi\u0119 ( imiona), nazwisko, numer\newidencyjny PESEL, miejsce sta\u0142ego zamieszkania, w\u0142asnor\u0119czny podpis ka\u017cdej z\n50 os\u00f3b zg\u0142aszaj\u0105cych kandydata. Osob\u0105 uprawnion\u0105 do sk\u0142adania wyja\u015bnie\u0144 w\nsprawie zg\u0142oszenia kandydata na \u0142awnika przez obywateli jest osoba, kt\u00f3rej\nnazwisko zosta\u0142o zamieszczone jako pierwsze na li\u015bcie popieraj\u0105cej kandydata.<\/p>\n\n\n\n<div style=\"height:20px\" aria-hidden=\"true\" class=\"wp-block-spacer\"><\/div>\n\n\n\n<p>Koszt op\u0142aty za wydanie informacji z Krajowego Rejestru&nbsp; Karnego ponosi\nSkarb Pa\u0144stwa a op\u0142aty za badanie lekarskie i za wystawienie za\u015bwiadczenia\nlekarskiego ponosi kandydat na \u0142awnika.<\/p>\n\n\n\n<div style=\"height:20px\" aria-hidden=\"true\" class=\"wp-block-spacer\"><\/div>\n\n\n\n<p>Koszt op\u0142aty za wydania aktualnego odpisu lub za\u015bwiadczenia z innego\nw\u0142a\u015bciwego rejestru lub ewidencji ponosi Skarb Pa\u0144stwa.<\/p>\n\n\n\n<div style=\"height:20px\" aria-hidden=\"true\" class=\"wp-block-spacer\"><\/div>\n\n\n\n<p><strong>Kandydaci przed wyborami podlegaj\u0105\nzaopiniowaniu przez zesp\u00f3\u0142 powo\u0142any przez rad\u0119 gminy, w szczeg\u00f3lno\u015bci w\nzakresie spe\u0142nienia przez nich wymog\u00f3w okre\u015blonych w ustawie.<\/strong><\/p>\n\n\n\n<div style=\"height:20px\" aria-hidden=\"true\" class=\"wp-block-spacer\"><\/div>\n\n\n\n<p>Komendant&nbsp; Miejski Policji w Zamo\u015bciu udzieli Radzie Gminy informacji\no kandydacie na \u0142awnika uzyskanej i sporz\u0105dzonej na zasadach okre\u015blonych dla\ninformacji o kandydacie do obj\u0119cia stanowiska s\u0119dziowskiego.<\/p>\n\n\n\n<div style=\"height:20px\" aria-hidden=\"true\" class=\"wp-block-spacer\"><\/div>\n\n\n\n<p>Formularze&nbsp; mo\u017cna pobra\u0107 ze strony\ninternetowej urz\u0119du gminy\nwww.labunie.com.pl oraz w Urz\u0119dzie Gminy pok\u00f3j nr 3 &nbsp;w godzinach pracy urz\u0119du, tel. 846116015.\n\nRada Gminy \u0141abunie wyboru \u0142awnik\u00f3w dokona <strong>w g\u0142osowaniu tajnym<\/strong> najp\u00f3\u017aniej <strong>do ko\u0144ca pa\u017adziernika 2019r.<\/strong><\/p>\n\n\n\n<div style=\"height:50px\" aria-hidden=\"true\" class=\"wp-block-spacer\"><\/div>\n\n\n\n<div class=\"wp-block-file\"><a href=\"https:\/\/www.labunie.com.pl\/wp-content\/uploads\/2019\/06\/lex-dz-u-2019-52-t-j-prawo-o-ustroju-sadow.pdf\">Wyci\u0105g z ustawy z dnia 27 lipca 2001 r. Prawo o ustroju s\u0105d\u00f3w powszechnych (tekst jedn. Dz. U. z 2019 r. poz. 52) &#8211; Rozdzia\u0142 7<\/a><a href=\"https:\/\/www.labunie.com.pl\/wp-content\/uploads\/2019\/06\/lex-dz-u-2019-52-t-j-prawo-o-ustroju-sadow.pdf\" class=\"wp-block-file__button\" download>Pobierz<\/a><\/div>\n\n\n\n<div class=\"wp-block-file\"><a href=\"https:\/\/www.labunie.com.pl\/wp-content\/uploads\/2019\/06\/KARTA-ZG\u0141OSZENIA-KANDYDATA-NA-\u0141AWNIKA.pdf\">Karta zg\u0142oszenia kandydata na \u0142awnika<\/a><a href=\"https:\/\/www.labunie.com.pl\/wp-content\/uploads\/2019\/06\/KARTA-ZG\u0141OSZENIA-KANDYDATA-NA-\u0141AWNIKA.pdf\" class=\"wp-block-file__button\" download>Pobierz<\/a><\/div>\n\n\n\n<div class=\"wp-block-file\"><a href=\"https:\/\/www.labunie.com.pl\/wp-content\/uploads\/2019\/06\/lista-os\u00f3b-popieraj\u0105cych-\u0142awnika.pdf\">Lista os\u00f3b zg\u0142aszaj\u0105cych kandydata na \u0142awnika<\/a><a href=\"https:\/\/www.labunie.com.pl\/wp-content\/uploads\/2019\/06\/lista-os\u00f3b-popieraj\u0105cych-\u0142awnika.pdf\" class=\"wp-block-file__button\" download>Pobierz<\/a><\/div>\n\n\n\n<div class=\"wp-block-file\"><a href=\"https:\/\/www.labunie.com.pl\/wp-content\/uploads\/2019\/06\/O\u015bwiadczenie-1.pdf\">O\u015bwiadczenie kandydata na \u0142awnika dotycz\u0105ce prowadzonych przeciwko kandydatowi na \u0142awnika post\u0119powa\u0144 z oskar\u017cenia publicznego i przest\u0119pstw skarbowych<\/a><a href=\"https:\/\/www.labunie.com.pl\/wp-content\/uploads\/2019\/06\/O\u015bwiadczenie-1.pdf\" class=\"wp-block-file__button\" download>Pobierz<\/a><\/div>\n\n\n\n<div class=\"wp-block-file\"><a href=\"https:\/\/www.labunie.com.pl\/wp-content\/uploads\/2019\/06\/O\u015bwiadczenie-2.pdf\">O\u015bwiadczenie kandydata na \u0142awnika dotycz\u0105ce posiadanej w\u0142adzy rodzicielskiej<\/a><a href=\"https:\/\/www.labunie.com.pl\/wp-content\/uploads\/2019\/06\/O\u015bwiadczenie-2.pdf\" class=\"wp-block-file__button\" download>Pobierz<\/a><\/div>\n","protected":false},"excerpt":{"rendered":"<p>W\u00f3jt Gminy \u0141abunie informuje, \u017ce Kolegium S\u0105du Okr\u0119gowego w Zamo\u015bciu na posiedzeniu w dniu 10 maja 2019r. ustali\u0142o liczb\u0119 \u0142awnik\u00f3w wybieranych przez Rad\u0119 Gminy \u0141abunie &#8211; do S\u0105du Okr\u0119gowego w Zamo\u015bciu \u2013 2<\/p>\n","protected":false},"author":7,"featured_media":1476,"comment_status":"closed","ping_status":"closed","sticky":false,"template":"","format":"standard","meta":{"footnotes":""},"categories":[1],"tags":[],"class_list":["post-13172","post","type-post","status-publish","format-standard","has-post-thumbnail","hentry","category-wpisy","clearfix"],"_links":{"self":[{"href":"https:\/\/www.labunie.com.pl\/index.php?rest_route=\/wp\/v2\/posts\/13172","targetHints":{"allow":["GET"]}}],"collection":[{"href":"https:\/\/www.labunie.com.pl\/index.php?rest_route=\/wp\/v2\/posts"}],"about":[{"href":"https:\/\/www.labunie.com.pl\/index.php?rest_route=\/wp\/v2\/types\/post"}],"author":[{"embeddable":true,"href":"https:\/\/www.labunie.com.pl\/index.php?rest_route=\/wp\/v2\/users\/7"}],"replies":[{"embeddable":true,"href":"https:\/\/www.labunie.com.pl\/index.php?rest_route=%2Fwp%2Fv2%2Fcomments&post=13172"}],"version-history":[{"count":5,"href":"https:\/\/www.labunie.com.pl\/index.php?rest_route=\/wp\/v2\/posts\/13172\/revisions"}],"predecessor-version":[{"id":31119,"href":"https:\/\/www.labunie.com.pl\/index.php?rest_route=\/wp\/v2\/posts\/13172\/revisions\/31119"}],"wp:featuredmedia":[{"embeddable":true,"href":"https:\/\/www.labunie.com.pl\/index.php?rest_route=\/wp\/v2\/media\/1476"}],"wp:attachment":[{"href":"https:\/\/www.labunie.com.pl\/index.php?rest_route=%2Fwp%2Fv2%2Fmedia&parent=13172"}],"wp:term":[{"taxonomy":"category","embeddable":true,"href":"https:\/\/www.labunie.com.pl\/index.php?rest_route=%2Fwp%2Fv2%2Fcategories&post=13172"},{"taxonomy":"post_tag","embeddable":true,"href":"https:\/\/www.labunie.com.pl\/index.php?rest_route=%2Fwp%2Fv2%2Ftags&post=13172"}],"curies":[{"name":"wp","href":"https:\/\/api.w.org\/{rel}","templated":true}]}}