{"id":13155,"date":"2019-06-03T13:25:11","date_gmt":"2019-06-03T11:25:11","guid":{"rendered":"https:\/\/www.labunie.com.pl\/?p=13155"},"modified":"2019-06-04T13:56:56","modified_gmt":"2019-06-04T11:56:56","slug":"raport-o-stanie-gminy-za-2018-r","status":"publish","type":"post","link":"https:\/\/www.labunie.com.pl\/?p=13155","title":{"rendered":"Raport o stanie gminy za 2018 r."},"content":{"rendered":"\n<p><strong>Na podstawie art.&nbsp; 28aa.&nbsp; ustawy z dnia 8 marca 1990 r. o samorz\u0105dzie gminnym W\u00f3jt co roku do dnia 31 maja przedstawia radzie gminy raport o stanie gminy.  Raport obejmuje: podsumowanie dzia\u0142alno\u015bci w\u00f3jta w roku poprzednim, w szczeg\u00f3lno\u015bci realizacj\u0119 polityk, program\u00f3w, strategii i uchwa\u0142 rady gminy. Rada gminy rozpatruje raport podczas sesji, na kt\u00f3rej podejmowana jest uchwa\u0142a w sprawie udzielenia lub nieudzielenia absolutorium w\u00f3jtowi. <\/strong><\/p>\n\n\n\n<!--more-->\n\n\n\n<div style=\"height:20px\" aria-hidden=\"true\" class=\"wp-block-spacer\"><\/div>\n\n\n\n<p><strong>Raport rozpatrywany jest w pierwszej kolejno\u015bci. <\/strong><\/p>\n\n\n\n<div style=\"height:20px\" aria-hidden=\"true\" class=\"wp-block-spacer\"><\/div>\n\n\n\n<p>Nad\nprzedstawionym raportem o stanie gminy przeprowadza si\u0119 debat\u0119, w kt\u00f3rej <strong>mog\u0105 zabiera\u0107 g\u0142os mieszka\u0144cy gminy<\/strong>. <strong>Mieszkaniec, kt\u00f3ry chcia\u0142by zabra\u0107 g\u0142os\nsk\u0142ada do przewodnicz\u0105cego rady pisemne zg\u0142oszenie, poparte podpisami co\nnajmniej 20 os\u00f3b.<\/strong> <strong>&nbsp;Zg\u0142oszenie sk\u0142ada si\u0119 najp\u00f3\u017aniej w dniu\npoprzedzaj\u0105cym dzie\u0144, zwo\u0142ania sesji, na kt\u00f3rej ma by\u0107 przedstawiany raport o\nstanie gminy. <\/strong>Mieszka\u0144cy s\u0105 dopuszczani do g\u0142osu wed\u0142ug kolejno\u015bci\notrzymania przez przewodnicz\u0105cego rady zg\u0142oszenia. <\/p>\n\n\n\n<div style=\"height:20px\" aria-hidden=\"true\" class=\"wp-block-spacer\"><\/div>\n\n\n\n<p><strong>Ustawowa liczba mieszka\u0144c\u00f3w mog\u0105cych\nzabra\u0107 g\u0142os w debacie wynosi 15<\/strong>,\nrada gminy mo\u017ce postanowi\u0107 o zwi\u0119kszeniu liczby mieszka\u0144c\u00f3w zabieraj\u0105cych g\u0142os\nw debacie.<\/p>\n\n\n\n<div style=\"height:20px\" aria-hidden=\"true\" class=\"wp-block-spacer\"><\/div>\n\n\n\n<p><strong>Po zako\u0144czeniu debaty nad raportem rada\ngminy przeprowadza g\u0142osowanie nad udzieleniem w\u00f3jtowi wotum zaufania. <\/strong><\/p>\n\n\n\n<div style=\"height:20px\" aria-hidden=\"true\" class=\"wp-block-spacer\"><\/div>\n\n\n\n<p>Uchwa\u0142\u0119\no udzieleniu w\u00f3jtowi wotum zaufania rada gminy podejmuje bezwzgl\u0119dn\u0105\nwi\u0119kszo\u015bci\u0105 g\u0142os\u00f3w ustawowego sk\u0142adu rady gminy. <\/p>\n\n\n\n<div style=\"height:20px\" aria-hidden=\"true\" class=\"wp-block-spacer\"><\/div>\n\n\n\n<p><strong><em>Zg\u0142oszenia mieszka\u0144c\u00f3w, kt\u00f3rzy chc\u0105 zabra\u0107 g\u0142os w debacie nad przedstawionym raportem o stanie gminy b\u0119d\u0105 przyjmowanie w urz\u0119dzie gminy, w godzinach pracy urz\u0119du (pok\u00f3j Nr 3). <\/em><\/strong><\/p>\n\n\n\n<p><strong><em>Sesja Rady Gminy planowana jest na dzie\u0144 26 czerwca 2019r.<\/em><\/strong><\/p>\n\n\n\n<div style=\"height:20px\" aria-hidden=\"true\" class=\"wp-block-spacer\"><\/div>\n\n\n\n<div class=\"wp-block-file\"><a href=\"https:\/\/www.labunie.com.pl\/wp-content\/uploads\/2019\/06\/Zg\u0142oszenie.pdf\">Lista poparcia do zabrania g\u0142osu w debacie nad raportem o stanie gminy<\/a><a href=\"https:\/\/www.labunie.com.pl\/wp-content\/uploads\/2019\/06\/Zg\u0142oszenie.pdf\" class=\"wp-block-file__button\" download>Pobierz<\/a><\/div>\n\n\n\n<div style=\"height:20px\" aria-hidden=\"true\" class=\"wp-block-spacer\"><\/div>\n\n\n\n<div class=\"wp-block-file\"><a href=\"https:\/\/www.labunie.com.pl\/wp-content\/uploads\/2019\/06\/Raport-o-stanie-gminy-za-2018-rok-1.pdf\">Raport o stanie gminy za rok 2018<\/a><a href=\"https:\/\/www.labunie.com.pl\/wp-content\/uploads\/2019\/06\/Raport-o-stanie-gminy-za-2018-rok-1.pdf\" class=\"wp-block-file__button\" download>Pobierz<\/a><\/div>\n","protected":false},"excerpt":{"rendered":"<p>Na podstawie art.&nbsp; 28aa.&nbsp; ustawy z dnia 8 marca 1990 r. o samorz\u0105dzie gminnym W\u00f3jt co roku do dnia 31 maja przedstawia radzie gminy raport o stanie gminy. Raport obejmuje: podsumowanie dzia\u0142alno\u015bci w\u00f3jta w roku poprzednim, w szczeg\u00f3lno\u015bci realizacj\u0119 polityk, program\u00f3w, strategii i uchwa\u0142 rady gminy. Rada gminy rozpatruje raport podczas sesji, na kt\u00f3rej podejmowana [&hellip;]<\/p>\n","protected":false},"author":7,"featured_media":1154,"comment_status":"closed","ping_status":"closed","sticky":false,"template":"","format":"standard","meta":{"footnotes":""},"categories":[1],"tags":[],"class_list":["post-13155","post","type-post","status-publish","format-standard","has-post-thumbnail","hentry","category-wpisy","clearfix"],"_links":{"self":[{"href":"https:\/\/www.labunie.com.pl\/index.php?rest_route=\/wp\/v2\/posts\/13155","targetHints":{"allow":["GET"]}}],"collection":[{"href":"https:\/\/www.labunie.com.pl\/index.php?rest_route=\/wp\/v2\/posts"}],"about":[{"href":"https:\/\/www.labunie.com.pl\/index.php?rest_route=\/wp\/v2\/types\/post"}],"author":[{"embeddable":true,"href":"https:\/\/www.labunie.com.pl\/index.php?rest_route=\/wp\/v2\/users\/7"}],"replies":[{"embeddable":true,"href":"https:\/\/www.labunie.com.pl\/index.php?rest_route=%2Fwp%2Fv2%2Fcomments&post=13155"}],"version-history":[{"count":3,"href":"https:\/\/www.labunie.com.pl\/index.php?rest_route=\/wp\/v2\/posts\/13155\/revisions"}],"predecessor-version":[{"id":13182,"href":"https:\/\/www.labunie.com.pl\/index.php?rest_route=\/wp\/v2\/posts\/13155\/revisions\/13182"}],"wp:featuredmedia":[{"embeddable":true,"href":"https:\/\/www.labunie.com.pl\/index.php?rest_route=\/wp\/v2\/media\/1154"}],"wp:attachment":[{"href":"https:\/\/www.labunie.com.pl\/index.php?rest_route=%2Fwp%2Fv2%2Fmedia&parent=13155"}],"wp:term":[{"taxonomy":"category","embeddable":true,"href":"https:\/\/www.labunie.com.pl\/index.php?rest_route=%2Fwp%2Fv2%2Fcategories&post=13155"},{"taxonomy":"post_tag","embeddable":true,"href":"https:\/\/www.labunie.com.pl\/index.php?rest_route=%2Fwp%2Fv2%2Ftags&post=13155"}],"curies":[{"name":"wp","href":"https:\/\/api.w.org\/{rel}","templated":true}]}}