{"id":13081,"date":"2019-05-22T09:39:18","date_gmt":"2019-05-22T07:39:18","guid":{"rendered":"https:\/\/www.labunie.com.pl\/?p=13081"},"modified":"2019-05-22T09:51:38","modified_gmt":"2019-05-22T07:51:38","slug":"posluchaj-wywiadu-w-radio-eska-o-gminie-labunie","status":"publish","type":"post","link":"https:\/\/www.labunie.com.pl\/?p=13081","title":{"rendered":"Pos\u0142uchaj wywiadu w Radio Eska o gminie \u0141abunie"},"content":{"rendered":"\n<p><strong>W Radio Eska Zamo\u015b\u0107 ju\u017c jutro b\u0119dzie mo\u017cna us\u0142ysze\u0107 pierwsz\u0105 cz\u0119\u015b\u0107 wywiadu o gminie \u0141abunie. W\u00f3jt Mariusz Kukie\u0142ka zaprosi s\u0142uchaczy do uczestnictwa w III Integracyjnej Pieszej Grze Terenowej \u201eLe\u015bne Nowiny\u201d, kt\u00f3ra odb\u0119dzie si\u0119 \u2013 przypomnijmy \u2013 7 czerwca.<\/strong><\/p>\n\n\n\n<!--more-->\n\n\n\n<div style=\"height:60px\" aria-hidden=\"true\" class=\"wp-block-spacer\"><\/div>\n\n\n\n<p><strong> <\/strong> <\/p>\n\n\n\n<p>Us\u0142yszycie, jak si\u0119\nzg\u0142osi\u0107 do rajdu, jakie b\u0119d\u0105 konkurencje i w jakich miejscach\nczeka\u0107 b\u0119dzie na Was le\u015bna przygoda.<\/p>\n\n\n\n<p>Wywiad ju\u017c jutro \u2013 w czwartek (23 maja) w programie \u201eMagazyn Zamo\u015b\u0107 o 6.00\u201d w Radio Eska na 97,3 FM. Warto nastawi\u0107 budzik wcze\u015bniej i pos\u0142ucha\u0107. Powt\u00f3rka wywiadu w najbli\u017csz\u0105 sobot\u0119 i niedziel\u0119 mi\u0119dzy godz. 7.30 a 8.00.<\/p>\n\n\n\n<p>Ju\u017c niebawem poinformujemy Was, kiedy o gminie \u0141abunie us\u0142yszycie w kolejnej cz\u0119\u015bci wywiadu. Tym razem zach\u0119cimy s\u0142uchaczy do turystycznego odkrywania gminy \u0141abunie.   <\/p>\n","protected":false},"excerpt":{"rendered":"<p>W Radio Eska Zamo\u015b\u0107 ju\u017c jutro b\u0119dzie mo\u017cna us\u0142ysze\u0107 pierwsz\u0105 cz\u0119\u015b\u0107 wywiadu o gminie \u0141abunie. W\u00f3jt Mariusz Kukie\u0142ka zaprosi s\u0142uchaczy do uczestnictwa w III Integracyjnej Pieszej Grze Terenowej \u201eLe\u015bne Nowiny\u201d, kt\u00f3ra odb\u0119dzie si\u0119 \u2013 przypomnijmy \u2013 7 czerwca.<\/p>\n","protected":false},"author":11,"featured_media":13082,"comment_status":"closed","ping_status":"closed","sticky":false,"template":"","format":"standard","meta":{"footnotes":""},"categories":[1],"tags":[],"class_list":["post-13081","post","type-post","status-publish","format-standard","has-post-thumbnail","hentry","category-wpisy","clearfix"],"_links":{"self":[{"href":"https:\/\/www.labunie.com.pl\/index.php?rest_route=\/wp\/v2\/posts\/13081","targetHints":{"allow":["GET"]}}],"collection":[{"href":"https:\/\/www.labunie.com.pl\/index.php?rest_route=\/wp\/v2\/posts"}],"about":[{"href":"https:\/\/www.labunie.com.pl\/index.php?rest_route=\/wp\/v2\/types\/post"}],"author":[{"embeddable":true,"href":"https:\/\/www.labunie.com.pl\/index.php?rest_route=\/wp\/v2\/users\/11"}],"replies":[{"embeddable":true,"href":"https:\/\/www.labunie.com.pl\/index.php?rest_route=%2Fwp%2Fv2%2Fcomments&post=13081"}],"version-history":[{"count":3,"href":"https:\/\/www.labunie.com.pl\/index.php?rest_route=\/wp\/v2\/posts\/13081\/revisions"}],"predecessor-version":[{"id":13085,"href":"https:\/\/www.labunie.com.pl\/index.php?rest_route=\/wp\/v2\/posts\/13081\/revisions\/13085"}],"wp:featuredmedia":[{"embeddable":true,"href":"https:\/\/www.labunie.com.pl\/index.php?rest_route=\/wp\/v2\/media\/13082"}],"wp:attachment":[{"href":"https:\/\/www.labunie.com.pl\/index.php?rest_route=%2Fwp%2Fv2%2Fmedia&parent=13081"}],"wp:term":[{"taxonomy":"category","embeddable":true,"href":"https:\/\/www.labunie.com.pl\/index.php?rest_route=%2Fwp%2Fv2%2Fcategories&post=13081"},{"taxonomy":"post_tag","embeddable":true,"href":"https:\/\/www.labunie.com.pl\/index.php?rest_route=%2Fwp%2Fv2%2Ftags&post=13081"}],"curies":[{"name":"wp","href":"https:\/\/api.w.org\/{rel}","templated":true}]}}