{"id":12927,"date":"2019-05-07T08:23:01","date_gmt":"2019-05-07T06:23:01","guid":{"rendered":"https:\/\/www.labunie.com.pl\/?p=12927"},"modified":"2019-05-07T08:39:04","modified_gmt":"2019-05-07T06:39:04","slug":"zglos-sie-na-festiwal-piesni-liturgicznych-i-religijnych-w-krynicach","status":"publish","type":"post","link":"https:\/\/www.labunie.com.pl\/?p=12927","title":{"rendered":"Zg\u0142o\u015b si\u0119 na Festiwal pie\u015bni liturgicznych i religijnych w Krynicach"},"content":{"rendered":"\n<p><strong>Gminny O\u015brodek Kultury w Krynicach i Parafia Rzymskokatolicka w Krynicach organizuj\u0105 VIII Festiwal Pie\u015bni Ku Czci Serca Jezusowego. Festiwal odb\u0119dzie si\u0119 2 czerwca.<\/strong><\/p>\n\n\n\n<div style=\"height:20px\" aria-hidden=\"true\" class=\"wp-block-spacer\"><\/div>\n\n\n\n<!--more-->\n\n\n\n<div style=\"height:20px\" aria-hidden=\"true\" class=\"wp-block-spacer\"><\/div>\n\n\n\n<p>Festiwal adresowany jest do zespo\u0142\u00f3w wokalnych, wokalno-instrumentalnych, scholi, ch\u00f3r\u00f3w oraz solist\u00f3w dzia\u0142aj\u0105cych w szko\u0142ach podstawowych, gimnazjalnych, ponadgimnazjalnych, o\u015brodkach kultury i parafiach. Zg\u0142oszenia przyjmowane s\u0105 do&nbsp; 22 maja. Przyjmuje je Gminny O\u015brodek Kultury w Krynicach. Szczeg\u00f3\u0142owe zasady udzia\u0142u w festiwalu i kart\u0119 zg\u0142oszeniow\u0105 znajdziecie klikaj\u0105c w poni\u017cszy link. <\/p>\n\n\n\n<div style=\"height:20px\" aria-hidden=\"true\" class=\"wp-block-spacer\"><\/div>\n\n\n\n<div class=\"wp-block-file\"><a href=\"https:\/\/www.labunie.com.pl\/wp-content\/uploads\/2019\/05\/Regulamin-Festiwal-ku_Czci_Serca_Jezusowego.pdf\">Regulamin Festiwalu i karta zg\u0142oszeniowa<\/a><a href=\"https:\/\/www.labunie.com.pl\/wp-content\/uploads\/2019\/05\/Regulamin-Festiwal-ku_Czci_Serca_Jezusowego.pdf\" class=\"wp-block-file__button\" download>Pobierz<\/a><\/div>\n","protected":false},"excerpt":{"rendered":"<p>Gminny O\u015brodek Kultury w Krynicach i Parafia Rzymskokatolicka w Krynicach organizuj\u0105 VIII Festiwal Pie\u015bni Ku Czci Serca Jezusowego. Festiwal odb\u0119dzie si\u0119 2 czerwca.<\/p>\n","protected":false},"author":11,"featured_media":12928,"comment_status":"closed","ping_status":"closed","sticky":false,"template":"","format":"standard","meta":{"footnotes":""},"categories":[1],"tags":[],"class_list":["post-12927","post","type-post","status-publish","format-standard","has-post-thumbnail","hentry","category-wpisy","clearfix"],"_links":{"self":[{"href":"https:\/\/www.labunie.com.pl\/index.php?rest_route=\/wp\/v2\/posts\/12927","targetHints":{"allow":["GET"]}}],"collection":[{"href":"https:\/\/www.labunie.com.pl\/index.php?rest_route=\/wp\/v2\/posts"}],"about":[{"href":"https:\/\/www.labunie.com.pl\/index.php?rest_route=\/wp\/v2\/types\/post"}],"author":[{"embeddable":true,"href":"https:\/\/www.labunie.com.pl\/index.php?rest_route=\/wp\/v2\/users\/11"}],"replies":[{"embeddable":true,"href":"https:\/\/www.labunie.com.pl\/index.php?rest_route=%2Fwp%2Fv2%2Fcomments&post=12927"}],"version-history":[{"count":3,"href":"https:\/\/www.labunie.com.pl\/index.php?rest_route=\/wp\/v2\/posts\/12927\/revisions"}],"predecessor-version":[{"id":12934,"href":"https:\/\/www.labunie.com.pl\/index.php?rest_route=\/wp\/v2\/posts\/12927\/revisions\/12934"}],"wp:featuredmedia":[{"embeddable":true,"href":"https:\/\/www.labunie.com.pl\/index.php?rest_route=\/wp\/v2\/media\/12928"}],"wp:attachment":[{"href":"https:\/\/www.labunie.com.pl\/index.php?rest_route=%2Fwp%2Fv2%2Fmedia&parent=12927"}],"wp:term":[{"taxonomy":"category","embeddable":true,"href":"https:\/\/www.labunie.com.pl\/index.php?rest_route=%2Fwp%2Fv2%2Fcategories&post=12927"},{"taxonomy":"post_tag","embeddable":true,"href":"https:\/\/www.labunie.com.pl\/index.php?rest_route=%2Fwp%2Fv2%2Ftags&post=12927"}],"curies":[{"name":"wp","href":"https:\/\/api.w.org\/{rel}","templated":true}]}}