{"id":12900,"date":"2019-05-06T22:52:01","date_gmt":"2019-05-06T20:52:01","guid":{"rendered":"https:\/\/www.labunie.com.pl\/?p=12900"},"modified":"2019-05-06T22:49:21","modified_gmt":"2019-05-06T20:49:21","slug":"powiatowy-dzien-strazaka-w-labuniach-relacja","status":"publish","type":"post","link":"https:\/\/www.labunie.com.pl\/?p=12900","title":{"rendered":"Powiatowy Dzie\u0144 Stra\u017caka w \u0141abuniach \u2013 relacja"},"content":{"rendered":"\n<p><strong>Uroczysty ceremonia\u0142, wr\u0119czenie odznacze\u0144, przekazanie samochodu po\u017carniczego dla OSP \u0141abunie i piknik stra\u017cacki. W niedziel\u0119, 5 maja w \u0141abuniach odby\u0142 si\u0119 Powiatowy Dzie\u0144 Stra\u017caka.<\/strong><\/p>\n\n\n\n<!--more-->\n\n\n\n<div style=\"height:120px\" aria-hidden=\"true\" class=\"wp-block-spacer\"><\/div>\n\n\n\n<p>Uroczysto\u015b\u0107 rozpocz\u0119\u0142a w po\u0142udnie od uroczystej Mszy \u015bw. Po nabo\u017ce\u0144stwie odby\u0142 si\u0119 ceremonia\u0142 stra\u017cacki. Jednym z wa\u017cniejszych element\u00f3w uroczysto\u015bci by\u0142o wr\u0119czenie Z\u0142otego Znaku Zwi\u0105zku Ochotniczych Stra\u017cy Po\u017carnych RP oraz przekazanie nowego samochodu po\u017carniczego dla OSP \u0141abunie. Cz\u0119\u015b\u0107 oficjaln\u0105 u\u015bwietni\u0142a \u0142abu\u0144ska Orkiestra D\u0119ta pod batut\u0105 kapelmistrza Zbigniewa Pieczykolana.&nbsp; Po niej uczestnicy wydarzenia mogli wzi\u0105\u0107 udzia\u0142 w pikniku stra\u017cackim, na kt\u00f3rym prezentowano pojazdy po\u017carnicze:zabytkowe jaki i wsp\u00f3\u0142czesne. Dodatkow\u0105 atrakcj\u0105 obchod\u00f3w by\u0142 symulator dachowania. Dla zgromadzonej publiczno\u015bci wyst\u0119powa\u0142y lokalne zespo\u0142y: Ogrodniczki z \u0141abuniek Pierwszych, \u0141abu\u0144skie Iskierki, Barchaczowskie Superbabki, Duet One i zesp\u00f3\u0142 Grze\u015bki z Ruszowa.<\/p>\n\n\n\n<p>Msz\u0119 celebrowali: ks. Pra\u0142at dr\nWies\u0142aw Galant \u2013 kapelan diecezjalny, ks. kan. Andrzej Chmaj \u2013\nKapelan Stra\u017cak\u00f3w powiatu zamojskiego, ks. kan. Piotr Rawlik \u2013\nProboszcz Parafii w \u0141abuniach<\/p>\n\n\n\n<p>Udzia\u0142 w uroczysto\u015bciach wzi\u0119li\nzaproszeni go\u015bcie: S\u0142awomir Zawi\u015blak \u2013 Pose\u0142 na Sejm RP, Jerzy\nChr\u00f3\u015bcikowski \u2013 Senator RP, Piotr Zmarz \u2013 Z-ca Lubelskiego\nKomendanta Wojew\u00f3dzkiego Pa\u0144stwowej Stra\u017cy Po\u017carnej w Lublinie,\nKrzysztof Ga\u0142aszkiewicz \u2013 radny sejmiku wojew\u00f3dztwa, Alina\nBujnowska z Wojew\u00f3dzkiego Funduszu Ochrony \u015arodowiska i Gospodarki\nWodnej w Lublinie, Piotr B\u0142a\u017cewicz \u2013 przewodnicz\u0105cy zamojskiej\nRady Miasta, Stanis\u0142aw Grze\u015bko \u2013 Starosta Zamojski, Krzysztof\nRusztyn \u2013 przewodnicz\u0105cy Rady Powiatu Zamojskiego, radni powiatu\nzamojskiego, st. bryg. Jacek Sobczy\u0144ski \u2013 Komendant Pa\u0144stwowej\nStra\u017cy Po\u017carnej w Zamo\u015bciu, P\u0142k. Dariusz Bernat \u2013 Dyrektor\nZak\u0142adu Karnego w Zamo\u015bciu, pp\u0142k. Leszek Winogrodzki \u2013 Dow\u00f3dca\n3 Batalionu Zmechanizowanego w Zamo\u015bciu, pp\u0142k. Jerzy Muzyka \u2013\nKomendant 32 Wojskowego Oddzia\u0142u Gospodarczego w Zamo\u015bciu, mjr.\nStanis\u0142aw Tyczy\u0144ski \u2013 zast\u0119pca Komendanta WKU w Zamo\u015bciu, insp.\nWies\u0142aw Pawluk \u2013 Komendant Miejskiej Policji w Zamo\u015bciu,\nNadkomisarz S\u0142awomir Ju\u015b \u2013 z-ca Naczelnika Lubelskiego Urz\u0119du\nCelno-Skarbowego, Mariusz Branecki \u2013 wiceprezes Zarz\u0105du Oddzia\u0142u\nPowiatowego ZOSP RP w Zamo\u015bciu, Leszek Dmitroca \u2013 Nadle\u015bniczy\nNadle\u015bnictwa Tomasz\u00f3w Lubelski, Mieczys\u0142aw Skiba &#8211; p\u0142k. w stanie\nspoczynku, Edward Wisza \u2013 st. bryg. w stanie spoczynku, st. bryg. w\nst. spocz. Roman Popajewski. W\u015br\u00f3d zaproszonych go\u015bci byli r\u00f3wnie\u017c\nburmistrzowie i w\u00f3jtowie gmin powiatu zamojskiego.<\/p>\n\n\n\n<p>Gmin\u0119 \u0141abunie na uroczysto\u015bciach\nreprezentowali: Mariusz Kukie\u0142ka \u2013 W\u00f3jt Gminy \u0141abunie, Bogumi\u0142a\nMaziarczuk \u2013 sekretarz gminy \u0141abunie, El\u017cbieta Ku\u017ama \u2013\nPrzewodnicz\u0105ca Rady Gminy \u0141abunie, Mariusz Kliza \u2013 z-ca\nPrzewodnicz\u0105cego Rady Gminy \u0141abunie, radni i so\u0142tysi Gminy\n\u0141abunie. Udzia\u0142 w uroczysto\u015bciach wzi\u0119li r\u00f3wnie\u017c: Prezesi oraz\nKomendanci Gminni Zwi\u0105zku OSP RP powiatu zamojskiego, stra\u017cacy i\nmieszka\u0144cy oraz go\u015bcie, kt\u00f3rzy odwiedzili gmin\u0119 \u0141abunie w d\u0142ugi\nmajowy weekend. \n<\/p>\n\n\n\n<p><strong><br>Organizatorami Powiatowego Dnia Stra\u017caka w \u0141abuniach byli:<\/strong> Stanis\u0142aw Grze\u015bko \u2013 Starosta zamojski, st. bryg. Jacek Sobczy\u0144ski \u2013 Komendant miejski PSP w Zamo\u015bciu, druh Kazimierz Mielnicki \u2013 Prezes zarz\u0105du Oddzia\u0142u Powiatowego ZOSP RP w Zamo\u015bciu oraz Mariusz Kukie\u0142ka &#8211;  W\u00f3jt gminy \u0141abunie. <\/p>\n\n\n\n<p>Podzi\u0119kowania nale\u017c\u0105 si\u0119 r\u00f3wnie\u017c wszystkim stra\u017cakom z OSP z ca\u0142ej zgminy \u0141abunie za wsp\u00f3\u0142udzia\u0142 w organizacji Powiatowego Dnia Stra\u017caka. <\/p>\n\n\n\n<div style=\"height:20px\" aria-hidden=\"true\" class=\"wp-block-spacer\"><\/div>\n\n\n<p>[lg_folder folder=&#8221;20190505\/&#8221; count=&#8221;75&#8243; paging=&#8221;false&#8221;]<\/p>\n\n\n<div style=\"height:20px\" aria-hidden=\"true\" class=\"wp-block-spacer\"><\/div>\n","protected":false},"excerpt":{"rendered":"<p>Uroczysty ceremonia\u0142, wr\u0119czenie odznacze\u0144, przekazanie samochodu po\u017carniczego dla OSP \u0141abunie i piknik stra\u017cacki. W niedziel\u0119, 5 maja w \u0141abuniach odby\u0142 si\u0119 Powiatowy Dzie\u0144 Stra\u017caka.<\/p>\n","protected":false},"author":11,"featured_media":12905,"comment_status":"closed","ping_status":"closed","sticky":false,"template":"","format":"standard","meta":{"footnotes":""},"categories":[1],"tags":[],"class_list":["post-12900","post","type-post","status-publish","format-standard","has-post-thumbnail","hentry","category-wpisy","clearfix"],"_links":{"self":[{"href":"https:\/\/www.labunie.com.pl\/index.php?rest_route=\/wp\/v2\/posts\/12900","targetHints":{"allow":["GET"]}}],"collection":[{"href":"https:\/\/www.labunie.com.pl\/index.php?rest_route=\/wp\/v2\/posts"}],"about":[{"href":"https:\/\/www.labunie.com.pl\/index.php?rest_route=\/wp\/v2\/types\/post"}],"author":[{"embeddable":true,"href":"https:\/\/www.labunie.com.pl\/index.php?rest_route=\/wp\/v2\/users\/11"}],"replies":[{"embeddable":true,"href":"https:\/\/www.labunie.com.pl\/index.php?rest_route=%2Fwp%2Fv2%2Fcomments&post=12900"}],"version-history":[{"count":5,"href":"https:\/\/www.labunie.com.pl\/index.php?rest_route=\/wp\/v2\/posts\/12900\/revisions"}],"predecessor-version":[{"id":31118,"href":"https:\/\/www.labunie.com.pl\/index.php?rest_route=\/wp\/v2\/posts\/12900\/revisions\/31118"}],"wp:featuredmedia":[{"embeddable":true,"href":"https:\/\/www.labunie.com.pl\/index.php?rest_route=\/wp\/v2\/media\/12905"}],"wp:attachment":[{"href":"https:\/\/www.labunie.com.pl\/index.php?rest_route=%2Fwp%2Fv2%2Fmedia&parent=12900"}],"wp:term":[{"taxonomy":"category","embeddable":true,"href":"https:\/\/www.labunie.com.pl\/index.php?rest_route=%2Fwp%2Fv2%2Fcategories&post=12900"},{"taxonomy":"post_tag","embeddable":true,"href":"https:\/\/www.labunie.com.pl\/index.php?rest_route=%2Fwp%2Fv2%2Ftags&post=12900"}],"curies":[{"name":"wp","href":"https:\/\/api.w.org\/{rel}","templated":true}]}}