{"id":12419,"date":"2019-04-25T14:06:40","date_gmt":"2019-04-25T12:06:40","guid":{"rendered":"https:\/\/www.labunie.com.pl\/?p=12419"},"modified":"2019-04-25T14:38:09","modified_gmt":"2019-04-25T12:38:09","slug":"uczcijmy-ich-pamiec","status":"publish","type":"post","link":"https:\/\/www.labunie.com.pl\/?p=12419","title":{"rendered":"Uczcijmy ich pami\u0119\u0107"},"content":{"rendered":"\n<p><strong>W\u00f3jt Gminy \u0141abunie oraz Proboszcz Parafii \u0141abunie zapraszaj\u0105 28 kwietnia na obchody 74. rocznicy mordu dokonanego przez NKWD na \u017co\u0142nierzach Armii Krajowej, Batalion\u00f3w Ch\u0142opskich i ludno\u015bci cywilnej \u0141abuniek.<\/strong><\/p>\n\n\n\n<div style=\"height:20px\" aria-hidden=\"true\" class=\"wp-block-spacer\"><\/div>\n\n\n\n<!--more-->\n\n\n\n<div style=\"height:50px\" aria-hidden=\"true\" class=\"wp-block-spacer\"><\/div>\n\n\n\n<p>Uroczysto\u015bci rozpoczn\u0105 si\u0119 Msz\u0105 \u015bw. o godz. 10:00 w ko\u015bciele parafialnym w \u0141abuniach. Po Mszy zostan\u0105 z\u0142o\u017cone wie\u0144ce i zapalone znicze przy pomniku \u201ePoleg\u0142ym w walkach o niepodleg\u0142\u0105 Polsk\u0119 w latach 1939 \u2013 1945\u201d na cmentarzu parafialnym w \u0141abuniach.<\/p>\n","protected":false},"excerpt":{"rendered":"<p>W\u00f3jt Gminy \u0141abunie oraz Proboszcz Parafii \u0141abunie zapraszaj\u0105 28 kwietnia na obchody 74. rocznicy mordu dokonanego przez NKWD na \u017co\u0142nierzach Armii Krajowej, Batalion\u00f3w Ch\u0142opskich i ludno\u015bci cywilnej \u0141abuniek.<\/p>\n","protected":false},"author":11,"featured_media":12420,"comment_status":"closed","ping_status":"closed","sticky":false,"template":"","format":"standard","meta":{"footnotes":""},"categories":[1],"tags":[],"class_list":["post-12419","post","type-post","status-publish","format-standard","has-post-thumbnail","hentry","category-wpisy","clearfix"],"_links":{"self":[{"href":"https:\/\/www.labunie.com.pl\/index.php?rest_route=\/wp\/v2\/posts\/12419","targetHints":{"allow":["GET"]}}],"collection":[{"href":"https:\/\/www.labunie.com.pl\/index.php?rest_route=\/wp\/v2\/posts"}],"about":[{"href":"https:\/\/www.labunie.com.pl\/index.php?rest_route=\/wp\/v2\/types\/post"}],"author":[{"embeddable":true,"href":"https:\/\/www.labunie.com.pl\/index.php?rest_route=\/wp\/v2\/users\/11"}],"replies":[{"embeddable":true,"href":"https:\/\/www.labunie.com.pl\/index.php?rest_route=%2Fwp%2Fv2%2Fcomments&post=12419"}],"version-history":[{"count":2,"href":"https:\/\/www.labunie.com.pl\/index.php?rest_route=\/wp\/v2\/posts\/12419\/revisions"}],"predecessor-version":[{"id":12423,"href":"https:\/\/www.labunie.com.pl\/index.php?rest_route=\/wp\/v2\/posts\/12419\/revisions\/12423"}],"wp:featuredmedia":[{"embeddable":true,"href":"https:\/\/www.labunie.com.pl\/index.php?rest_route=\/wp\/v2\/media\/12420"}],"wp:attachment":[{"href":"https:\/\/www.labunie.com.pl\/index.php?rest_route=%2Fwp%2Fv2%2Fmedia&parent=12419"}],"wp:term":[{"taxonomy":"category","embeddable":true,"href":"https:\/\/www.labunie.com.pl\/index.php?rest_route=%2Fwp%2Fv2%2Fcategories&post=12419"},{"taxonomy":"post_tag","embeddable":true,"href":"https:\/\/www.labunie.com.pl\/index.php?rest_route=%2Fwp%2Fv2%2Ftags&post=12419"}],"curies":[{"name":"wp","href":"https:\/\/api.w.org\/{rel}","templated":true}]}}