{"id":12334,"date":"2019-04-17T09:00:33","date_gmt":"2019-04-17T07:00:33","guid":{"rendered":"https:\/\/www.labunie.com.pl\/?p=12334"},"modified":"2019-04-17T13:27:22","modified_gmt":"2019-04-17T11:27:22","slug":"ogrodniczki-promuja-gmine-labunie","status":"publish","type":"post","link":"https:\/\/www.labunie.com.pl\/?p=12334","title":{"rendered":"Ogrodniczki promuj\u0105 gmin\u0119 \u0141abunie"},"content":{"rendered":"\n<p><strong>Zesp\u00f3\u0142 Ogrodniczki z \u0141abuniek Pierwszych promowa\u0142 nasz\u0105 gmin\u0119 na Kiermaszu Wielkanocnym w Zamo\u015bciu. Grupa da\u0142a p\u00f3\u0142godzinny wyst\u0119p na scenie na Rynku Wielkim w Zamo\u015bciu.<\/strong><\/p>\n\n\n\n<div style=\"height:20px\" aria-hidden=\"true\" class=\"wp-block-spacer\"><\/div>\n\n\n\n<!--more-->\n\n\n\n<div style=\"height:50px\" aria-hidden=\"true\" class=\"wp-block-spacer\"><\/div>\n\n\n\n<p>Zesp\u00f3\u0142 Ogrodniczki wyst\u0105pi\u0142 na Kiermaszu w niedziel\u0119 (14 kwietnia) na zaproszenie Zamojskiego Domu Kultury. Zesp\u00f3\u0142 wykona\u0142 osiem utwor\u00f3w, takie jak np. <em>Kocham lato<\/em>, <em>W moim ogr\u00f3deczku<\/em> i <em>G\u00f3ralsko zabawa<\/em>.<\/p>\n\n\n\n<div style=\"height:20px\" aria-hidden=\"true\" class=\"wp-block-spacer\"><\/div>\n\n\n\n<p>Ogrodniczki spodoba\u0142y si\u0119 publiczno\u015bci, wi\u0119c by\u0142y i bisy.  <\/p>\n\n\n\n<div style=\"height:20px\" aria-hidden=\"true\" class=\"wp-block-spacer\"><\/div>\n\n\n\n<p>Na scenie wyst\u0105pi\u0142y : El\u017cbieta Garbacz, El\u017cbieta Grula, Anna Ju\u015b, Beata Klimko, Stanis\u0142awa Klimek, Monika Tomasiak, Bernarda Petryk, Bo\u017cena P\u0119czkowicz, Ma\u0142gorzata Zwolak i Andrzej Grula. Do \u015bpiewu przygrywa\u0142a kapela w sk\u0142adzie : Ryszard Czop &#8211; akordeon, Stanis\u0142aw P\u0119czkowicz &#8211; b\u0119benek i Jan Wichrowski &#8211; saksofon.<\/p>\n\n\n\n<div style=\"height:20px\" aria-hidden=\"true\" class=\"wp-block-spacer\"><\/div>\n\n\n\n<figure class=\"wp-block-image\"><img loading=\"lazy\" decoding=\"async\" width=\"640\" height=\"478\" src=\"https:\/\/www.labunie.com.pl\/wp-content\/uploads\/2019\/04\/IMG_2897.jpg\" alt=\"\" class=\"wp-image-12337\" srcset=\"https:\/\/www.labunie.com.pl\/wp-content\/uploads\/2019\/04\/IMG_2897.jpg 640w, https:\/\/www.labunie.com.pl\/wp-content\/uploads\/2019\/04\/IMG_2897-300x224.jpg 300w\" sizes=\"auto, (max-width: 640px) 100vw, 640px\" \/><figcaption>Ogrodniczki w Zamo\u015bciu<\/figcaption><\/figure>\n","protected":false},"excerpt":{"rendered":"<p>Zesp\u00f3\u0142 Ogrodniczki z \u0141abuniek Pierwszych promowa\u0142 nasz\u0105 gmin\u0119 na Kiermaszu Wielkanocnym w Zamo\u015bciu. Grupa da\u0142a p\u00f3\u0142godzinny wyst\u0119p na scenie na Rynku Wielkim w Zamo\u015bciu.<\/p>\n","protected":false},"author":11,"featured_media":12335,"comment_status":"closed","ping_status":"closed","sticky":false,"template":"","format":"standard","meta":{"footnotes":""},"categories":[1],"tags":[],"class_list":["post-12334","post","type-post","status-publish","format-standard","has-post-thumbnail","hentry","category-wpisy","clearfix"],"_links":{"self":[{"href":"https:\/\/www.labunie.com.pl\/index.php?rest_route=\/wp\/v2\/posts\/12334","targetHints":{"allow":["GET"]}}],"collection":[{"href":"https:\/\/www.labunie.com.pl\/index.php?rest_route=\/wp\/v2\/posts"}],"about":[{"href":"https:\/\/www.labunie.com.pl\/index.php?rest_route=\/wp\/v2\/types\/post"}],"author":[{"embeddable":true,"href":"https:\/\/www.labunie.com.pl\/index.php?rest_route=\/wp\/v2\/users\/11"}],"replies":[{"embeddable":true,"href":"https:\/\/www.labunie.com.pl\/index.php?rest_route=%2Fwp%2Fv2%2Fcomments&post=12334"}],"version-history":[{"count":5,"href":"https:\/\/www.labunie.com.pl\/index.php?rest_route=\/wp\/v2\/posts\/12334\/revisions"}],"predecessor-version":[{"id":12347,"href":"https:\/\/www.labunie.com.pl\/index.php?rest_route=\/wp\/v2\/posts\/12334\/revisions\/12347"}],"wp:featuredmedia":[{"embeddable":true,"href":"https:\/\/www.labunie.com.pl\/index.php?rest_route=\/wp\/v2\/media\/12335"}],"wp:attachment":[{"href":"https:\/\/www.labunie.com.pl\/index.php?rest_route=%2Fwp%2Fv2%2Fmedia&parent=12334"}],"wp:term":[{"taxonomy":"category","embeddable":true,"href":"https:\/\/www.labunie.com.pl\/index.php?rest_route=%2Fwp%2Fv2%2Fcategories&post=12334"},{"taxonomy":"post_tag","embeddable":true,"href":"https:\/\/www.labunie.com.pl\/index.php?rest_route=%2Fwp%2Fv2%2Ftags&post=12334"}],"curies":[{"name":"wp","href":"https:\/\/api.w.org\/{rel}","templated":true}]}}