{"id":12191,"date":"2019-04-12T11:47:52","date_gmt":"2019-04-12T09:47:52","guid":{"rendered":"https:\/\/www.labunie.com.pl\/?p=12191"},"modified":"2019-04-12T12:04:17","modified_gmt":"2019-04-12T10:04:17","slug":"dzien-pamieci-ofiar-zbrodni-katynskiej-2019","status":"publish","type":"post","link":"https:\/\/www.labunie.com.pl\/?p=12191","title":{"rendered":"Katy\u0144 1940 \u2013 gmina \u0141abunie pami\u0119ta\ufeff"},"content":{"rendered":"\n<p><strong>Porucznik Tadeusz Cury\u0142\u0142o, posterunkowy Policji Pa\u0144stwowej W\u0142odzmierz \u0141u\u0144, starszy posterunkowy Policji Pa\u0144stwowej Wincenty Rozkres, podporucznik Jan Antoniewicz, nauczyciel i regionalista Antoni Turczyn. Tym osobom  &#8211; ofiarom zbrodni katy\u0144skiej zwi\u0105zanym z gmin\u0105 \u0141abunie oddali\u015bmy ho\u0142d. <\/strong> <strong><br><\/strong><\/p>\n\n\n\n<!--more-->\n\n\n\n<div style=\"height:20px\" aria-hidden=\"true\" class=\"wp-block-spacer\"><\/div>\n\n\n\n<p>W pi\u0105tek, 12 kwietnia w gminie \u0141abunie zosta\u0142 uczczony Dzie\u0144 Pami\u0119ci Ofiar Zbrodni Katy\u0144skiej. W obchody w\u0142\u0105czy\u0142y si\u0119 w\u0142adze gminy, przedstawiciele Rady Gminy \u0141abunie, so\u0142tysi, pracownicy urz\u0119du gminy \u0141abunie, Gminnego O\u015brodka Pomocy Spo\u0142ecznej oraz mieszka\u0144cy. Zosta\u0142y z\u0142o\u017cone wie\u0144ce w kolorach patriotycznych, zap\u0142on\u0119\u0142y r\u00f3wnie\u017c znicze. Pami\u0119\u0107 ofiar katy\u0144skich uczczona zosta\u0142a w pi\u0119ciu miejscach na terenie gminy \u0141abunie. Cztery z nich to D\u0119by Pami\u0119ci posadzone w 2016 r. w ramach projektu patriotyczno-edukacyjnego \u201eKaty\u0144&#8230;ocali\u0107 od zapomnienia\u201d. Znicze oraz wi\u0105zanki zosta\u0142y z\u0142o\u017cone przy:<\/p>\n\n\n\n<ul class=\"wp-block-list\"><li>D\u0119bie Pami\u0119ci na\n\tterenie Urz\u0119du Gminy w \u0141abuniach po\u015bwi\u0119conemu Tadeuszowi Cury\u0142\u0142o\n\t(pracownik Urz\u0119du Gminy w \u0141abuniach, stracony na Kozielskiej G\u00f3rze\n\tpod Smole\u0144skiem)\n\t<\/li><li>D\u0119bie Pami\u0119ci  na\n\tterenie ogrodu \u201ePawie Pi\u00f3ro\u201d w \u0141abuniach po\u015bwi\u0119conemu\n\tW\u0142odzimierzowi \u0141uniowi (urodzony w \u0141abuniach, stracony w\n\tKuropatach)\n\t<\/li><li>D\u0119bie Pami\u0119ci na\n\tskwerze przy Remizie Stra\u017cackiej w W\u00f3lce \u0141abu\u0144skiej po\u015bwi\u0119conemu\n\tWincentemu Rozkresowi (urodzony w W\u00f3lce \u0141abu\u0144skiej, rozstrelany w\n\tTwerze \u2013 dawna nazwa Kalinin)\n\t<\/li><li>D\u0119bie Pami\u0119ci na\n\tskwerze przy \u015awietlicy Wiejskiej w Wierzbiu po\u015bwi\u0119conemu\n\tAntoniemu Turczynowi (urodzony w Wierzbiu, aresztowany przez NKWD i\n\tzamordowany w Riazaniu)\n\t<\/li><li>grobie Jana\n\tAntoniewicza na cmentarzu parafialnym w \u0141abuniach (urodzony w\n\tgminie Krynice, wsp\u00f3\u0142w\u0142a\u015bciciel gospodarstwa w \u0141abu\u0144kach,\n\tzamordowany w Charkowie\n<\/li><\/ul>\n\n\n\n<p>Wie\u0144ce z\u0142o\u017cyli: W\u00f3jt\nGminy \u0141abunie \u2013 Mariusz Kukie\u0142ka, Sekretarz Gminy \u0141abunie \u2013\nBogumi\u0142a Maziarczuk, Przewodnicz\u0105ca Rady Gminy \u0141abunie \u2013\nEl\u017cbieta Ku\u017ama oraz Wiceprzewodnicz\u0105cy Rady Gminy \u0141abunie \u2013\nMariusz Kliza. W obchodach wzi\u0105\u0142 r\u00f3wnie\u017c udzia\u0142 dyrektor\nBiblioteki Publicznej Gminy \u0141abunie \u2013 Bogdan Szyku\u0142a. Go\u015bciem\nspecjalnym uroczysto\u015bci by\u0142a Pani Janina Wojnarowicz \u2013\nsiostrzenica zamordowanego w Charkowie podporucznika Jana\nAntoniewicza. \n<\/p>\n\n\n<p>[lg_folder folder=&#8221;20190412\/&#8221; paging=&#8221;false&#8221;]<\/p>","protected":false},"excerpt":{"rendered":"<p>Porucznik Tadeusz Cury\u0142\u0142o, posterunkowy Policji Pa\u0144stwowej W\u0142odzmierz \u0141u\u0144, starszy posterunkowy Policji Pa\u0144stwowej Wincenty Rozkres, podporucznik Jan Antoniewicz, nauczyciel i regionalista Antoni Turczyn. Tym osobom &#8211; ofiarom zbrodni katy\u0144skiej zwi\u0105zanym z gmin\u0105 \u0141abunie oddali\u015bmy ho\u0142d.<\/p>\n","protected":false},"author":7,"featured_media":12192,"comment_status":"closed","ping_status":"closed","sticky":false,"template":"","format":"standard","meta":{"footnotes":""},"categories":[1],"tags":[],"class_list":["post-12191","post","type-post","status-publish","format-standard","has-post-thumbnail","hentry","category-wpisy","clearfix"],"_links":{"self":[{"href":"https:\/\/www.labunie.com.pl\/index.php?rest_route=\/wp\/v2\/posts\/12191","targetHints":{"allow":["GET"]}}],"collection":[{"href":"https:\/\/www.labunie.com.pl\/index.php?rest_route=\/wp\/v2\/posts"}],"about":[{"href":"https:\/\/www.labunie.com.pl\/index.php?rest_route=\/wp\/v2\/types\/post"}],"author":[{"embeddable":true,"href":"https:\/\/www.labunie.com.pl\/index.php?rest_route=\/wp\/v2\/users\/7"}],"replies":[{"embeddable":true,"href":"https:\/\/www.labunie.com.pl\/index.php?rest_route=%2Fwp%2Fv2%2Fcomments&post=12191"}],"version-history":[{"count":3,"href":"https:\/\/www.labunie.com.pl\/index.php?rest_route=\/wp\/v2\/posts\/12191\/revisions"}],"predecessor-version":[{"id":12199,"href":"https:\/\/www.labunie.com.pl\/index.php?rest_route=\/wp\/v2\/posts\/12191\/revisions\/12199"}],"wp:featuredmedia":[{"embeddable":true,"href":"https:\/\/www.labunie.com.pl\/index.php?rest_route=\/wp\/v2\/media\/12192"}],"wp:attachment":[{"href":"https:\/\/www.labunie.com.pl\/index.php?rest_route=%2Fwp%2Fv2%2Fmedia&parent=12191"}],"wp:term":[{"taxonomy":"category","embeddable":true,"href":"https:\/\/www.labunie.com.pl\/index.php?rest_route=%2Fwp%2Fv2%2Fcategories&post=12191"},{"taxonomy":"post_tag","embeddable":true,"href":"https:\/\/www.labunie.com.pl\/index.php?rest_route=%2Fwp%2Fv2%2Ftags&post=12191"}],"curies":[{"name":"wp","href":"https:\/\/api.w.org\/{rel}","templated":true}]}}