{"id":12127,"date":"2019-04-11T20:50:15","date_gmt":"2019-04-11T18:50:15","guid":{"rendered":"https:\/\/www.labunie.com.pl\/?p=12127"},"modified":"2019-04-11T20:48:32","modified_gmt":"2019-04-11T18:48:32","slug":"katyn-1940-pamietamy","status":"publish","type":"post","link":"https:\/\/www.labunie.com.pl\/?p=12127","title":{"rendered":"Katy\u0144 1940 &#8211; Pami\u0119tamy"},"content":{"rendered":"\n<p><strong>Id\u017a wyprostowany\nw\u015br\u00f3d tych<\/strong><\/p>\n\n\n\n<p><strong>Co na kolanach<\/strong><\/p>\n\n\n\n<p><strong>w\u015br\u00f3d odwr\u00f3conych\nplecami<\/strong><\/p>\n\n\n\n<p><strong>i\nobalonych w proch<\/strong><\/p>\n\n\n\n<p><em><strong>Zbigniew Herbert<\/strong><\/em><\/p>\n\n\n\n<!--more-->\n\n\n\n<div style=\"height:20px\" aria-hidden=\"true\" class=\"wp-block-spacer\"><\/div>\n\n\n\n<p><strong>13 kwietnia \u2013 Dzie\u0144 Pami\u0119ci Ofiar Zbrodni Katy\u0144skiej. Gmina \u0141abunie w\u0142\u0105cza si\u0119 w obchody. W tym roku z\u0142o\u017cymy wie\u0144ce i zapalimy znicze w pi\u0105tek, 12 kwietnia. W\u00f3jt Gminy \u0141abunie zaprasza mieszka\u0144c\u00f3w do wsp\u00f3lnego uczczenia pami\u0119ci:<\/strong><\/p>\n\n\n\n<ul class=\"wp-block-list\"><li>porucznika Tadeusza Cury\u0142\u0142o, pracownika Urz\u0119du Gminy w \u0141abuniach, straconego  w 1940 r. w lesie \u015bmierci na Kozielskiej G\u00f3rze pod Smole\u0144skiem, pochowany w Katyniu <\/li><li>Posterunkowego Policji Pa\u0144stwowej W\u0142odzimierza \u0141unia, urodzonego w 1908 r. w \u0141abuniach; straconego w Kuropatach <\/li><li>St. Posterunkowego Policji Pa\u0144stwowej Wincentego Rozkresa  ur. w 1898 r. w W\u00f3lce \u0141abu\u0144skiej; rozstrzelanego w 1940 r. w Kalininie (obecnie Twer), pochowanego w Miednoje <\/li><li>Ppor. Jana Antoniewicza urodzonego w Polanach w gminie Krynice, zamordowanego w Charkowie. Jego rodzice przed 1939 r. kupili gospodarstwo w \u0141abu\u0144kach, kt\u00f3rego obok rodze\u0144stwa by\u0142 wsp\u00f3\u0142w\u0142a\u015bcicielem<\/li><li>nauczyciela, redaktora, regionalisty Antoniego Turczyna, ur. 09.04.1899 r. w Wierzbiu, zamordowanego 26 marca 1945 roku w Riazaniu. <\/li><\/ul>\n\n\n\n<div style=\"height:21px\" aria-hidden=\"true\" class=\"wp-block-spacer\"><\/div>\n\n\n\n<figure class=\"wp-block-image\"><img loading=\"lazy\" decoding=\"async\" width=\"704\" height=\"1024\" src=\"https:\/\/www.labunie.com.pl\/wp-content\/uploads\/2019\/04\/Image00001-20-704x1024.jpg\" alt=\"\" class=\"wp-image-12139\" srcset=\"https:\/\/www.labunie.com.pl\/wp-content\/uploads\/2019\/04\/Image00001-20-704x1024.jpg 704w, https:\/\/www.labunie.com.pl\/wp-content\/uploads\/2019\/04\/Image00001-20-206x300.jpg 206w, https:\/\/www.labunie.com.pl\/wp-content\/uploads\/2019\/04\/Image00001-20-768x1117.jpg 768w, https:\/\/www.labunie.com.pl\/wp-content\/uploads\/2019\/04\/Image00001-20.jpg 1031w\" sizes=\"auto, (max-width: 704px) 100vw, 704px\" \/><\/figure>\n\n\n\n<p><br><\/p>\n","protected":false},"excerpt":{"rendered":"<p>Id\u017a wyprostowany w\u015br\u00f3d tych Co na kolanach w\u015br\u00f3d odwr\u00f3conych plecami i obalonych w proch Zbigniew Herbert<\/p>\n","protected":false},"author":11,"featured_media":3291,"comment_status":"closed","ping_status":"closed","sticky":false,"template":"","format":"standard","meta":{"footnotes":""},"categories":[1],"tags":[],"class_list":["post-12127","post","type-post","status-publish","format-standard","has-post-thumbnail","hentry","category-wpisy","clearfix"],"_links":{"self":[{"href":"https:\/\/www.labunie.com.pl\/index.php?rest_route=\/wp\/v2\/posts\/12127","targetHints":{"allow":["GET"]}}],"collection":[{"href":"https:\/\/www.labunie.com.pl\/index.php?rest_route=\/wp\/v2\/posts"}],"about":[{"href":"https:\/\/www.labunie.com.pl\/index.php?rest_route=\/wp\/v2\/types\/post"}],"author":[{"embeddable":true,"href":"https:\/\/www.labunie.com.pl\/index.php?rest_route=\/wp\/v2\/users\/11"}],"replies":[{"embeddable":true,"href":"https:\/\/www.labunie.com.pl\/index.php?rest_route=%2Fwp%2Fv2%2Fcomments&post=12127"}],"version-history":[{"count":5,"href":"https:\/\/www.labunie.com.pl\/index.php?rest_route=\/wp\/v2\/posts\/12127\/revisions"}],"predecessor-version":[{"id":12140,"href":"https:\/\/www.labunie.com.pl\/index.php?rest_route=\/wp\/v2\/posts\/12127\/revisions\/12140"}],"wp:featuredmedia":[{"embeddable":true,"href":"https:\/\/www.labunie.com.pl\/index.php?rest_route=\/wp\/v2\/media\/3291"}],"wp:attachment":[{"href":"https:\/\/www.labunie.com.pl\/index.php?rest_route=%2Fwp%2Fv2%2Fmedia&parent=12127"}],"wp:term":[{"taxonomy":"category","embeddable":true,"href":"https:\/\/www.labunie.com.pl\/index.php?rest_route=%2Fwp%2Fv2%2Fcategories&post=12127"},{"taxonomy":"post_tag","embeddable":true,"href":"https:\/\/www.labunie.com.pl\/index.php?rest_route=%2Fwp%2Fv2%2Ftags&post=12127"}],"curies":[{"name":"wp","href":"https:\/\/api.w.org\/{rel}","templated":true}]}}