{"id":11907,"date":"2019-04-02T09:09:03","date_gmt":"2019-04-02T07:09:03","guid":{"rendered":"https:\/\/www.labunie.com.pl\/?p=11907"},"modified":"2019-04-11T20:01:21","modified_gmt":"2019-04-11T18:01:21","slug":"kiermasz-wielkanocny","status":"publish","type":"post","link":"https:\/\/www.labunie.com.pl\/?p=11907","title":{"rendered":"Kiermasz Wielkanocny"},"content":{"rendered":"\n<p><strong>B\u0119dzie kolorowo, pisankowo i charytatywnie. W niedziel\u0119, 14 kwietnia w Domu Kultury w \u0141abuniach odb\u0119dzie si\u0119 Kiermasz Wielkanocny. <\/strong><\/p>\n\n\n\n<!--more-->\n\n\n\n<div style=\"height:20px\" aria-hidden=\"true\" class=\"wp-block-spacer\"><\/div>\n\n\n\n<p>Tradycyjnie ju\u017c na\nKiermaszu Wielkanocnym zaprezentujemy prace uczestnik\u00f3w konkursu \u201ePrzed\nWielkanoc\u0105\u201d. Jak co roku wydarzenie to b\u0119dzie mia\u0142o r\u00f3wnie\u017c szczytny cel. Uczestnicy\nb\u0119d\u0105 mogli naby\u0107 prace uczestnik\u00f3w, a pieni\u0105dze trafi\u0105 do puszki. W tym roku\nzbieramy na budow\u0119 \u201eRodzinnego Domu\u201d &#8211; kompleksu terapeutyczno-opieku\u0144czego dla\ndoros\u0142ych os\u00f3b z niepe\u0142nosprawno\u015bciami. Inwestycj\u0119 realizuje Stowarzyszenie Pomocy\nDzieciom Niepe\u0142nosprawnym \u201eKrok za Krokiem\u201d w Zamo\u015bciu. <\/p>\n\n\n\n<p>Kiermasz rozpocznie si\u0119\no godz. 14.00. Zapraszamy tw\u00f3rc\u00f3w tych wszystkich dzie\u0142 \u2013 dzieci i doros\u0142ych,\nrodzic\u00f3w ma\u0142ych artyst\u00f3w oraz wszystkich pozosta\u0142ych mieszka\u0144c\u00f3w gminy \u0141abunie.\n<\/p>\n\n\n\n<p>Patronat nad wydarzeniem obj\u0105\u0142 w\u00f3jt gminy \u0141abunie \u2013\nMariusz Kukie\u0142ka. <\/p>\n\n\n\n<div style=\"height:20px\" aria-hidden=\"true\" class=\"wp-block-spacer\"><\/div>\n\n\n\n<figure class=\"wp-block-image\"><img loading=\"lazy\" decoding=\"async\" width=\"726\" height=\"1024\" src=\"https:\/\/www.labunie.com.pl\/wp-content\/uploads\/2019\/04\/Image00001-3-726x1024.jpg\" alt=\"\" class=\"wp-image-11916\" srcset=\"https:\/\/www.labunie.com.pl\/wp-content\/uploads\/2019\/04\/Image00001-3-726x1024.jpg 726w, https:\/\/www.labunie.com.pl\/wp-content\/uploads\/2019\/04\/Image00001-3-213x300.jpg 213w, https:\/\/www.labunie.com.pl\/wp-content\/uploads\/2019\/04\/Image00001-3-768x1083.jpg 768w, https:\/\/www.labunie.com.pl\/wp-content\/uploads\/2019\/04\/Image00001-3.jpg 1064w\" sizes=\"auto, (max-width: 726px) 100vw, 726px\" \/><\/figure>\n","protected":false},"excerpt":{"rendered":"<p>B\u0119dzie kolorowo, pisankowo i charytatywnie. W niedziel\u0119, 14 kwietnia w Domu Kultury w \u0141abuniach odb\u0119dzie si\u0119 Kiermasz Wielkanocny.<\/p>\n","protected":false},"author":11,"featured_media":11908,"comment_status":"closed","ping_status":"closed","sticky":false,"template":"","format":"standard","meta":{"footnotes":""},"categories":[1],"tags":[],"class_list":["post-11907","post","type-post","status-publish","format-standard","has-post-thumbnail","hentry","category-wpisy","clearfix"],"_links":{"self":[{"href":"https:\/\/www.labunie.com.pl\/index.php?rest_route=\/wp\/v2\/posts\/11907","targetHints":{"allow":["GET"]}}],"collection":[{"href":"https:\/\/www.labunie.com.pl\/index.php?rest_route=\/wp\/v2\/posts"}],"about":[{"href":"https:\/\/www.labunie.com.pl\/index.php?rest_route=\/wp\/v2\/types\/post"}],"author":[{"embeddable":true,"href":"https:\/\/www.labunie.com.pl\/index.php?rest_route=\/wp\/v2\/users\/11"}],"replies":[{"embeddable":true,"href":"https:\/\/www.labunie.com.pl\/index.php?rest_route=%2Fwp%2Fv2%2Fcomments&post=11907"}],"version-history":[{"count":3,"href":"https:\/\/www.labunie.com.pl\/index.php?rest_route=\/wp\/v2\/posts\/11907\/revisions"}],"predecessor-version":[{"id":11918,"href":"https:\/\/www.labunie.com.pl\/index.php?rest_route=\/wp\/v2\/posts\/11907\/revisions\/11918"}],"wp:featuredmedia":[{"embeddable":true,"href":"https:\/\/www.labunie.com.pl\/index.php?rest_route=\/wp\/v2\/media\/11908"}],"wp:attachment":[{"href":"https:\/\/www.labunie.com.pl\/index.php?rest_route=%2Fwp%2Fv2%2Fmedia&parent=11907"}],"wp:term":[{"taxonomy":"category","embeddable":true,"href":"https:\/\/www.labunie.com.pl\/index.php?rest_route=%2Fwp%2Fv2%2Fcategories&post=11907"},{"taxonomy":"post_tag","embeddable":true,"href":"https:\/\/www.labunie.com.pl\/index.php?rest_route=%2Fwp%2Fv2%2Ftags&post=11907"}],"curies":[{"name":"wp","href":"https:\/\/api.w.org\/{rel}","templated":true}]}}