{"id":11852,"date":"2019-04-15T12:10:10","date_gmt":"2019-04-15T10:10:10","guid":{"rendered":"https:\/\/www.labunie.com.pl\/?p=11852"},"modified":"2019-04-15T12:16:18","modified_gmt":"2019-04-15T10:16:18","slug":"rece-na-poklad-i-glosujemy","status":"publish","type":"post","link":"https:\/\/www.labunie.com.pl\/?p=11852","title":{"rendered":"R\u0119ce na pok\u0142ad i g\u0142osujemy!"},"content":{"rendered":"\n<p><strong>OSP \u0141abunie, OSP Rusz\u00f3w i stra\u017cak z OSP \u0141abunie &#8211; S\u0142awomir Umyla\u0144ski walcz\u0105 w plebiscycie \u201eStra\u017cak Lubelszczyzny\u201d organizowanym przez Kurier Lubelski. Ci, kt\u00f3rzy na co dzie\u0144 ratuj\u0105 \u017cycie i gasz\u0105 po\u017cary maj\u0105 szans\u0119 zosta\u0107 najlepszymi w Polsce. Wszystko w r\u0119kach mieszka\u0144c\u00f3w gminy \u0141abunie i tych, kt\u00f3rzy kibicuj\u0105 naszym stra\u017cakom. To&nbsp;od&nbsp;nas&nbsp;zale\u017c\u0105&nbsp;g\u0142osy&nbsp;i&nbsp;ich&nbsp;zwyci\u0119stwo.<\/strong><\/p>\n\n\n\n<div style=\"height:24px\" aria-hidden=\"true\" class=\"wp-block-spacer\"><\/div>\n\n\n\n<!--more-->\n\n\n\n<div style=\"height:50px\" aria-hidden=\"true\" class=\"wp-block-spacer\"><\/div>\n\n\n\n<p>OSP \u0141abunie i OSP Rusz\u00f3w walcz\u0105 o tytu\u0142 Jednostki OSP Roku, a S\u0142awomir Umyla\u0144ski o tytu\u0142 Stra\u017caka Roku. Konkurs sk\u0142ada si\u0119 z trzech etap\u00f3w. W pierwszym nasi stra\u017cacy zdobywaj\u0105 g\u0142osy na etapie powiatowym. G\u0142osowanie potrwa <strong>do 16 kwietnia<\/strong>. Jego wyniki przes\u0105dz\u0105, czy nasi przejd\u0105 do II etapu \u2013 wojew\u00f3dzkiego. Tu g\u0142osowanie ruszy 19 i  potrwa do 30 kwietnia. Na zwyci\u0119zc\u00f3w czeka\u0107 b\u0119d\u0105 nagrody finansowe oraz tytu\u0142y, kt\u00f3re b\u0119d\u0105 wr\u0119czone podczas wojew\u00f3dzkich obchod\u00f3w Dnia Stra\u017caka. B\u0119dzie r\u00f3wnie\u017c nagroda specjalna \u2013 zaproszenie do Warszawy na fina\u0142ow\u0105 gal\u0119 konkursu Floriany, na kt\u00f3rym zwyci\u0119zcy plebiscytu r\u00f3wnie\u017c dostan\u0105 nagrody. W trzecim etapie konkursu (og\u00f3lnopolskim) znajd\u0105 si\u0119 ci, kt\u00f3rzy zwyci\u0119\u017c\u0105 na etapie wojew\u00f3dzkim. W tym przypadku g\u0142osowanie wystartuje 4 maja. Zako\u0144czy si\u0119 10 dni p\u00f3\u017aniej.  <\/p>\n\n\n\n<div style=\"height:50px\" aria-hidden=\"true\" class=\"wp-block-spacer\"><\/div>\n\n\n\n<p><strong>Jak odda\u0107 g\u0142os? <\/strong>\n<\/p>\n\n\n\n<p><strong>S\u0142awomir Umyla\u0144ski \u2013 wys\u0142a\u0107 sms na numer 72355 o tre\u015bci LST.279 <\/strong>(koszt 2,46 z VAT)<\/p>\n\n\n\n<p><strong>OSP \u0141abunie <\/strong>\u2013 <strong> wys\u0142a\u0107 sms na numer 72355 o tre\u015bci LJD.242 <\/strong> <\/p>\n\n\n\n<p><strong>OSP Rusz\u00f3w <\/strong>\u2013 <strong> wys\u0142a\u0107 sms na numer 72355 o tre\u015bci LJD.96 <\/strong> <\/p>\n\n\n\n<div style=\"height:20px\" aria-hidden=\"true\" class=\"wp-block-spacer\"><\/div>\n","protected":false},"excerpt":{"rendered":"<p>OSP \u0141abunie, OSP Rusz\u00f3w i stra\u017cak z OSP \u0141abunie &#8211; S\u0142awomir Umyla\u0144ski walcz\u0105 w plebiscycie \u201eStra\u017cak Lubelszczyzny\u201d organizowanym przez Kurier Lubelski. Ci, kt\u00f3rzy na co dzie\u0144 ratuj\u0105 \u017cycie i gasz\u0105 po\u017cary maj\u0105 szans\u0119 zosta\u0107 najlepszymi w Polsce. Wszystko w r\u0119kach mieszka\u0144c\u00f3w gminy \u0141abunie i tych, kt\u00f3rzy kibicuj\u0105 naszym stra\u017cakom. To&nbsp;od&nbsp;nas&nbsp;zale\u017c\u0105&nbsp;g\u0142osy&nbsp;i&nbsp;ich&nbsp;zwyci\u0119stwo.<\/p>\n","protected":false},"author":11,"featured_media":11870,"comment_status":"closed","ping_status":"closed","sticky":false,"template":"","format":"standard","meta":{"footnotes":""},"categories":[1],"tags":[],"class_list":["post-11852","post","type-post","status-publish","format-standard","has-post-thumbnail","hentry","category-wpisy","clearfix"],"_links":{"self":[{"href":"https:\/\/www.labunie.com.pl\/index.php?rest_route=\/wp\/v2\/posts\/11852","targetHints":{"allow":["GET"]}}],"collection":[{"href":"https:\/\/www.labunie.com.pl\/index.php?rest_route=\/wp\/v2\/posts"}],"about":[{"href":"https:\/\/www.labunie.com.pl\/index.php?rest_route=\/wp\/v2\/types\/post"}],"author":[{"embeddable":true,"href":"https:\/\/www.labunie.com.pl\/index.php?rest_route=\/wp\/v2\/users\/11"}],"replies":[{"embeddable":true,"href":"https:\/\/www.labunie.com.pl\/index.php?rest_route=%2Fwp%2Fv2%2Fcomments&post=11852"}],"version-history":[{"count":5,"href":"https:\/\/www.labunie.com.pl\/index.php?rest_route=\/wp\/v2\/posts\/11852\/revisions"}],"predecessor-version":[{"id":12315,"href":"https:\/\/www.labunie.com.pl\/index.php?rest_route=\/wp\/v2\/posts\/11852\/revisions\/12315"}],"wp:featuredmedia":[{"embeddable":true,"href":"https:\/\/www.labunie.com.pl\/index.php?rest_route=\/wp\/v2\/media\/11870"}],"wp:attachment":[{"href":"https:\/\/www.labunie.com.pl\/index.php?rest_route=%2Fwp%2Fv2%2Fmedia&parent=11852"}],"wp:term":[{"taxonomy":"category","embeddable":true,"href":"https:\/\/www.labunie.com.pl\/index.php?rest_route=%2Fwp%2Fv2%2Fcategories&post=11852"},{"taxonomy":"post_tag","embeddable":true,"href":"https:\/\/www.labunie.com.pl\/index.php?rest_route=%2Fwp%2Fv2%2Ftags&post=11852"}],"curies":[{"name":"wp","href":"https:\/\/api.w.org\/{rel}","templated":true}]}}