{"id":11787,"date":"2019-04-12T07:31:18","date_gmt":"2019-04-12T05:31:18","guid":{"rendered":"https:\/\/www.labunie.com.pl\/?p=11787"},"modified":"2019-04-12T07:30:36","modified_gmt":"2019-04-12T05:30:36","slug":"zaproszenie-68","status":"publish","type":"post","link":"https:\/\/www.labunie.com.pl\/?p=11787","title":{"rendered":"Mi\u0119dzynarodowe karate kyokushin w \u0141abuniach"},"content":{"rendered":"\n<p><strong>Mi\u0119dzynarodowy Turniej Karate Kyokushin o Puchar W\u00f3jta Gminy \u0141abunie odb\u0119dzie si\u0119 13 kwietnia w \u0141abuniach. B\u0119d\u0105 to jednocze\u015bnie Mistrzostwa Wojew\u00f3dztwa Lubelskiego Karate Kyokushin M\u0142odzik\u00f3w i Junior\u00f3w M\u0142odszych IKO. &nbsp;<\/strong><\/p>\n\n\n\n<!--more-->\n\n\n\n<div style=\"height:29px\" aria-hidden=\"true\" class=\"wp-block-spacer\"><\/div>\n\n\n\n<p>Udzia\u0142 w tym sportowym wydarzeniu wezm\u0105 zawodnicy z Polski i Ukrainy. Do walki o medale stanie prawie 300 zawodnik\u00f3w z ca\u0142ej Polski oraz z Ukrainy, m. in. Lwowa, \u017b\u00f3\u0142kwi i Rawy Ruskiej. Impreza rozpocznie si\u0119 o godz. 10.00 w hali sportowej Szko\u0142y Podstawowej w \u0141abu\u0144kach. <\/p>\n\n\n\n<p>Patronat nad wydarzeniem obj\u0105\u0142 W\u00f3jt Gminy \u0141abunie \u2013 Mariusz Kukie\u0142ka. <strong><br><\/strong><\/p>\n\n\n\n<div style=\"height:33px\" aria-hidden=\"true\" class=\"wp-block-spacer\"><\/div>\n\n\n\n<figure class=\"wp-block-image\"><img loading=\"lazy\" decoding=\"async\" width=\"724\" height=\"1024\" src=\"https:\/\/www.labunie.com.pl\/wp-content\/uploads\/2019\/03\/turniej_karate_13_04_2019-724x1024.jpg\" alt=\"\" class=\"wp-image-11788\" srcset=\"https:\/\/www.labunie.com.pl\/wp-content\/uploads\/2019\/03\/turniej_karate_13_04_2019-724x1024.jpg 724w, https:\/\/www.labunie.com.pl\/wp-content\/uploads\/2019\/03\/turniej_karate_13_04_2019-212x300.jpg 212w, https:\/\/www.labunie.com.pl\/wp-content\/uploads\/2019\/03\/turniej_karate_13_04_2019-768x1086.jpg 768w, https:\/\/www.labunie.com.pl\/wp-content\/uploads\/2019\/03\/turniej_karate_13_04_2019.jpg 843w\" sizes=\"auto, (max-width: 724px) 100vw, 724px\" \/><\/figure>\n","protected":false},"excerpt":{"rendered":"<p>Mi\u0119dzynarodowy Turniej Karate Kyokushin o Puchar W\u00f3jta Gminy \u0141abunie odb\u0119dzie si\u0119 13 kwietnia w \u0141abuniach. B\u0119d\u0105 to jednocze\u015bnie Mistrzostwa Wojew\u00f3dztwa Lubelskiego Karate Kyokushin M\u0142odzik\u00f3w i Junior\u00f3w M\u0142odszych IKO. &nbsp;<\/p>\n","protected":false},"author":7,"featured_media":7044,"comment_status":"closed","ping_status":"closed","sticky":false,"template":"","format":"standard","meta":{"footnotes":""},"categories":[1],"tags":[],"class_list":["post-11787","post","type-post","status-publish","format-standard","has-post-thumbnail","hentry","category-wpisy","clearfix"],"_links":{"self":[{"href":"https:\/\/www.labunie.com.pl\/index.php?rest_route=\/wp\/v2\/posts\/11787","targetHints":{"allow":["GET"]}}],"collection":[{"href":"https:\/\/www.labunie.com.pl\/index.php?rest_route=\/wp\/v2\/posts"}],"about":[{"href":"https:\/\/www.labunie.com.pl\/index.php?rest_route=\/wp\/v2\/types\/post"}],"author":[{"embeddable":true,"href":"https:\/\/www.labunie.com.pl\/index.php?rest_route=\/wp\/v2\/users\/7"}],"replies":[{"embeddable":true,"href":"https:\/\/www.labunie.com.pl\/index.php?rest_route=%2Fwp%2Fv2%2Fcomments&post=11787"}],"version-history":[{"count":5,"href":"https:\/\/www.labunie.com.pl\/index.php?rest_route=\/wp\/v2\/posts\/11787\/revisions"}],"predecessor-version":[{"id":12189,"href":"https:\/\/www.labunie.com.pl\/index.php?rest_route=\/wp\/v2\/posts\/11787\/revisions\/12189"}],"wp:featuredmedia":[{"embeddable":true,"href":"https:\/\/www.labunie.com.pl\/index.php?rest_route=\/wp\/v2\/media\/7044"}],"wp:attachment":[{"href":"https:\/\/www.labunie.com.pl\/index.php?rest_route=%2Fwp%2Fv2%2Fmedia&parent=11787"}],"wp:term":[{"taxonomy":"category","embeddable":true,"href":"https:\/\/www.labunie.com.pl\/index.php?rest_route=%2Fwp%2Fv2%2Fcategories&post=11787"},{"taxonomy":"post_tag","embeddable":true,"href":"https:\/\/www.labunie.com.pl\/index.php?rest_route=%2Fwp%2Fv2%2Ftags&post=11787"}],"curies":[{"name":"wp","href":"https:\/\/api.w.org\/{rel}","templated":true}]}}