{"id":11784,"date":"2019-03-22T07:41:53","date_gmt":"2019-03-22T06:41:53","guid":{"rendered":"https:\/\/www.labunie.com.pl\/?p=11784"},"modified":"2019-03-22T07:41:53","modified_gmt":"2019-03-22T06:41:53","slug":"nabor-do-programu-mkidn","status":"publish","type":"post","link":"https:\/\/www.labunie.com.pl\/?p=11784","title":{"rendered":"Nab\u00f3r do programu MKiDN"},"content":{"rendered":"\n<p><strong>W zwi\u0105zku z zainteresowaniem stowarzysze\u0144 i innych organizacji programem Ministerstwa Kultury i Dziedzictwa Narodowego pod nazw\u0105 &#8220;Groby i cmentarze wojenne w kraju&#8221; Lubelski Urz\u0105d Wojew\u00f3dzki w Lublinie informuje o mo\u017cliwo\u015bci aplikowania do dnia 29 marca 2019 r. go tego programu.<\/strong><\/p>\n\n\n\n<!--more-->\n\n\n\n<div style=\"height:100px\" aria-hidden=\"true\" class=\"wp-block-spacer\"><\/div>\n\n\n\n<div class=\"wp-block-button aligncenter\"><a class=\"wp-block-button__link\" href=\"http:\/\/www.mkidn.gov.pl\/pages\/strona-glowna\/finansowanie-i-mecenat\/programy-ministra\/programy-mkidn-2019\/groby-i-cmentarze-wojenne-w-kraju.php\">Program Ministerstwa Kultury i Dziedzictwa Narodowego<br><em>Groby i cmentarze wojenne w kraju<\/em><br><\/a><\/div>\n\n\n\n<div style=\"height:20px\" aria-hidden=\"true\" class=\"wp-block-spacer\"><\/div>\n\n\n\n<p>O dofinansowanie w ramach programu mog\u0105 ubiega\u0107 si\u0119 samorz\u0105dowe instytucje kultury (z wyj\u0105tkiem instytucji wsp\u00f3\u0142prowadzonych przez ministra i jednostki samorz\u0105du terytorialnego); organizacje pozarz\u0105dowe; jednostki samorz\u0105du terytorialnego; uczelnie publiczne i uczelnie niepubliczne; ko\u015bcio\u0142y i zwi\u0105zki wyznaniowe oraz ich osoby prawne. W naborze do programu jeden wnioskodawca ma prawo z\u0142o\u017cy\u0107 maksymalnie 2 wnioski. Program realizowany jest wy\u0142\u0105cznie w trybie 1-rocznym. Wnioski nale\u017cy sk\u0142ada\u0107 z wykorzystaniem Elektronicznego Biura Obs\u0142ugi Interesanta.<\/p>\n\n\n\n<div style=\"height:20px\" aria-hidden=\"true\" class=\"wp-block-spacer\"><\/div>\n\n\n\n<p>Szczeg\u00f3\u0142owy zakres kwalifikuj\u0105cych si\u0119 zada\u0144, limity finansowe warunkuj\u0105ce uzyskanie dofinansowania, wykaz koszt\u00f3w kwalifikowanych, kryteria oceny wniosk\u00f3w oraz pozosta\u0142e wymogi warunkuj\u0105ce udzia\u0142 w tegorocznym naborze okre\u015bla regulamin. Regulamin oraz pozosta\u0142e informacje na temat programu znajduj\u0105 si\u0119 na stronie internetowej MKiDN, pod wy\u017cej podanym linkiem.<\/p>\n","protected":false},"excerpt":{"rendered":"<p>W zwi\u0105zku z zainteresowaniem stowarzysze\u0144 i innych organizacji programem Ministerstwa Kultury i Dziedzictwa Narodowego pod nazw\u0105 &#8220;Groby i cmentarze wojenne w kraju&#8221; Lubelski Urz\u0105d Wojew\u00f3dzki w Lublinie informuje o mo\u017cliwo\u015bci aplikowania do dnia 29 marca 2019 r. go tego programu.<\/p>\n","protected":false},"author":7,"featured_media":11785,"comment_status":"closed","ping_status":"closed","sticky":false,"template":"","format":"standard","meta":{"footnotes":""},"categories":[1],"tags":[],"class_list":["post-11784","post","type-post","status-publish","format-standard","has-post-thumbnail","hentry","category-wpisy","clearfix"],"_links":{"self":[{"href":"https:\/\/www.labunie.com.pl\/index.php?rest_route=\/wp\/v2\/posts\/11784","targetHints":{"allow":["GET"]}}],"collection":[{"href":"https:\/\/www.labunie.com.pl\/index.php?rest_route=\/wp\/v2\/posts"}],"about":[{"href":"https:\/\/www.labunie.com.pl\/index.php?rest_route=\/wp\/v2\/types\/post"}],"author":[{"embeddable":true,"href":"https:\/\/www.labunie.com.pl\/index.php?rest_route=\/wp\/v2\/users\/7"}],"replies":[{"embeddable":true,"href":"https:\/\/www.labunie.com.pl\/index.php?rest_route=%2Fwp%2Fv2%2Fcomments&post=11784"}],"version-history":[{"count":1,"href":"https:\/\/www.labunie.com.pl\/index.php?rest_route=\/wp\/v2\/posts\/11784\/revisions"}],"predecessor-version":[{"id":11786,"href":"https:\/\/www.labunie.com.pl\/index.php?rest_route=\/wp\/v2\/posts\/11784\/revisions\/11786"}],"wp:featuredmedia":[{"embeddable":true,"href":"https:\/\/www.labunie.com.pl\/index.php?rest_route=\/wp\/v2\/media\/11785"}],"wp:attachment":[{"href":"https:\/\/www.labunie.com.pl\/index.php?rest_route=%2Fwp%2Fv2%2Fmedia&parent=11784"}],"wp:term":[{"taxonomy":"category","embeddable":true,"href":"https:\/\/www.labunie.com.pl\/index.php?rest_route=%2Fwp%2Fv2%2Fcategories&post=11784"},{"taxonomy":"post_tag","embeddable":true,"href":"https:\/\/www.labunie.com.pl\/index.php?rest_route=%2Fwp%2Fv2%2Ftags&post=11784"}],"curies":[{"name":"wp","href":"https:\/\/api.w.org\/{rel}","templated":true}]}}