{"id":11599,"date":"2019-03-11T12:10:08","date_gmt":"2019-03-11T11:10:08","guid":{"rendered":"https:\/\/www.labunie.com.pl\/?p=11599"},"modified":"2019-03-11T12:39:41","modified_gmt":"2019-03-11T11:39:41","slug":"swieto-kobiet","status":"publish","type":"post","link":"https:\/\/www.labunie.com.pl\/?p=11599","title":{"rendered":"\u015awi\u0119to kobiet"},"content":{"rendered":"\n<p><strong>Pokaz i prelekcja o trendach mody, badania zdrowotne w ramach skanu organizmu, aromaterapia i muzyka dla kobiet. Do tego kwiaty i pocz\u0119stunek od Pan\u00f3w: W\u00f3jta, radnych i so\u0142tys\u00f3w. Tak wygl\u0105da\u0142 Gminny Dzie\u0144 Kobiet w gminie \u0141abunie.<\/strong><\/p>\n\n\n\n<!--more-->\n\n\n\n<div style=\"height:70px\" aria-hidden=\"true\" class=\"wp-block-spacer\"><\/div>\n\n\n\n<p>W niedziel\u0119, 10 marca w\n\u015bwietlicy wiejskiej w W\u00f3lce \u0141abu\u0144skiej odby\u0142 si\u0119 Gminny Dzie\u0144 Kobiet. W\nwydarzeniu uczestniczy\u0142o ponad 100 kobiet. Impreza rozpocz\u0119\u0142a si\u0119 od kr\u00f3tkiej\npogadanki o nadchodz\u0105cych trendach w \u015bwiecie mody po\u0142\u0105czonej z pokazem odzie\u017cy.\nPrzeprowadzi\u0142a go w\u0142a\u015bcicielka sklepu internetowego \u201eMiss Turnusu\u201d w Zamo\u015bciu. Potem\nby\u0142a cz\u0119\u015b\u0107 oficjalna: \u017cyczenia od Pana W\u00f3jta oraz Pan\u00f3w radnych i so\u0142tys\u00f3w.\nM\u0119ska delegacja sk\u0142ada\u0142a \u017cyczenia i wr\u0119cza\u0142a kwiaty. Rozbrzmia\u0142o r\u00f3wnie\u017c 100\nlat, a potem muzyka \u2013 kobiece utwory w wykonaniu damskich g\u0142os\u00f3w, \u015bpiewaj\u0105ce o\ndamskich sprawach. W programie imprezy znalaz\u0142y si\u0119 r\u00f3wnie\u017c pokazy zdrowotne.\nPrzeprowadzi\u0142a je Pani Magdalena Wytrykus z Zamo\u015bcia z firmy Studio Zdrowia.\nSpecjalnym aparatem skanowa\u0142a organizm. W 60 sekund panie mog\u0142y dowiedzie\u0107 si\u0119,\njaki jest poziom witamin, minera\u0142\u00f3w, pierwiastk\u00f3w i metali ci\u0119\u017ckich w organizmie.\nNa sali pojawi\u0142y si\u0119 r\u00f3wnie\u017c zapachy, a to dzi\u0119ki pokazowi aromaterapii z\nudzia\u0142em naturalnych olejk\u00f3w eterycznych. Wisienk\u0105 na torcie by\u0142y smako\u0142yki\nprzygotowane przez Ko\u0142o Gospody\u0144 Wiejskich w W\u00f3lce \u0141abu\u0144skiej, kt\u00f3re w tym roku\nby\u0142y gospodarzami tego wydarzenia,&nbsp; a\ntak\u017ce przez pozosta\u0142e KGW na terenie Gminy \u0141abunie. <\/p>\n\n\n\n<div style=\"height:10px\" aria-hidden=\"true\" class=\"wp-block-spacer\"><\/div>\n\n\n\n<p>Udzia\u0142 w wydarzeniu wzi\u0119\u0142y Panie: radne i so\u0142tyski, przedstawicielki Rady So\u0142eckiej w \u0141abuniach-Reformie, delegacja Pa\u0144 z Br\u00f3dka oraz Panie ze wszystkich K\u00f3\u0142 Gospody\u0144 Wiejskich. Na wydarzenie zosta\u0142a zaproszona r\u00f3wnie\u017c ma\u0142\u017conka Pana W\u00f3jta &#8211; Izabela Wojcieszuk-Kukie\u0142ka oraz Panie z Urz\u0119du Gminy \u0141abunie. Swoj\u0105 &nbsp;obecno\u015b\u0107 na wydarzeniu zaznaczy\u0142y tak\u017ce Panie z Gminnego O\u015brodka Pomocy Spo\u0142ecznej, Gminnej Biblioteki Publicznej oraz Ch\u00f3ru Konsonans. Na Gminnym Dniu Kobiet pojawi\u0142y si\u0119 r\u00f3wnie\u017c delegacje stowarzysze\u0144: Na Rzecz Rozwoju Gminy \u0141abunie, na Rzecz Aktywizacji \u015arodowisk Lokalnych \u201ePo prostu razem\u201d oraz z Towarzystwa Przyjaci\u00f3\u0142 Ziemi \u0141abu\u0144skiej imienia Jana Jakuba Zamoyskiego.<\/p>\n\n\n\n<div style=\"height:10px\" aria-hidden=\"true\" class=\"wp-block-spacer\"><\/div>\n\n\n\n<p>Gminny Dzie\u0144 Kobiet zosta\u0142 zorganizowany ze \u015brodk\u00f3w pochodz\u0105cych ze zbi\u00f3rki funduszy prywatnych przekazanych przez W\u00f3jta Gminy \u0141abunie, Radnych, So\u0142tys\u00f3w oraz KGW w W\u00f3lce \u0141abu\u0144skiej.<\/p>\n\n\n\n<div style=\"height:10px\" aria-hidden=\"true\" class=\"wp-block-spacer\"><\/div>\n\n\n\n<p>Podzi\u0119kowania nale\u017c\u0105 si\u0119 wszystkim: Paniom za przybycie, Panom: W\u00f3jtowi, radnym&nbsp; i so\u0142tysom za organizacj\u0119 wydarzenia. Paniom z KGW za kulinarne rarytasy i s\u0142odko\u015bci. <\/p>\n\n\n\n<div style=\"height:10px\" aria-hidden=\"true\" class=\"wp-block-spacer\"><\/div>\n\n\n<p>[lg_folder folder=&#8221;20190310\/&#8221; paging=&#8221;false&#8221;]<\/p>","protected":false},"excerpt":{"rendered":"<p>Pokaz i prelekcja o trendach mody, badania zdrowotne w ramach skanu organizmu, aromaterapia i muzyka dla kobiet. Do tego kwiaty i pocz\u0119stunek od Pan\u00f3w: W\u00f3jta, radnych i so\u0142tys\u00f3w. Tak wygl\u0105da\u0142 Gminny Dzie\u0144 Kobiet w gminie \u0141abunie.<\/p>\n","protected":false},"author":11,"featured_media":11620,"comment_status":"closed","ping_status":"closed","sticky":false,"template":"","format":"standard","meta":{"footnotes":""},"categories":[1],"tags":[],"class_list":["post-11599","post","type-post","status-publish","format-standard","has-post-thumbnail","hentry","category-wpisy","clearfix"],"_links":{"self":[{"href":"https:\/\/www.labunie.com.pl\/index.php?rest_route=\/wp\/v2\/posts\/11599","targetHints":{"allow":["GET"]}}],"collection":[{"href":"https:\/\/www.labunie.com.pl\/index.php?rest_route=\/wp\/v2\/posts"}],"about":[{"href":"https:\/\/www.labunie.com.pl\/index.php?rest_route=\/wp\/v2\/types\/post"}],"author":[{"embeddable":true,"href":"https:\/\/www.labunie.com.pl\/index.php?rest_route=\/wp\/v2\/users\/11"}],"replies":[{"embeddable":true,"href":"https:\/\/www.labunie.com.pl\/index.php?rest_route=%2Fwp%2Fv2%2Fcomments&post=11599"}],"version-history":[{"count":5,"href":"https:\/\/www.labunie.com.pl\/index.php?rest_route=\/wp\/v2\/posts\/11599\/revisions"}],"predecessor-version":[{"id":11625,"href":"https:\/\/www.labunie.com.pl\/index.php?rest_route=\/wp\/v2\/posts\/11599\/revisions\/11625"}],"wp:featuredmedia":[{"embeddable":true,"href":"https:\/\/www.labunie.com.pl\/index.php?rest_route=\/wp\/v2\/media\/11620"}],"wp:attachment":[{"href":"https:\/\/www.labunie.com.pl\/index.php?rest_route=%2Fwp%2Fv2%2Fmedia&parent=11599"}],"wp:term":[{"taxonomy":"category","embeddable":true,"href":"https:\/\/www.labunie.com.pl\/index.php?rest_route=%2Fwp%2Fv2%2Fcategories&post=11599"},{"taxonomy":"post_tag","embeddable":true,"href":"https:\/\/www.labunie.com.pl\/index.php?rest_route=%2Fwp%2Fv2%2Ftags&post=11599"}],"curies":[{"name":"wp","href":"https:\/\/api.w.org\/{rel}","templated":true}]}}