{"id":11366,"date":"2019-02-26T13:10:50","date_gmt":"2019-02-26T12:10:50","guid":{"rendered":"https:\/\/www.labunie.com.pl\/?p=11366"},"modified":"2019-02-26T13:11:11","modified_gmt":"2019-02-26T12:11:11","slug":"informacja-54","status":"publish","type":"post","link":"https:\/\/www.labunie.com.pl\/?p=11366","title":{"rendered":"Informacja"},"content":{"rendered":"\n<p><strong>Ministerstwo Cyfryzacji przekazuje informacje dla os\u00f3b wnioskuj\u0105cych o dow\u00f3d osobisty.<\/strong><\/p>\n\n\n\n<!--more-->\n\n\n\n<div style=\"height:120px\" aria-hidden=\"true\" class=\"wp-block-spacer\"><\/div>\n\n\n\n<p>Uwaga, wszystkie dowody osobiste, kt\u00f3re zostan\u0105 wydane \nna podstawie wniosk\u00f3w z\u0142o\u017conych od 4 marca 2019 r. b\u0119d\u0105 mia\u0142y warstw\u0119 \nelektroniczn\u0105. To zmiana wymagaj\u0105ca technicznych prac serwisowych. \nStaramy si\u0119 je skr\u00f3ci\u0107 do koniecznego minimum.&nbsp;<\/p>\n\n\n\n<div style=\"height:20px\" aria-hidden=\"true\" class=\"wp-block-spacer\"><\/div>\n\n\n\n<p><strong>WA\u017bNE<\/strong>: je\u017celi z\u0142o\u017cysz wniosek o nowy dow\u00f3d osobisty przed 4 marca 2019 r., otrzymasz dow\u00f3d osobisty bez warstwy elektronicznej.<\/p>\n\n\n\n<div style=\"height:20px\" aria-hidden=\"true\" class=\"wp-block-spacer\"><\/div>\n\n\n\n<p><strong>JE\u015aLI CHCESZ Z\u0141O\u017bY\u0106 WNIOSEK O DOW\u00d3D PRZED 4 MARCA 2019 R., ZAPOZNAJ SI\u0118 Z PONI\u017bSZYMI INFORMACJAMI.<\/strong><\/p>\n\n\n\n<div style=\"height:20px\" aria-hidden=\"true\" class=\"wp-block-spacer\"><\/div>\n\n\n\n<p><strong>Je\u015bli wniosek o dow\u00f3d osobisty chcesz z\u0142o\u017cy\u0107 online<\/strong> \u2013 zr\u00f3b to mo\u017cliwie jak&nbsp; najszybciej.<\/p>\n\n\n\n<div style=\"height:20px\" aria-hidden=\"true\" class=\"wp-block-spacer\"><\/div>\n\n\n\n<p>Od \u015brody 27 lutego 2019 r., ze wzgl\u0119du na prace \ntechniczne, czasowo wy\u0142\u0105czymy t\u0119 mo\u017cliwo\u015b\u0107. Ponownie wnioski online \nb\u0119dzie mo\u017cna sk\u0142ada\u0107 od poniedzia\u0142ku \u2013 4 marca 2019 r.<\/p>\n\n\n\n<div style=\"height:20px\" aria-hidden=\"true\" class=\"wp-block-spacer\"><\/div>\n\n\n\n<p>Je\u015bli zale\u017cy Ci na szybkim za\u0142atwieniu sprawy przed 4 marca, przeczytaj nasze wskaz\u00f3wki i dzia\u0142aj zgodnie z nimi:<\/p>\n\n\n\n<ol class=\"wp-block-list\"><li>Sk\u0142adaj\u0105c wniosek \u2013 pami\u0119taj, aby go prawid\u0142owo uzupe\u0142ni\u0107. Przede wszystkim <a href=\"https:\/\/obywatel.gov.pl\/dokumenty-i-dane-osobowe\/zdjecie-do-dowodu-lub-paszportu\">sprawd\u017a, jakie warunki powinno spe\u0142nia\u0107 zdj\u0119cie do dowodu<\/a>.<\/li><li>WA\u017bNE! Je\u015bli Twoje zdj\u0119cie b\u0119dzie nieprawid\u0142owe, urz\u0105d wezwie Ci\u0119 \ndo uzupe\u0142nienia wniosku (dostarczenia nowego zdj\u0119cia). Dostaniesz \nw\u00f3wczas wiadomo\u015b\u0107 na swoj\u0105 skrzynk\u0119 na ePUAP. Nie zwlekaj, mo\u017cliwie \nszybko prawid\u0142owo uzupe\u0142nij wniosek. Zr\u00f3b to najp\u00f3\u017aniej do <strong>pi\u0105tku 1 marca do godz. 11.30.<\/strong> Je\u015bli nie zrobisz tego w tym terminie, wniosek o dow\u00f3d b\u0119dziesz musia\u0142a\/ musia\u0142 z\u0142o\u017cy\u0107 ponownie.<\/li><li>Je\u015bli chcesz wiedzie\u0107, czy urz\u0105d wezwa\u0142 Ci\u0119 do uzupe\u0142nienia \nwniosku, a nie sprawdzasz regularnie swojej skrzynki na ePUAP, mo\u017cesz \ndosta\u0107 powiadomienie tak\u017ce na swoj\u0105 prywatn\u0105 skrzynk\u0119 e-mail. Wymaga to \nzmian w ustawieniach skrzynki na ePUAP. To nic trudnego.&nbsp;<br> Oto jak to zrobi\u0107: <ul><li>Zaloguj si\u0119 na swoje konto na ePUAP.<\/li><li>Wejd\u017a w \u201eMoja skrzynka\u201d (prawy g\u00f3rny r\u00f3g ekranu).&nbsp;&nbsp;<\/li><li>W pasku po lewej stronie wybierz \u201eOperacje\u201d. Kliknij.<\/li><li>Wybierz \u201eUstawienia\u201d. Kliknij.<\/li><li>Na\n \u015brodku okienka, kt\u00f3re Ci si\u0119 wy\u015bwietli\u0142o, widzisz opcj\u0119 \u201ePowiadomienia \nmailowe\u201d. W\u015br\u00f3d mo\u017cliwych opcji otrzymywania powiadomie\u0144 &#8211; zaznacz \n\u201ezawsze\u201d. Zapisz zmiany.<\/li><\/ul> Gotowe! Je\u015bli dostaniesz wiadomo\u015b\u0107 z urz\u0119du, b\u0119dziesz o tym niezw\u0142ocznie powiadomiona\/ powiadomiony. <\/li><li>Sk\u0142adaj\u0105c\n wniosek online, wpisz sw\u00f3j numer telefonu \u2013 w razie konieczno\u015bci \nurz\u0119dnik b\u0119dzie m\u00f3g\u0142 do Ciebie zadzwoni\u0107 i wyja\u015bni\u0107 ewentualne \nw\u0105tpliwo\u015bci.<\/li><li>Je\u015bli nie jeste\u015b pewna\/ pewien, czy Twoje zdj\u0119cie \nspe\u0142nia wymagania lub masz jakiekolwiek inne w\u0105tpliwo\u015bci, id\u017a do urz\u0119du i\n tam \u2013 po wyja\u015bnieniu w\u0105tpliwo\u015bci z urz\u0119dnikiem \u2013 z\u0142\u00f3\u017c wniosek.<\/li><\/ol>\n\n\n\n<div style=\"height:20px\" aria-hidden=\"true\" class=\"wp-block-spacer\"><\/div>\n\n\n\n<p>Przepraszamy za mo\u017cliwe niedogodno\u015bci.<\/p>\n\n\n\n<div style=\"height:20px\" aria-hidden=\"true\" class=\"wp-block-spacer\"><\/div>\n\n\n\n<p><strong>Je\u015bli wniosek o dow\u00f3d osobisty chcesz z\u0142o\u017cy\u0107 w urz\u0119dzie<\/strong> \u2013 zr\u00f3b to jak najszybciej.<\/p>\n\n\n\n<div style=\"height:20px\" aria-hidden=\"true\" class=\"wp-block-spacer\"><\/div>\n\n\n\n<p><strong>WA\u017bNE!\n W pi\u0105tek 1 marca od godz. 12.00, w zwi\u0105zku z zaplanowanymi pracami \nwdro\u017ceniowymi, nast\u0105pi przerwa techniczna w dzia\u0142aniu Rejestru Dowod\u00f3w \nOsobistych.&nbsp;<\/strong><\/p>\n\n\n\n<div style=\"height:20px\" aria-hidden=\"true\" class=\"wp-block-spacer\"><\/div>\n\n\n\n<p>Oznacza to, \u017ce tego dnia <strong>wnioski o dow\u00f3d b\u0119d\u0105 przyjmowane do godz. 11.30<\/strong>.\n Od godz. 12.00 do zamkni\u0119cia urz\u0119du nie b\u0119dziesz mia\u0142a\/ mia\u0142 mo\u017cliwo\u015bci\n za\u0142atwienia r\u00f3wnie\u017c pozosta\u0142ych spraw dotycz\u0105cych dowodu osobistego \u2013 <strong>nie odbierzesz gotowego, ju\u017c spersonalizowanego dokumentu.<\/strong><\/p>\n\n\n\n<div style=\"height:20px\" aria-hidden=\"true\" class=\"wp-block-spacer\"><\/div>\n\n\n\n<p>Dlatego nie odk\u0142adaj tych spraw na ostatni\u0105 chwil\u0119, za\u0142atw to ju\u017c dzi\u015b.<\/p>\n\n\n\n<div style=\"height:20px\" aria-hidden=\"true\" class=\"wp-block-spacer\"><\/div>\n\n\n\n<p>Przepraszamy za mo\u017cliwe niedogodno\u015bci.<\/p>\n\n\n\n<p style=\"text-align:right\"><em>\u0179r\u00f3d\u0142o: <\/em><a href=\"https:\/\/obywatel.gov.pl\/dokumenty-i-dane-osobowe\/informacja-dla-osob-wnioskujacych-o-dowod-osobisty\">obywatel.gov.pl<\/a><\/p>\n\n\n\n<div style=\"height:20px\" aria-hidden=\"true\" class=\"wp-block-spacer\"><\/div>\n\n\n\n<div class=\"wp-block-file\"><a href=\"https:\/\/www.labunie.com.pl\/wp-content\/uploads\/2019\/02\/Ulotka.pdf\">Ulotka e-dow\u00f3d<\/a><a href=\"https:\/\/www.labunie.com.pl\/wp-content\/uploads\/2019\/02\/Ulotka.pdf\" class=\"wp-block-file__button\" download>pdf <\/a><\/div>\n","protected":false},"excerpt":{"rendered":"<p>Ministerstwo Cyfryzacji przekazuje informacje dla os\u00f3b wnioskuj\u0105cych o dow\u00f3d osobisty.<\/p>\n","protected":false},"author":7,"featured_media":11368,"comment_status":"closed","ping_status":"closed","sticky":false,"template":"","format":"standard","meta":{"footnotes":""},"categories":[1],"tags":[],"class_list":["post-11366","post","type-post","status-publish","format-standard","has-post-thumbnail","hentry","category-wpisy","clearfix"],"_links":{"self":[{"href":"https:\/\/www.labunie.com.pl\/index.php?rest_route=\/wp\/v2\/posts\/11366","targetHints":{"allow":["GET"]}}],"collection":[{"href":"https:\/\/www.labunie.com.pl\/index.php?rest_route=\/wp\/v2\/posts"}],"about":[{"href":"https:\/\/www.labunie.com.pl\/index.php?rest_route=\/wp\/v2\/types\/post"}],"author":[{"embeddable":true,"href":"https:\/\/www.labunie.com.pl\/index.php?rest_route=\/wp\/v2\/users\/7"}],"replies":[{"embeddable":true,"href":"https:\/\/www.labunie.com.pl\/index.php?rest_route=%2Fwp%2Fv2%2Fcomments&post=11366"}],"version-history":[{"count":3,"href":"https:\/\/www.labunie.com.pl\/index.php?rest_route=\/wp\/v2\/posts\/11366\/revisions"}],"predecessor-version":[{"id":11371,"href":"https:\/\/www.labunie.com.pl\/index.php?rest_route=\/wp\/v2\/posts\/11366\/revisions\/11371"}],"wp:featuredmedia":[{"embeddable":true,"href":"https:\/\/www.labunie.com.pl\/index.php?rest_route=\/wp\/v2\/media\/11368"}],"wp:attachment":[{"href":"https:\/\/www.labunie.com.pl\/index.php?rest_route=%2Fwp%2Fv2%2Fmedia&parent=11366"}],"wp:term":[{"taxonomy":"category","embeddable":true,"href":"https:\/\/www.labunie.com.pl\/index.php?rest_route=%2Fwp%2Fv2%2Fcategories&post=11366"},{"taxonomy":"post_tag","embeddable":true,"href":"https:\/\/www.labunie.com.pl\/index.php?rest_route=%2Fwp%2Fv2%2Ftags&post=11366"}],"curies":[{"name":"wp","href":"https:\/\/api.w.org\/{rel}","templated":true}]}}