{"id":11289,"date":"2019-02-18T11:25:25","date_gmt":"2019-02-18T10:25:25","guid":{"rendered":"https:\/\/www.gmina.labunie.com.pl\/?p=11289"},"modified":"2019-02-18T11:25:25","modified_gmt":"2019-02-18T10:25:25","slug":"karnawalowo-w-labuniach","status":"publish","type":"post","link":"https:\/\/www.labunie.com.pl\/?p=11289","title":{"rendered":"Karnawa\u0142owo w \u0141abuniach"},"content":{"rendered":"\n<p><strong>Sw\u00f3j karnawa\u0142 ma nie tylko Brazylia i Wenecja. Jak si\u0119 okazuje, takie klimaty mo\u017cna stworzy\u0107 r\u00f3wnie\u017c w \u0141abuniach. Potrafi\u0142y to zrobi\u0107 kobiety z Ko\u0142a Gospody\u0144 Wiejskich w \u0141abuniach, kt\u00f3re dla m\u0142odych mieszka\u0144c\u00f3w miejscowo\u015bci zorganizowa\u0142y Bal Karnawa\u0142owy.<\/strong><\/p>\n\n\n\n<!--more-->\n\n\n\n<div style=\"height:50px\" aria-hidden=\"true\" class=\"wp-block-spacer\"><\/div>\n\n\n\n<p>Impreza odby\u0142a si\u0119 w\nsobot\u0119, 16 lutego. Panie z KGW przebra\u0142y si\u0119 za Klauna, Pszcz\u00f3\u0142k\u0119\nMaj\u0119 i Tancerk\u0119. W barwnych strojach zach\u0119ca\u0142y najm\u0142odszych\nuczestnik\u00f3w do zabawy. By\u0142y konkursy, m. in. rozwi\u0105zywanie zagadek\noraz zabawy i dyskoteka. Na balu pojawi\u0142 si\u0119 te\u017c Miko\u0142aj, kt\u00f3ry\nnajgrzeczniejszych obdarowa\u0142 prezentami. Nie zabrak\u0142o s\u0142odko\u015bci i\npocz\u0119stunku dla tych, kt\u00f3rzy po karnawa\u0142owych szale\u0144stwach\ndostali nie lada apetytu. \n<\/p>\n\n\n\n<div style=\"height:20px\" aria-hidden=\"true\" class=\"wp-block-spacer\"><\/div>\n\n\n\n<p>Organizatorem wydarzenia\nbyli: W\u00f3jt Gminy \u0141abunie, Rada Gminy \u0141abunie, KGW w \u0141abuniach i\nRada So\u0142ecka. \n<\/p>\n\n\n\n<div style=\"height:20px\" aria-hidden=\"true\" class=\"wp-block-spacer\"><\/div>\n\n\n<p>[lg_folder folder=&#8221;20190216\/&#8221; paging=&#8221;false&#8221;]<\/p>","protected":false},"excerpt":{"rendered":"<p>Sw\u00f3j karnawa\u0142 ma nie tylko Brazylia i Wenecja. Jak si\u0119 okazuje, takie klimaty mo\u017cna stworzy\u0107 r\u00f3wnie\u017c w \u0141abuniach. Potrafi\u0142y to zrobi\u0107 kobiety z Ko\u0142a Gospody\u0144 Wiejskich w \u0141abuniach, kt\u00f3re dla m\u0142odych mieszka\u0144c\u00f3w miejscowo\u015bci zorganizowa\u0142y Bal Karnawa\u0142owy.<\/p>\n","protected":false},"author":11,"featured_media":11290,"comment_status":"closed","ping_status":"closed","sticky":false,"template":"","format":"standard","meta":{"footnotes":""},"categories":[1],"tags":[],"class_list":["post-11289","post","type-post","status-publish","format-standard","has-post-thumbnail","hentry","category-wpisy","clearfix"],"_links":{"self":[{"href":"https:\/\/www.labunie.com.pl\/index.php?rest_route=\/wp\/v2\/posts\/11289","targetHints":{"allow":["GET"]}}],"collection":[{"href":"https:\/\/www.labunie.com.pl\/index.php?rest_route=\/wp\/v2\/posts"}],"about":[{"href":"https:\/\/www.labunie.com.pl\/index.php?rest_route=\/wp\/v2\/types\/post"}],"author":[{"embeddable":true,"href":"https:\/\/www.labunie.com.pl\/index.php?rest_route=\/wp\/v2\/users\/11"}],"replies":[{"embeddable":true,"href":"https:\/\/www.labunie.com.pl\/index.php?rest_route=%2Fwp%2Fv2%2Fcomments&post=11289"}],"version-history":[{"count":4,"href":"https:\/\/www.labunie.com.pl\/index.php?rest_route=\/wp\/v2\/posts\/11289\/revisions"}],"predecessor-version":[{"id":11326,"href":"https:\/\/www.labunie.com.pl\/index.php?rest_route=\/wp\/v2\/posts\/11289\/revisions\/11326"}],"wp:featuredmedia":[{"embeddable":true,"href":"https:\/\/www.labunie.com.pl\/index.php?rest_route=\/wp\/v2\/media\/11290"}],"wp:attachment":[{"href":"https:\/\/www.labunie.com.pl\/index.php?rest_route=%2Fwp%2Fv2%2Fmedia&parent=11289"}],"wp:term":[{"taxonomy":"category","embeddable":true,"href":"https:\/\/www.labunie.com.pl\/index.php?rest_route=%2Fwp%2Fv2%2Fcategories&post=11289"},{"taxonomy":"post_tag","embeddable":true,"href":"https:\/\/www.labunie.com.pl\/index.php?rest_route=%2Fwp%2Fv2%2Ftags&post=11289"}],"curies":[{"name":"wp","href":"https:\/\/api.w.org\/{rel}","templated":true}]}}