{"id":11212,"date":"2019-02-13T13:01:23","date_gmt":"2019-02-13T12:01:23","guid":{"rendered":"https:\/\/www.gmina.labunie.com.pl\/?p=11212"},"modified":"2019-02-13T13:01:23","modified_gmt":"2019-02-13T12:01:23","slug":"jak-nie-dac-sie-asf","status":"publish","type":"post","link":"https:\/\/www.labunie.com.pl\/?p=11212","title":{"rendered":"Jak nie da\u0107 si\u0119 ASF?"},"content":{"rendered":"\n<p><strong>\u201eChoroba w wojew\u00f3dztwie lubelskim zosta\u0142a zdecydowanie powstrzymana\u201d \u2013 tak o afryka\u0144skim pomorze \u015bwi\u0144 (ASF) m\u00f3wi\u0142 na dzisiejszym spotkaniu z rolnikami z gminy \u0141abunie wicewojewoda lubelski \u2013 Robert Gmitruczuk.<\/strong><\/p>\n\n\n\n<!--more-->\n\n\n\n<div style=\"height:100px\" aria-hidden=\"true\" class=\"wp-block-spacer\"><\/div>\n\n\n\n<p>W \u015brod\u0119 (13 lutego) w Domu Kultury w \u0141abuniach odby\u0142o si\u0119 spotkanie z\nrolnikami z gminy \u0141abunie dotycz\u0105ce ASF. Uczestnicy mogli dowiedzie\u0107 si\u0119, jakie\ns\u0105 obowi\u0105zki, zagro\u017cenia oraz programy pomocy dla rolnik\u00f3w dotkni\u0119tych stratami\nz powodu wyst\u0105pienia ASF. <\/p>\n\n\n\n<div style=\"height:20px\" aria-hidden=\"true\" class=\"wp-block-spacer\"><\/div>\n\n\n\n<p>Uczestnik\u00f3w spotkania przywita\u0142 W\u00f3jt Gminy \u0141abunie &#8211; Mariusz Kukie\u0142ka. Jako pierwszy w sprawie ASF g\u0142os zabra\u0142 wicewojewoda lubelski \u2013 Robert Gmitruczuk. Powiedzia\u0142 rolnikom, jak dosz\u0142o do pierwszego ogniska choroby w wojew\u00f3dztwie lubelskim i jak w praktyce wygl\u0105da walka z afryka\u0144skim pomorem \u015bwi\u0144. \u2013 <em>Cz\u0119sto jestem na polu i ju\u017c bardzo dawno nie widzia\u0142em dzik\u00f3w w miejscach, w kt\u00f3rych one wcze\u015bniej przebywa\u0142y. To spowodowa\u0142 ASF<\/em> &#8211;&nbsp; powiedzia\u0142 do uczestnik\u00f3w spotkania wicewojewoda. Doda\u0142, \u017ce ostatnie ognisko ASF na Lubelszczy\u017anie odnotowano we wrze\u015bniu ubieg\u0142ego roku. Wspomnia\u0142 tak\u017ce o ASF, kt\u00f3ry zbiera r\u00f3wnie\u017c \u017cniwo m.in. na Ukrainie i na Bia\u0142orusi.<\/p>\n\n\n\n<div style=\"height:20px\" aria-hidden=\"true\" class=\"wp-block-spacer\"><\/div>\n\n\n\n<p>G\u0142os zabra\u0142a r\u00f3wnie\u017c Beata Nie\u015bcior z Inspekcji Weterynaryjnej w Zamo\u015bciu. Przedstawi\u0142a rolnikom sposoby walki z ASF w praktyce. \u2013 <em>Gmina \u0141abunie jest w strefie bia\u0142ej<\/em> (przyp. wolnej od ogniska tej choroby) \u2013 powiedzia\u0142a do uczestnik\u00f3w spotkania Beata Nie\u015bcior. Pozosta\u0142e kolory to: niebieski (obszar zagro\u017cenia), czerwony (obszar obj\u0119ty ograniczeniami) i \u017c\u00f3\u0142ty (obszar ochronny). Doda\u0142a, \u017ce niezb\u0119dne w przypadkach wyst\u0105pienia afryka\u0144skiego pomoru \u015bwi\u0144, jest zabezpieczenie swojego gospodarstwa. Takimi \u015brodkami mog\u0105 by\u0107 specjalne maty czy ubrania oraz zabezpieczenie okien oraz drzwi. Na nie mo\u017cna dosta\u0107 wsparcie finansowe z Agencji Restrukturyzacji i Modernizacji Rolnictwa (m.in. na zakup mat dezynfekcyjnych, deratyzacyjnych, produkt\u00f3w biob\u00f3jczych czy na zakup odzie\u017cy ochronnej i obuwia ochronnego zabezpieczenie budynk\u00f3w, w kt\u00f3rych s\u0105 utrzymywane \u015bwinie, przed dost\u0119pem zwierz\u0105t domowych). O tym z kolei m\u00f3wi\u0142 Artur Pitus z Biura Powiatowego Lubelskiego Oddzia\u0142u Regionalnego ARiMR w Zamo\u015bciu. <\/p>\n\n\n\n<div style=\"height:20px\" aria-hidden=\"true\" class=\"wp-block-spacer\"><\/div>\n\n\n\n<p>Organizatorem konferencji by\u0142 wicewojewoda lubelski. W spotkaniu uczestniczyli:\nwicewojewoda lubelski \u2013 Pan Robert Gmitruczuk, kierownik Biura Powiatowego\nLubelskiego Oddzia\u0142u Regionalnego ARiMR w Zamo\u015bciu \u2013 Pani Joanna Palikot,\nKierownik Wojew\u00f3dzkiego Centrum Zarz\u0105dzania Kryzysowego LUW&nbsp; w Lublinie \u2013Pan Grzegorz Wi\u0144ski, W\u00f3jt Gminy\n\u0141abunie \u2013 Pan Mariusz Kukie\u0142ka, Pani Beata Nie\u015bcior z Inspekcji Weterynaryjnej\nw Zamo\u015bciu oraz Pan Artur Pitus z Biura Powiatowego Lubelskiego Oddzia\u0142u Regionalnego\nARiMR w Zamo\u015bciu. <\/p>\n\n\n\n<div style=\"height:20px\" aria-hidden=\"true\" class=\"wp-block-spacer\"><\/div>\n\n\n\n<ul class=\"wp-block-gallery columns-1 is-cropped wp-block-gallery-1 is-layout-flex wp-block-gallery-is-layout-flex\"><li class=\"blocks-gallery-item\"><figure><a href=\"https:\/\/www.labunie.com.pl\/wp-content\/uploads\/2019\/02\/Image00004-5-1024x682.jpg\" data-rel=\"lightbox-gallery-wzQQVUKy\" data-rl_title=\"\" data-rl_caption=\"\" title=\"\"><img loading=\"lazy\" decoding=\"async\" width=\"1024\" height=\"682\" src=\"https:\/\/www.labunie.com.pl\/wp-content\/uploads\/2019\/02\/Image00004-5-1024x682.jpg\" alt=\"\" data-id=\"11232\" data-link=\"https:\/\/www.labunie.com.pl\/?attachment_id=11232\" class=\"wp-image-11232\" srcset=\"https:\/\/www.labunie.com.pl\/wp-content\/uploads\/2019\/02\/Image00004-5-1024x682.jpg 1024w, https:\/\/www.labunie.com.pl\/wp-content\/uploads\/2019\/02\/Image00004-5-300x200.jpg 300w, https:\/\/www.labunie.com.pl\/wp-content\/uploads\/2019\/02\/Image00004-5-768x511.jpg 768w, https:\/\/www.labunie.com.pl\/wp-content\/uploads\/2019\/02\/Image00004-5.jpg 2000w\" sizes=\"auto, (max-width: 1024px) 100vw, 1024px\" \/><\/a><\/figure><\/li><li class=\"blocks-gallery-item\"><figure><a href=\"https:\/\/www.labunie.com.pl\/wp-content\/uploads\/2019\/02\/Image00003-5-1024x682.jpg\" data-rel=\"lightbox-gallery-wzQQVUKy\" data-rl_title=\"\" data-rl_caption=\"\" title=\"\"><img loading=\"lazy\" decoding=\"async\" width=\"1024\" height=\"682\" src=\"https:\/\/www.labunie.com.pl\/wp-content\/uploads\/2019\/02\/Image00003-5-1024x682.jpg\" alt=\"\" data-id=\"11231\" data-link=\"https:\/\/www.labunie.com.pl\/?attachment_id=11231\" class=\"wp-image-11231\" srcset=\"https:\/\/www.labunie.com.pl\/wp-content\/uploads\/2019\/02\/Image00003-5-1024x682.jpg 1024w, https:\/\/www.labunie.com.pl\/wp-content\/uploads\/2019\/02\/Image00003-5-300x200.jpg 300w, https:\/\/www.labunie.com.pl\/wp-content\/uploads\/2019\/02\/Image00003-5-768x511.jpg 768w, https:\/\/www.labunie.com.pl\/wp-content\/uploads\/2019\/02\/Image00003-5.jpg 2000w\" sizes=\"auto, (max-width: 1024px) 100vw, 1024px\" \/><\/a><\/figure><\/li><li class=\"blocks-gallery-item\"><figure><a href=\"https:\/\/www.labunie.com.pl\/wp-content\/uploads\/2019\/02\/Image00002-5-1024x682.jpg\" data-rel=\"lightbox-gallery-wzQQVUKy\" data-rl_title=\"\" data-rl_caption=\"\" title=\"\"><img loading=\"lazy\" decoding=\"async\" width=\"1024\" height=\"682\" src=\"https:\/\/www.labunie.com.pl\/wp-content\/uploads\/2019\/02\/Image00002-5-1024x682.jpg\" alt=\"\" data-id=\"11230\" data-link=\"https:\/\/www.labunie.com.pl\/?attachment_id=11230\" class=\"wp-image-11230\" srcset=\"https:\/\/www.labunie.com.pl\/wp-content\/uploads\/2019\/02\/Image00002-5-1024x682.jpg 1024w, https:\/\/www.labunie.com.pl\/wp-content\/uploads\/2019\/02\/Image00002-5-300x200.jpg 300w, https:\/\/www.labunie.com.pl\/wp-content\/uploads\/2019\/02\/Image00002-5-768x511.jpg 768w, https:\/\/www.labunie.com.pl\/wp-content\/uploads\/2019\/02\/Image00002-5.jpg 2000w\" sizes=\"auto, (max-width: 1024px) 100vw, 1024px\" \/><\/a><\/figure><\/li><li class=\"blocks-gallery-item\"><figure><a href=\"https:\/\/www.labunie.com.pl\/wp-content\/uploads\/2019\/02\/Image00001-6-1024x682.jpg\" data-rel=\"lightbox-gallery-wzQQVUKy\" data-rl_title=\"\" data-rl_caption=\"\" title=\"\"><img loading=\"lazy\" decoding=\"async\" width=\"1024\" height=\"682\" src=\"https:\/\/www.labunie.com.pl\/wp-content\/uploads\/2019\/02\/Image00001-6-1024x682.jpg\" alt=\"\" data-id=\"11229\" data-link=\"https:\/\/www.labunie.com.pl\/?attachment_id=11229\" class=\"wp-image-11229\" srcset=\"https:\/\/www.labunie.com.pl\/wp-content\/uploads\/2019\/02\/Image00001-6-1024x682.jpg 1024w, https:\/\/www.labunie.com.pl\/wp-content\/uploads\/2019\/02\/Image00001-6-300x200.jpg 300w, https:\/\/www.labunie.com.pl\/wp-content\/uploads\/2019\/02\/Image00001-6-768x511.jpg 768w, https:\/\/www.labunie.com.pl\/wp-content\/uploads\/2019\/02\/Image00001-6.jpg 2000w\" sizes=\"auto, (max-width: 1024px) 100vw, 1024px\" \/><\/a><\/figure><\/li><\/ul>\n","protected":false},"excerpt":{"rendered":"<p>\u201eChoroba w wojew\u00f3dztwie lubelskim zosta\u0142a zdecydowanie powstrzymana\u201d \u2013 tak o afryka\u0144skim pomorze \u015bwi\u0144 (ASF) m\u00f3wi\u0142 na dzisiejszym spotkaniu z rolnikami z gminy \u0141abunie wicewojewoda lubelski \u2013 Robert Gmitruczuk.<\/p>\n","protected":false},"author":11,"featured_media":11235,"comment_status":"closed","ping_status":"closed","sticky":false,"template":"","format":"standard","meta":{"footnotes":""},"categories":[1],"tags":[],"class_list":["post-11212","post","type-post","status-publish","format-standard","has-post-thumbnail","hentry","category-wpisy","clearfix"],"_links":{"self":[{"href":"https:\/\/www.labunie.com.pl\/index.php?rest_route=\/wp\/v2\/posts\/11212","targetHints":{"allow":["GET"]}}],"collection":[{"href":"https:\/\/www.labunie.com.pl\/index.php?rest_route=\/wp\/v2\/posts"}],"about":[{"href":"https:\/\/www.labunie.com.pl\/index.php?rest_route=\/wp\/v2\/types\/post"}],"author":[{"embeddable":true,"href":"https:\/\/www.labunie.com.pl\/index.php?rest_route=\/wp\/v2\/users\/11"}],"replies":[{"embeddable":true,"href":"https:\/\/www.labunie.com.pl\/index.php?rest_route=%2Fwp%2Fv2%2Fcomments&post=11212"}],"version-history":[{"count":2,"href":"https:\/\/www.labunie.com.pl\/index.php?rest_route=\/wp\/v2\/posts\/11212\/revisions"}],"predecessor-version":[{"id":11236,"href":"https:\/\/www.labunie.com.pl\/index.php?rest_route=\/wp\/v2\/posts\/11212\/revisions\/11236"}],"wp:featuredmedia":[{"embeddable":true,"href":"https:\/\/www.labunie.com.pl\/index.php?rest_route=\/wp\/v2\/media\/11235"}],"wp:attachment":[{"href":"https:\/\/www.labunie.com.pl\/index.php?rest_route=%2Fwp%2Fv2%2Fmedia&parent=11212"}],"wp:term":[{"taxonomy":"category","embeddable":true,"href":"https:\/\/www.labunie.com.pl\/index.php?rest_route=%2Fwp%2Fv2%2Fcategories&post=11212"},{"taxonomy":"post_tag","embeddable":true,"href":"https:\/\/www.labunie.com.pl\/index.php?rest_route=%2Fwp%2Fv2%2Ftags&post=11212"}],"curies":[{"name":"wp","href":"https:\/\/api.w.org\/{rel}","templated":true}]}}