{"id":11034,"date":"2019-02-06T12:10:44","date_gmt":"2019-02-06T11:10:44","guid":{"rendered":"https:\/\/www.labunie.com.pl\/?p=11034"},"modified":"2019-02-06T12:14:00","modified_gmt":"2019-02-06T11:14:00","slug":"finalista-wojewodzkiego-konkursu-geograficznego-w-lublinie","status":"publish","type":"post","link":"https:\/\/www.labunie.com.pl\/?p=11034","title":{"rendered":"Finalista Wojew\u00f3dzkiego Konkursu Geograficznego w Lublinie"},"content":{"rendered":"\n<p><strong>Kamila Wr\u00f3blewska  uczennica klasy VIII b Szko\u0142y Podstawowej w \u0141abuniach zosta\u0142a finalistk\u0105 Wojew\u00f3dzkiego Przedmiotowego Konkursu Geograficznego zorganizowanego przez Kuratorium O\u015bwiaty w Lublinie. Eliminacje wojew\u00f3dzkie odby\u0142y si\u0119 24 stycznia 2019 r. w Lublinie.<\/strong><\/p>\n\n\n\n<!--more-->\n\n\n\n<div style=\"height:80px\" aria-hidden=\"true\" class=\"wp-block-spacer\"><\/div>\n\n\n\n<figure class=\"wp-block-image\"><img loading=\"lazy\" decoding=\"async\" width=\"661\" height=\"495\" src=\"https:\/\/www.labunie.com.pl\/wp-content\/uploads\/2019\/02\/Kamila-Wroblewska-konkurs-geograficzny-2019.jpg\" alt=\"\" class=\"wp-image-11035\" srcset=\"https:\/\/www.labunie.com.pl\/wp-content\/uploads\/2019\/02\/Kamila-Wroblewska-konkurs-geograficzny-2019.jpg 661w, https:\/\/www.labunie.com.pl\/wp-content\/uploads\/2019\/02\/Kamila-Wroblewska-konkurs-geograficzny-2019-300x225.jpg 300w\" sizes=\"auto, (max-width: 661px) 100vw, 661px\" \/><\/figure>\n\n\n\n<p>Kamila wykaza\u0142a si\u0119 wiedz\u0105 i umiej\u0119tno\u015bciami ponad podstaw\u0119 programow\u0105. Celem konkursu by\u0142o rozwijanie uzdolnie\u0144, rozbudzanie zainteresowa\u0144 geograficznych w\u015br\u00f3d uczni\u00f3w, kszta\u0142towanie umiej\u0119tno\u015bci samodzielnego zdobywania i rozszerzania wiedzy geograficznej, kszta\u0142towanie umiej\u0119tno\u015bci korzystania z r\u00f3\u017cnych \u017ar\u00f3de\u0142 informacji oraz wykorzystywanie umiej\u0119tno\u015bci stosowania zdobytej wiedzy w praktyce.<\/p>\n\n\n\n<div style=\"height:20px\" aria-hidden=\"true\" class=\"wp-block-spacer\"><\/div>\n\n\n\n<p style=\"text-align:center\"><strong>GRATULUJEMY!!!<\/strong><\/p>\n\n\n\n<div style=\"height:20px\" aria-hidden=\"true\" class=\"wp-block-spacer\"><\/div>\n\n\n\n<p>Uczennica zosta\u0142a przygotowana przez Pani\u0105 mgr Danut\u0119 Bosiak.<\/p>\n\n\n\n<div style=\"height:20px\" aria-hidden=\"true\" class=\"wp-block-spacer\"><\/div>\n\n\n\n<p style=\"font-size:12px;text-align:right\"><em>Informacja nades\u0142ana przez SP \u0141abunie<\/em><\/p>\n","protected":false},"excerpt":{"rendered":"<p>Kamila Wr\u00f3blewska uczennica klasy VIII b Szko\u0142y Podstawowej w \u0141abuniach zosta\u0142a finalistk\u0105 Wojew\u00f3dzkiego Przedmiotowego Konkursu Geograficznego zorganizowanego przez Kuratorium O\u015bwiaty w Lublinie. Eliminacje wojew\u00f3dzkie odby\u0142y si\u0119 24 stycznia 2019 r. w Lublinie.<\/p>\n","protected":false},"author":7,"featured_media":11038,"comment_status":"closed","ping_status":"closed","sticky":false,"template":"","format":"standard","meta":{"footnotes":""},"categories":[1],"tags":[],"class_list":["post-11034","post","type-post","status-publish","format-standard","has-post-thumbnail","hentry","category-wpisy","clearfix"],"_links":{"self":[{"href":"https:\/\/www.labunie.com.pl\/index.php?rest_route=\/wp\/v2\/posts\/11034","targetHints":{"allow":["GET"]}}],"collection":[{"href":"https:\/\/www.labunie.com.pl\/index.php?rest_route=\/wp\/v2\/posts"}],"about":[{"href":"https:\/\/www.labunie.com.pl\/index.php?rest_route=\/wp\/v2\/types\/post"}],"author":[{"embeddable":true,"href":"https:\/\/www.labunie.com.pl\/index.php?rest_route=\/wp\/v2\/users\/7"}],"replies":[{"embeddable":true,"href":"https:\/\/www.labunie.com.pl\/index.php?rest_route=%2Fwp%2Fv2%2Fcomments&post=11034"}],"version-history":[{"count":4,"href":"https:\/\/www.labunie.com.pl\/index.php?rest_route=\/wp\/v2\/posts\/11034\/revisions"}],"predecessor-version":[{"id":11041,"href":"https:\/\/www.labunie.com.pl\/index.php?rest_route=\/wp\/v2\/posts\/11034\/revisions\/11041"}],"wp:featuredmedia":[{"embeddable":true,"href":"https:\/\/www.labunie.com.pl\/index.php?rest_route=\/wp\/v2\/media\/11038"}],"wp:attachment":[{"href":"https:\/\/www.labunie.com.pl\/index.php?rest_route=%2Fwp%2Fv2%2Fmedia&parent=11034"}],"wp:term":[{"taxonomy":"category","embeddable":true,"href":"https:\/\/www.labunie.com.pl\/index.php?rest_route=%2Fwp%2Fv2%2Fcategories&post=11034"},{"taxonomy":"post_tag","embeddable":true,"href":"https:\/\/www.labunie.com.pl\/index.php?rest_route=%2Fwp%2Fv2%2Ftags&post=11034"}],"curies":[{"name":"wp","href":"https:\/\/api.w.org\/{rel}","templated":true}]}}