{"id":11002,"date":"2019-02-04T13:21:59","date_gmt":"2019-02-04T12:21:59","guid":{"rendered":"https:\/\/www.labunie.com.pl\/?p=11002"},"modified":"2019-02-04T13:22:32","modified_gmt":"2019-02-04T12:22:32","slug":"informacja-dla-rolnikow-5","status":"publish","type":"post","link":"https:\/\/www.labunie.com.pl\/?p=11002","title":{"rendered":"Informacja dla rolnik\u00f3w"},"content":{"rendered":"\n<p><strong>W\u00f3jt Gminy \u0141abunie informuje, \u017ce 13 lutego 2019 r. w godz. 9:00 &#8211; 11:00 w budynku Domu Kultury w \u0141abuniach odb\u0119dzie si\u0119 spotkanie z rolnikami, po\u015bwi\u0119cone g\u0142\u00f3wnie obowi\u0105zkom i zagro\u017ceniom zwi\u0105zanym z afryka\u0144skim pomorem \u015bwi\u0144 (ASF) oraz programowi pomocy dla rolnik\u00f3w dotkni\u0119tych stratami z powodu wyst\u0105pienia ASF. Nie wyklucza to mo\u017cliwo\u015bci zadawania pyta\u0144 w innych sprawach nurtuj\u0105cych rolnik\u00f3w.<\/strong><\/p>\n\n\n\n<!--more-->\n\n\n\n<div style=\"height:40px\" aria-hidden=\"true\" class=\"wp-block-spacer\"><\/div>\n\n\n\n<p>Organizatorem spotkania jest Wicewojewoda Lubelski.<\/p>\n\n\n\n<div style=\"height:20px\" aria-hidden=\"true\" class=\"wp-block-spacer\"><\/div>\n\n\n\n<p>W spotkaniu maj\u0105 uczestniczy\u0107 przedstawiciele: Agencji Restrukturyzacji i Modernizacji Rolnictwa, Lubelskiego O\u015brodka Doradztwa Rolniczego, Powiatowego Lekarza Weterynarii w Zamo\u015bciu, Wydzia\u0142u \u015arodowiska i Rolnictwa Lubelskiego Urz\u0119du Wojew\u00f3dzkiego, Pa\u0144stwowej Stra\u017cy \u0141owieckiej oraz Wydzia\u0142u Bezpiecze\u0144stwa i Zarz\u0105dzania Kryzysowego Lubelskiego Urz\u0119du Wojew\u00f3dzkiego.<\/p>\n\n\n\n<div style=\"height:40px\" aria-hidden=\"true\" class=\"wp-block-spacer\"><\/div>\n\n\n\n<p style=\"text-align:right\"><em>W\u00f3jt Gminy \u0141abunie <br><br> (\u2014) Mariusz Kukie\u0142ka <\/em><br><\/p>\n","protected":false},"excerpt":{"rendered":"<p>W\u00f3jt Gminy \u0141abunie informuje, \u017ce 13 lutego 2019 r. w godz. 9:00 &#8211; 11:00 w budynku Domu Kultury w \u0141abuniach odb\u0119dzie si\u0119 spotkanie z rolnikami, po\u015bwi\u0119cone g\u0142\u00f3wnie obowi\u0105zkom i zagro\u017ceniom zwi\u0105zanym z afryka\u0144skim pomorem \u015bwi\u0144 (ASF) oraz programowi pomocy dla rolnik\u00f3w dotkni\u0119tych stratami z powodu wyst\u0105pienia ASF. Nie wyklucza to mo\u017cliwo\u015bci zadawania pyta\u0144 w innych [&hellip;]<\/p>\n","protected":false},"author":7,"featured_media":6344,"comment_status":"closed","ping_status":"closed","sticky":false,"template":"","format":"standard","meta":{"footnotes":""},"categories":[1],"tags":[],"class_list":["post-11002","post","type-post","status-publish","format-standard","has-post-thumbnail","hentry","category-wpisy","clearfix"],"_links":{"self":[{"href":"https:\/\/www.labunie.com.pl\/index.php?rest_route=\/wp\/v2\/posts\/11002","targetHints":{"allow":["GET"]}}],"collection":[{"href":"https:\/\/www.labunie.com.pl\/index.php?rest_route=\/wp\/v2\/posts"}],"about":[{"href":"https:\/\/www.labunie.com.pl\/index.php?rest_route=\/wp\/v2\/types\/post"}],"author":[{"embeddable":true,"href":"https:\/\/www.labunie.com.pl\/index.php?rest_route=\/wp\/v2\/users\/7"}],"replies":[{"embeddable":true,"href":"https:\/\/www.labunie.com.pl\/index.php?rest_route=%2Fwp%2Fv2%2Fcomments&post=11002"}],"version-history":[{"count":3,"href":"https:\/\/www.labunie.com.pl\/index.php?rest_route=\/wp\/v2\/posts\/11002\/revisions"}],"predecessor-version":[{"id":11005,"href":"https:\/\/www.labunie.com.pl\/index.php?rest_route=\/wp\/v2\/posts\/11002\/revisions\/11005"}],"wp:featuredmedia":[{"embeddable":true,"href":"https:\/\/www.labunie.com.pl\/index.php?rest_route=\/wp\/v2\/media\/6344"}],"wp:attachment":[{"href":"https:\/\/www.labunie.com.pl\/index.php?rest_route=%2Fwp%2Fv2%2Fmedia&parent=11002"}],"wp:term":[{"taxonomy":"category","embeddable":true,"href":"https:\/\/www.labunie.com.pl\/index.php?rest_route=%2Fwp%2Fv2%2Fcategories&post=11002"},{"taxonomy":"post_tag","embeddable":true,"href":"https:\/\/www.labunie.com.pl\/index.php?rest_route=%2Fwp%2Fv2%2Ftags&post=11002"}],"curies":[{"name":"wp","href":"https:\/\/api.w.org\/{rel}","templated":true}]}}