{"id":10895,"date":"2019-01-24T11:50:19","date_gmt":"2019-01-24T10:50:19","guid":{"rendered":"https:\/\/www.labunie.com.pl\/?p=10895"},"modified":"2019-01-24T12:40:35","modified_gmt":"2019-01-24T11:40:35","slug":"malowanie-koled-podsumowanie-7-edycji-konkursu","status":"publish","type":"post","link":"https:\/\/www.labunie.com.pl\/?p=10895","title":{"rendered":"&#8220;Malowanie kol\u0119d&#8221; &#8211; podsumowanie 7. edycji konkursu"},"content":{"rendered":"\n<p><strong>23 stycznia w auli b\u0142. Stanis\u0142awa Starowieyskiego w zespole pa\u0142acowo &#8211; parkowym w \u0141abuniach podsumowano 7. edycj\u0119 konkursu plastycznego \u201eMalowanie Kol\u0119d\u201d. Nagrody i wyr\u00f3\u017cnienia 73 Laureatom wr\u0119czali: Mariusz Kukie\u0142ka &#8211; W\u00f3jt Gminy \u0141abunie, Krystyna Hubala &#8211; przewodnicz\u0105ca jury, autorka obraz\u00f3w olejnych z cyklu \u201eDawna wie\u015b\u201d prezentowanych na wystawie indywidualnej w \u0142abu\u0144skiej bibliotece, s. Teresa Neitsch FMM &#8211; gospodyni domu rekolekcyjnego. <\/strong><\/p>\n\n\n\n<!--more-->\n\n\n\n<div style=\"height:20px\" aria-hidden=\"true\" class=\"wp-block-spacer\"><\/div>\n\n\n\n<p>Laureaci otrzymali tak\u017ce personalizowane dyplomy &#8211; na ka\u017cdym umieszczono  prac\u0119 autora. Ponadto, jak co roku, nagrodzone prace zostan\u0105 wydane w  postaci kartek bo\u017conarodzeniowych i zostan\u0105 przes\u0142ane wraz z \u017cyczeniami  w\u00f3jta do przyjaci\u00f3\u0142 naszej gminy i autor\u00f3w prac. <\/p>\n\n\n\n<div style=\"height:20px\" aria-hidden=\"true\" class=\"wp-block-spacer\"><\/div>\n\n\n<p>[lg_folder folder=&#8221;20190123\/&#8221; paging=&#8221;false&#8221;]<\/p>\n\n\n<div style=\"height:20px\" aria-hidden=\"true\" class=\"wp-block-spacer\"><\/div>\n\n\n\n<p><em>Organizator konkursu: Referat Promocji i Rozwoju Gminy <strong>dzi\u0119kuje Siostrom<\/strong> za udost\u0119pnienie magicznego miejsca, jakim jest zesp\u00f3\u0142 pa\u0142acowo &#8211; parkowy, <strong>Bibliotece Publicznej Gminy \u0141abunie <\/strong>za przygotowanie wystawy prac, kt\u00f3ra do poniedzia\u0142ku (28 I) go\u015bci u si\u00f3str FMM, a nast\u0119pnie mo\u017cna j\u0105 b\u0119dzie obejrze\u0107 w Galerii B\u0142\u0119kitnej przy bibliotece, <strong>Komisji <\/strong>za niezwykle ci\u0119\u017ck\u0105, ale przyjemn\u0105 prac\u0119, <strong>Uczestnikom <\/strong>za feeri\u0119 barw, pomys\u0142y i ciekawe rozwi\u0105zania, <strong>Opiekunom i Rodzicom<\/strong> za przybycie na rozstrzygni\u0119cie, zach\u0119canie dzieci do udzia\u0142u w konkursach i za wsparcie swoich pociech, <\/em> <strong>Alicji Pi\u0142at <\/strong>uczennicy SP \u0141abunie i PSM w Zamo\u015bciu za u\u015bwietnienie swoim wyst\u0119pem fina\u0142u konkursu, <em><strong>W\u00f3jtowi Gminy <\/strong>za zakup nagr\u00f3d i s\u0142odyczy.<\/em><\/p>\n\n\n\n<div style=\"height:40px\" aria-hidden=\"true\" class=\"wp-block-spacer\"><\/div>\n\n\n\n<h3 class=\"wp-block-heading\" style=\"text-align:center\">Zapraszamy do udzia\u0142u w kolejnych edycjach i innych gminnych konkursach! <\/h3>\n\n\n\n<div style=\"height:20px\" aria-hidden=\"true\" class=\"wp-block-spacer\"><\/div>\n\n\n\n<figure class=\"wp-block-embed-wordpress wp-block-embed is-type-rich is-provider-urzad-gminy-labunie\"><div class=\"wp-block-embed__wrapper\">\n<blockquote class=\"wp-embedded-content\" data-secret=\"5AZc4XDAO7\"><a href=\"https:\/\/www.labunie.com.pl\/2019\/01\/malowanie-koled-wyniki\/\">Malowanie Kol\u0119d &#8211; wyniki konkursu<\/a><\/blockquote><iframe loading=\"lazy\" class=\"wp-embedded-content\" sandbox=\"allow-scripts\" security=\"restricted\" style=\"position: absolute; clip: rect(1px, 1px, 1px, 1px);\" title=\"&#8222;Malowanie Kol\u0119d &#8211; wyniki konkursu&#8221; &#8212; Urz\u0105d Gminy \u0141abunie\" src=\"https:\/\/www.labunie.com.pl\/2019\/01\/malowanie-koled-wyniki\/embed\/#?secret=5AZc4XDAO7\" data-secret=\"5AZc4XDAO7\" width=\"600\" height=\"338\" frameborder=\"0\" marginwidth=\"0\" marginheight=\"0\" scrolling=\"no\"><\/iframe>\n<\/div><\/figure>\n","protected":false},"excerpt":{"rendered":"<p>23 stycznia w auli b\u0142. Stanis\u0142awa Starowieyskiego w zespole pa\u0142acowo &#8211; parkowym w \u0141abuniach podsumowano 7. edycj\u0119 konkursu plastycznego \u201eMalowanie Kol\u0119d\u201d. Nagrody i wyr\u00f3\u017cnienia 73 Laureatom wr\u0119czali: Mariusz Kukie\u0142ka &#8211; W\u00f3jt Gminy \u0141abunie, Krystyna Hubala &#8211; przewodnicz\u0105ca jury, autorka obraz\u00f3w olejnych z cyklu \u201eDawna wie\u015b\u201d prezentowanych na wystawie indywidualnej w \u0142abu\u0144skiej bibliotece, s. Teresa Neitsch [&hellip;]<\/p>\n","protected":false},"author":7,"featured_media":10898,"comment_status":"closed","ping_status":"closed","sticky":false,"template":"","format":"standard","meta":{"footnotes":""},"categories":[1],"tags":[],"class_list":["post-10895","post","type-post","status-publish","format-standard","has-post-thumbnail","hentry","category-wpisy","clearfix"],"_links":{"self":[{"href":"https:\/\/www.labunie.com.pl\/index.php?rest_route=\/wp\/v2\/posts\/10895","targetHints":{"allow":["GET"]}}],"collection":[{"href":"https:\/\/www.labunie.com.pl\/index.php?rest_route=\/wp\/v2\/posts"}],"about":[{"href":"https:\/\/www.labunie.com.pl\/index.php?rest_route=\/wp\/v2\/types\/post"}],"author":[{"embeddable":true,"href":"https:\/\/www.labunie.com.pl\/index.php?rest_route=\/wp\/v2\/users\/7"}],"replies":[{"embeddable":true,"href":"https:\/\/www.labunie.com.pl\/index.php?rest_route=%2Fwp%2Fv2%2Fcomments&post=10895"}],"version-history":[{"count":5,"href":"https:\/\/www.labunie.com.pl\/index.php?rest_route=\/wp\/v2\/posts\/10895\/revisions"}],"predecessor-version":[{"id":10906,"href":"https:\/\/www.labunie.com.pl\/index.php?rest_route=\/wp\/v2\/posts\/10895\/revisions\/10906"}],"wp:featuredmedia":[{"embeddable":true,"href":"https:\/\/www.labunie.com.pl\/index.php?rest_route=\/wp\/v2\/media\/10898"}],"wp:attachment":[{"href":"https:\/\/www.labunie.com.pl\/index.php?rest_route=%2Fwp%2Fv2%2Fmedia&parent=10895"}],"wp:term":[{"taxonomy":"category","embeddable":true,"href":"https:\/\/www.labunie.com.pl\/index.php?rest_route=%2Fwp%2Fv2%2Fcategories&post=10895"},{"taxonomy":"post_tag","embeddable":true,"href":"https:\/\/www.labunie.com.pl\/index.php?rest_route=%2Fwp%2Fv2%2Ftags&post=10895"}],"curies":[{"name":"wp","href":"https:\/\/api.w.org\/{rel}","templated":true}]}}