{"id":10705,"date":"2019-01-15T07:34:48","date_gmt":"2019-01-15T06:34:48","guid":{"rendered":"https:\/\/www.labunie.com.pl\/?p=10705"},"modified":"2019-01-15T16:14:01","modified_gmt":"2019-01-15T15:14:01","slug":"malowanie-koled-wyniki","status":"publish","type":"post","link":"https:\/\/www.labunie.com.pl\/?p=10705","title":{"rendered":"Malowanie Kol\u0119d &#8211; wyniki konkursu"},"content":{"rendered":"\n<p><strong>W sobot\u0119 12 stycznia w Bibliotece Publicznej Gminy \u0141abunie rozstrzygni\u0119ty zosta\u0142 VII Gminny Konkurs Plastyczny \u201eMalowanie Kol\u0119d\u201d. Komisja w sk\u0142adzie: Przewodnicz\u0105ca Krystyna Hubala \u2013 malarka, uczestniczka bibliotecznego projektu \u201ePasje naszych mieszka\u0144c\u00f3w\u201d, Sekretarz konkursu Agnieszka Piela podda\u0142a ocenie rekordow\u0105 liczb\u0119 221 prac plastycznych. <\/strong><\/p>\n\n\n\n<!--more-->\n\n\n\n<div style=\"height:50px\" aria-hidden=\"true\" class=\"wp-block-spacer\"><\/div>\n\n\n\n<p>Przyznano 37 nagr\u00f3d i 36 wyr\u00f3\u017cnie\u0144. Najlepsze prace zostan\u0105 wydrukowane  jako kartki pocztowe, kt\u00f3re Gmina \u0141abunie wysy\u0142a w okresie \u015awi\u0105t Bo\u017cego  Narodzenia do os\u00f3b, firm i instytucji. Patronat nad konkursem sprawuje  W\u00f3jt Gminy \u0141abunie.  <\/p>\n\n\n\n<div style=\"height:20px\" aria-hidden=\"true\" class=\"wp-block-spacer\"><\/div>\n\n\n\n<h3 class=\"wp-block-heading\" style=\"text-align:center\">W kategorii przedszkole 3, 4 i 5 lat nagrody pow\u0119druj\u0105 do: <\/h3>\n\n\n\n<ul class=\"wp-block-list\"><li><strong>Laury Wasiuk, <\/strong><\/li><li><strong>Wiktorii Buczak, <\/strong><\/li><li><strong>Weroniki Paszt, <\/strong><\/li><li><strong>Oliwii Nowakowskiej, <\/strong><\/li><li><strong>Kornelii \u015alepko, <\/strong><\/li><li><strong>Leny Braneckiej, <\/strong><\/li><li><strong>Wiktora Kiszki, <\/strong><\/li><li><strong>Szymona W\u0119c\u0142aka, <\/strong><\/li><li><strong>Leny Helman.<\/strong><\/li><\/ul>\n\n\n\n<div style=\"height:20px\" aria-hidden=\"true\" class=\"wp-block-spacer\"><\/div>\n\n\n\n<p>Wyr\u00f3\u017cnienia otrzymaj\u0105: <strong>Pola Lewicka, Nikola Soko\u0142owska, Szymon  Ko\u0142odziejczyk, Mia Corbin, Antonina Burdzy, Zuzanna Rybicka, Hanna  P\u0142aza, Krzysztof Niemczycki, Ilona Bryk<\/strong>. <\/p>\n\n\n\n<div style=\"height:50px\" aria-hidden=\"true\" class=\"wp-block-spacer\"><\/div>\n\n\n\n<h3 class=\"wp-block-heading\" style=\"text-align:center\">W kategorii szk\u00f3\u0142 podstawowych \u2013 klasy 0 \u2013III nagrodzono prace: <\/h3>\n\n\n\n<ul class=\"wp-block-list\"><li><strong>Kingi Ga\u0142ek, <\/strong><\/li><li><strong>Micha\u0142a Jastrz\u0119bskiego, <\/strong><\/li><li><strong>Kacpra Rycaka, <\/strong><\/li><li><strong>R\u00f3\u017cy Ja\u015bmi\u0144skiej, <\/strong><\/li><li><strong>Martyny Bamburskiej, <\/strong><\/li><li><strong>Dominiki Soko\u0142owskiej, <\/strong><\/li><li><strong>Zuzanny D\u0119bkowskiej, <\/strong><\/li><li><strong>Mai Lupy, <\/strong><\/li><li><strong>Amelii Barszcz, <\/strong><\/li><li><strong>Mileny Teterycz, <\/strong><\/li><li><strong>Martyny Turczyn, <\/strong><\/li><li><strong>Oliwii \u017buk, <\/strong><\/li><li><strong>Mileny \u015aliwi\u0144skiej, <\/strong><\/li><li><strong>Mai Wo\u0142oszyn, <\/strong><\/li><li><strong>Mai Wolskiej, <\/strong><\/li><li><strong>Weroniki Ternes, <\/strong><\/li><li><strong>Patrycji Godzisz, <\/strong><\/li><li><strong>Micha\u0142a Synowca, <\/strong><\/li><li><strong>Darii Rycak, <\/strong><\/li><li><strong>Alana Kani, <\/strong><\/li><li><strong>Alicji Pi\u0142at, <\/strong><\/li><li><strong>Wojciecha Rozkresa. <\/strong><\/li><\/ul>\n\n\n\n<div style=\"height:20px\" aria-hidden=\"true\" class=\"wp-block-spacer\"><\/div>\n\n\n\n<p>Wyr\u00f3\u017cnienia pow\u0119druj\u0105 do: <strong>Julii Petryk, Ani Skubisz, Grzegorza Byczka,  Sandry Wiater, Oliwii Wiater, Macieja Gryszyna, Natalii \u0106wik, Szymona  Kuduka, Hanny Wolskiej, Miko\u0142aja Bodziucha, Adriana Misztala, Sylwii  Wiater, Amelii Zwolan, Dagmary Wilczy\u0144skiej, Julii Ma\u0142ys, Dominika  Soko\u0142owskiego, Zuzanny Juszczak, Natalii Smalcugi.  <\/strong><\/p>\n\n\n\n<div style=\"height:50px\" aria-hidden=\"true\" class=\"wp-block-spacer\"><\/div>\n\n\n\n<h3 class=\"wp-block-heading\" style=\"text-align:center\">W kategorii klas IV-VIII nagrody otrzymaj\u0105: <\/h3>\n\n\n\n<ul class=\"wp-block-list\"><li><strong>Sebastian Soko\u0142owski, <\/strong><\/li><li><strong>Miko\u0142aj Karwina, <\/strong><\/li><li><strong>Patrycja Rycak, <\/strong><\/li><li><strong>Karol Witkowski, <\/strong><\/li><li><strong>Kacper Ulanowski, <\/strong><\/li><li><strong>Martyna Budzy\u0144ska.  <\/strong><\/li><\/ul>\n\n\n\n<div style=\"height:20px\" aria-hidden=\"true\" class=\"wp-block-spacer\"><\/div>\n\n\n\n<p>Wyr\u00f3\u017cniono prace: <strong>Mi\u0142osza D\u0119bkowskiego, Karoliny Helman, Kacpra  Bodziucha, Wiktora Gryszyna, Krzysztofa Burdzego, Konrada Bia\u0142kowskiego,  Oliwii Suchary, Emilii Soko\u0142owskiej i Bart\u0142omieja Grandy. <\/strong><\/p>\n\n\n\n<div style=\"height:50px\" aria-hidden=\"true\" class=\"wp-block-spacer\"><\/div>\n\n\n\n<p>Podsumowanie konkursu odb\u0119dzie si\u0119 <strong>23 stycznia<\/strong> <strong>o godz. 15:30<\/strong> w zespole pa\u0142acowo \u2013 parkowym w \u0141abuniach \u2013 oficyna prawa \u2013 aula im. S. Starowieyskiego. Rozstrzygni\u0119ciu b\u0119dzie towarzyszy\u0142a wystawa nagrodzonych prac i mini-recital Alicji Pi\u0142at. <\/p>\n\n\n\n<div style=\"height:20px\" aria-hidden=\"true\" class=\"wp-block-spacer\"><\/div>\n\n\n\n<h2 class=\"wp-block-heading\" style=\"text-align:center\">Zapraszamy!!!<\/h2>\n\n\n\n<div style=\"height:50px\" aria-hidden=\"true\" class=\"wp-block-spacer\"><\/div>\n\n\n\n<figure class=\"wp-block-image\"><img loading=\"lazy\" decoding=\"async\" width=\"1024\" height=\"682\" src=\"https:\/\/www.labunie.com.pl\/wp-content\/uploads\/2019\/01\/0001-1-1024x682.jpg\" alt=\"\" class=\"wp-image-10709\" srcset=\"https:\/\/www.labunie.com.pl\/wp-content\/uploads\/2019\/01\/0001-1-1024x682.jpg 1024w, https:\/\/www.labunie.com.pl\/wp-content\/uploads\/2019\/01\/0001-1-300x200.jpg 300w, https:\/\/www.labunie.com.pl\/wp-content\/uploads\/2019\/01\/0001-1-768x511.jpg 768w, https:\/\/www.labunie.com.pl\/wp-content\/uploads\/2019\/01\/0001-1.jpg 2000w\" sizes=\"auto, (max-width: 1024px) 100vw, 1024px\" \/><\/figure>\n\n\n\n<figure class=\"wp-block-image\"><img loading=\"lazy\" decoding=\"async\" width=\"1024\" height=\"682\" src=\"https:\/\/www.labunie.com.pl\/wp-content\/uploads\/2019\/01\/0002-1-1024x682.jpg\" alt=\"\" class=\"wp-image-10710\" srcset=\"https:\/\/www.labunie.com.pl\/wp-content\/uploads\/2019\/01\/0002-1-1024x682.jpg 1024w, https:\/\/www.labunie.com.pl\/wp-content\/uploads\/2019\/01\/0002-1-300x200.jpg 300w, https:\/\/www.labunie.com.pl\/wp-content\/uploads\/2019\/01\/0002-1-768x511.jpg 768w, https:\/\/www.labunie.com.pl\/wp-content\/uploads\/2019\/01\/0002-1.jpg 2000w\" sizes=\"auto, (max-width: 1024px) 100vw, 1024px\" \/><\/figure>\n\n\n\n<figure class=\"wp-block-image\"><img loading=\"lazy\" decoding=\"async\" width=\"1024\" height=\"682\" src=\"https:\/\/www.labunie.com.pl\/wp-content\/uploads\/2019\/01\/0003-1-1024x682.jpg\" alt=\"\" class=\"wp-image-10711\" srcset=\"https:\/\/www.labunie.com.pl\/wp-content\/uploads\/2019\/01\/0003-1-1024x682.jpg 1024w, https:\/\/www.labunie.com.pl\/wp-content\/uploads\/2019\/01\/0003-1-300x200.jpg 300w, https:\/\/www.labunie.com.pl\/wp-content\/uploads\/2019\/01\/0003-1-768x511.jpg 768w, https:\/\/www.labunie.com.pl\/wp-content\/uploads\/2019\/01\/0003-1.jpg 2000w\" sizes=\"auto, (max-width: 1024px) 100vw, 1024px\" \/><\/figure>\n","protected":false},"excerpt":{"rendered":"<p>W sobot\u0119 12 stycznia w Bibliotece Publicznej Gminy \u0141abunie rozstrzygni\u0119ty zosta\u0142 VII Gminny Konkurs Plastyczny \u201eMalowanie Kol\u0119d\u201d. Komisja w sk\u0142adzie: Przewodnicz\u0105ca Krystyna Hubala \u2013 malarka, uczestniczka bibliotecznego projektu \u201ePasje naszych mieszka\u0144c\u00f3w\u201d, Sekretarz konkursu Agnieszka Piela podda\u0142a ocenie rekordow\u0105 liczb\u0119 221 prac plastycznych.<\/p>\n","protected":false},"author":7,"featured_media":10186,"comment_status":"closed","ping_status":"closed","sticky":false,"template":"","format":"standard","meta":{"footnotes":""},"categories":[1],"tags":[],"class_list":["post-10705","post","type-post","status-publish","format-standard","has-post-thumbnail","hentry","category-wpisy","clearfix"],"_links":{"self":[{"href":"https:\/\/www.labunie.com.pl\/index.php?rest_route=\/wp\/v2\/posts\/10705","targetHints":{"allow":["GET"]}}],"collection":[{"href":"https:\/\/www.labunie.com.pl\/index.php?rest_route=\/wp\/v2\/posts"}],"about":[{"href":"https:\/\/www.labunie.com.pl\/index.php?rest_route=\/wp\/v2\/types\/post"}],"author":[{"embeddable":true,"href":"https:\/\/www.labunie.com.pl\/index.php?rest_route=\/wp\/v2\/users\/7"}],"replies":[{"embeddable":true,"href":"https:\/\/www.labunie.com.pl\/index.php?rest_route=%2Fwp%2Fv2%2Fcomments&post=10705"}],"version-history":[{"count":5,"href":"https:\/\/www.labunie.com.pl\/index.php?rest_route=\/wp\/v2\/posts\/10705\/revisions"}],"predecessor-version":[{"id":10723,"href":"https:\/\/www.labunie.com.pl\/index.php?rest_route=\/wp\/v2\/posts\/10705\/revisions\/10723"}],"wp:featuredmedia":[{"embeddable":true,"href":"https:\/\/www.labunie.com.pl\/index.php?rest_route=\/wp\/v2\/media\/10186"}],"wp:attachment":[{"href":"https:\/\/www.labunie.com.pl\/index.php?rest_route=%2Fwp%2Fv2%2Fmedia&parent=10705"}],"wp:term":[{"taxonomy":"category","embeddable":true,"href":"https:\/\/www.labunie.com.pl\/index.php?rest_route=%2Fwp%2Fv2%2Fcategories&post=10705"},{"taxonomy":"post_tag","embeddable":true,"href":"https:\/\/www.labunie.com.pl\/index.php?rest_route=%2Fwp%2Fv2%2Ftags&post=10705"}],"curies":[{"name":"wp","href":"https:\/\/api.w.org\/{rel}","templated":true}]}}