{"id":10657,"date":"2019-01-10T19:46:05","date_gmt":"2019-01-10T18:46:05","guid":{"rendered":"https:\/\/www.labunie.com.pl\/?p=10657"},"modified":"2019-01-10T19:48:13","modified_gmt":"2019-01-10T18:48:13","slug":"nagroda-dla-michala-mazura","status":"publish","type":"post","link":"https:\/\/www.labunie.com.pl\/?p=10657","title":{"rendered":"Nagroda dla Micha\u0142a Mazura"},"content":{"rendered":"\n<p><strong>8 stycznia przed zebraniem wiejskim w W\u00f3lce \u0141abu\u0144skiej W\u00f3jt Gminy \u0141abunie Mariusz Kukie\u0142ka wr\u0119czy\u0142 specjaln\u0105 nagrod\u0119 Micha\u0142owi Mazurowi, mieszka\u0144cowi W\u00f3lki \u0141abu\u0144skiej za osi\u0105gni\u0119cia sportowe w rzucie m\u0142otem. <\/strong><\/p>\n\n\n\n<!--more-->\n\n\n\n<div style=\"height:100px\" aria-hidden=\"true\" class=\"wp-block-spacer\"><\/div>\n\n\n\n<p>Micha\u0142 Mazur to utalentowany lekkoatleta:<\/p>\n\n\n\n<ul class=\"wp-block-list\"><li>w 2016 r. zaj\u0105\u0142 I miejsce w Mistrzostwach Polski Junior\u00f3w M\u0142odszych,<\/li><li>w 2017 r. III miejsce, <\/li><li>w 2018 r. I miejsce. <\/li><\/ul>\n\n\n\n<div style=\"height:20px\" aria-hidden=\"true\" class=\"wp-block-spacer\"><\/div>\n\n\n\n<p>Jego rekord \u017cyciowy w rzucie m\u0142otem 6 kg wynosi 69,67 m. <\/p>\n\n\n\n<div style=\"height:20px\" aria-hidden=\"true\" class=\"wp-block-spacer\"><\/div>\n\n\n\n<p style=\"text-align:center\"><strong>Gratulujemy i \u017cyczymy sukces\u00f3w! <\/strong><\/p>\n\n\n\n<div style=\"height:20px\" aria-hidden=\"true\" class=\"wp-block-spacer\"><\/div>\n\n\n\n<ul class=\"wp-block-gallery columns-1 is-cropped wp-block-gallery-1 is-layout-flex wp-block-gallery-is-layout-flex\"><li class=\"blocks-gallery-item\"><figure><a href=\"https:\/\/www.labunie.com.pl\/wp-content\/uploads\/2019\/01\/01-1024x768.jpg\" data-rel=\"lightbox-gallery-NkwZXLUr\" data-rl_title=\"\" data-rl_caption=\"\" title=\"\"><img loading=\"lazy\" decoding=\"async\" width=\"1024\" height=\"768\" src=\"https:\/\/www.labunie.com.pl\/wp-content\/uploads\/2019\/01\/01-1024x768.jpg\" alt=\"\" data-id=\"10663\" data-link=\"https:\/\/www.labunie.com.pl\/?attachment_id=10663\" class=\"wp-image-10663\" srcset=\"https:\/\/www.labunie.com.pl\/wp-content\/uploads\/2019\/01\/01.jpg 1024w, https:\/\/www.labunie.com.pl\/wp-content\/uploads\/2019\/01\/01-300x225.jpg 300w, https:\/\/www.labunie.com.pl\/wp-content\/uploads\/2019\/01\/01-768x576.jpg 768w\" sizes=\"auto, (max-width: 1024px) 100vw, 1024px\" \/><\/a><\/figure><\/li><li class=\"blocks-gallery-item\"><figure><a href=\"https:\/\/www.labunie.com.pl\/wp-content\/uploads\/2019\/01\/02-1024x768.jpg\" data-rel=\"lightbox-gallery-NkwZXLUr\" data-rl_title=\"\" data-rl_caption=\"\" title=\"\"><img loading=\"lazy\" decoding=\"async\" width=\"1024\" height=\"768\" src=\"https:\/\/www.labunie.com.pl\/wp-content\/uploads\/2019\/01\/02-1024x768.jpg\" alt=\"\" data-id=\"10664\" data-link=\"https:\/\/www.labunie.com.pl\/?attachment_id=10664\" class=\"wp-image-10664\" srcset=\"https:\/\/www.labunie.com.pl\/wp-content\/uploads\/2019\/01\/02.jpg 1024w, https:\/\/www.labunie.com.pl\/wp-content\/uploads\/2019\/01\/02-300x225.jpg 300w, https:\/\/www.labunie.com.pl\/wp-content\/uploads\/2019\/01\/02-768x576.jpg 768w\" sizes=\"auto, (max-width: 1024px) 100vw, 1024px\" \/><\/a><\/figure><\/li><\/ul>\n","protected":false},"excerpt":{"rendered":"<p>8 stycznia przed zebraniem wiejskim w W\u00f3lce \u0141abu\u0144skiej W\u00f3jt Gminy \u0141abunie Mariusz Kukie\u0142ka wr\u0119czy\u0142 specjaln\u0105 nagrod\u0119 Micha\u0142owi Mazurowi, mieszka\u0144cowi W\u00f3lki \u0141abu\u0144skiej za osi\u0105gni\u0119cia sportowe w rzucie m\u0142otem.<\/p>\n","protected":false},"author":7,"featured_media":10662,"comment_status":"closed","ping_status":"closed","sticky":false,"template":"","format":"standard","meta":{"footnotes":""},"categories":[1],"tags":[],"class_list":["post-10657","post","type-post","status-publish","format-standard","has-post-thumbnail","hentry","category-wpisy","clearfix"],"_links":{"self":[{"href":"https:\/\/www.labunie.com.pl\/index.php?rest_route=\/wp\/v2\/posts\/10657","targetHints":{"allow":["GET"]}}],"collection":[{"href":"https:\/\/www.labunie.com.pl\/index.php?rest_route=\/wp\/v2\/posts"}],"about":[{"href":"https:\/\/www.labunie.com.pl\/index.php?rest_route=\/wp\/v2\/types\/post"}],"author":[{"embeddable":true,"href":"https:\/\/www.labunie.com.pl\/index.php?rest_route=\/wp\/v2\/users\/7"}],"replies":[{"embeddable":true,"href":"https:\/\/www.labunie.com.pl\/index.php?rest_route=%2Fwp%2Fv2%2Fcomments&post=10657"}],"version-history":[{"count":3,"href":"https:\/\/www.labunie.com.pl\/index.php?rest_route=\/wp\/v2\/posts\/10657\/revisions"}],"predecessor-version":[{"id":10667,"href":"https:\/\/www.labunie.com.pl\/index.php?rest_route=\/wp\/v2\/posts\/10657\/revisions\/10667"}],"wp:featuredmedia":[{"embeddable":true,"href":"https:\/\/www.labunie.com.pl\/index.php?rest_route=\/wp\/v2\/media\/10662"}],"wp:attachment":[{"href":"https:\/\/www.labunie.com.pl\/index.php?rest_route=%2Fwp%2Fv2%2Fmedia&parent=10657"}],"wp:term":[{"taxonomy":"category","embeddable":true,"href":"https:\/\/www.labunie.com.pl\/index.php?rest_route=%2Fwp%2Fv2%2Fcategories&post=10657"},{"taxonomy":"post_tag","embeddable":true,"href":"https:\/\/www.labunie.com.pl\/index.php?rest_route=%2Fwp%2Fv2%2Ftags&post=10657"}],"curies":[{"name":"wp","href":"https:\/\/api.w.org\/{rel}","templated":true}]}}