{"id":10635,"date":"2019-01-09T11:16:12","date_gmt":"2019-01-09T10:16:12","guid":{"rendered":"https:\/\/www.labunie.com.pl\/?p=10635"},"modified":"2019-06-04T07:25:43","modified_gmt":"2019-06-04T05:25:43","slug":"punkty-nieodplatnej-pomocy-prawnej-dla-mieszkancow-powiatu-zamojskiego-w-2019-roku","status":"publish","type":"post","link":"https:\/\/www.labunie.com.pl\/?p=10635","title":{"rendered":"Punkty Nieodp\u0142atnej Pomocy Prawnej dla mieszka\u0144c\u00f3w powiatu zamojskiego w 2019 roku"},"content":{"rendered":"\n<p><strong>Na mocy <\/strong><em><strong>Ustawy o nieodp\u0142atnej pomocy prawnej oraz edukacji prawnej<\/strong><\/em><strong> na terenie powiatu zamojskiego dzia\u0142aj\u0105 4 punkty nieodp\u0142atnej pomocy prawnej, w kt\u00f3rych pomoc prawn\u0105 mog\u0105 otrzyma\u0107 mieszka\u0144cy powiatu. Punkty mieszcz\u0105 si\u0119 w budynku Starostwa Powiatowego w Zamo\u015bciu, ul. Przemys\u0142owa 4, 22-400 Zamo\u015b\u0107. <\/strong><\/p>\n\n\n\n<!--more-->\n\n\n\n<div style=\"height:70px\" aria-hidden=\"true\" class=\"wp-block-spacer\"><\/div>\n\n\n\n<p>W budynku zapewniony jest dost\u0119p do punkt\u00f3w tak\u017ce osobom niepe\u0142nosprawnym.<\/p>\n\n\n\n<div style=\"height:20px\" aria-hidden=\"true\" class=\"wp-block-spacer\"><\/div>\n\n\n\n<p><strong>Od 1 stycznia 2019 roku nieodp\u0142atna pomoc prawna przys\u0142uguje ka\u017cdej osobie fizycznej, kt\u00f3ra nie jest w stanie ponie\u015b\u0107 koszt\u00f3w odp\u0142atnej pomocy prawnej. Warunkiem udzielenia porady jest z\u0142o\u017cenie przez osob\u0119 uprawnion\u0105  pisemnego o\u015bwiadczenia, \u017ce nie jest w stanie ponie\u015b\u0107 koszt\u00f3w odp\u0142atnej pomocy prawnej. <\/strong>O\u015bwiadczenie sk\u0142ada si\u0119 osobie udzielaj\u0105cej nieodp\u0142atnej pomocy prawnej.<\/p>\n\n\n\n<div style=\"height:20px\" aria-hidden=\"true\" class=\"wp-block-spacer\"><\/div>\n\n\n\n<figure class=\"wp-block-pullquote has-pale-cyan-blue-background-color is-style-solid-color\"><blockquote class=\"has-text-color has-very-dark-gray-color\"><p>I punkt<\/p><cite><br>prowadzony przez adwokat\u00f3w: I pi\u0119tro, pok\u00f3j 118;<br>Poniedzia\u0142ek, \u015broda, czwartek, pi\u0105tek 7:30 \u2013 11:30;<br>Wtorek 8:00 &#8211; 12:00; <\/cite><\/blockquote><\/figure>\n\n\n\n<div style=\"height:10px\" aria-hidden=\"true\" class=\"wp-block-spacer\"><\/div>\n\n\n\n<figure class=\"wp-block-pullquote has-vivid-cyan-blue-background-color is-style-solid-color\"><blockquote class=\"has-text-color has-very-dark-gray-color\"><p>II punkt <\/p><cite><br>prowadzony przez radc\u00f3w prawnych: I pi\u0119tro, pok\u00f3j 118;<br>Poniedzia\u0142ek, \u015broda, czwartek, pi\u0105tek 11:30 \u2013 15:30;<br>Wtorek 12:00 &#8211; 16:00;<br><\/cite><\/blockquote><\/figure>\n\n\n\n<div style=\"height:10px\" aria-hidden=\"true\" class=\"wp-block-spacer\"><\/div>\n\n\n\n<figure class=\"wp-block-pullquote has-cyan-bluish-gray-background-color is-style-solid-color\"><blockquote><p>III, IV punkt  <\/p><cite><br>prowadzony przez Polsk\u0105 Fundacj\u0119 O\u015brodk\u00f3w Wspomagania Rozwoju Gospodarczego \u201eOIC Poland\u201d z siedzib\u0105 w Lublinie, ul. Gospodarcza 26.<br> I pi\u0119tro, pok\u00f3j 124;<br> Poniedzia\u0142ek, \u015broda, czwartek, pi\u0105tek w godz. 7:30 &#8211; 15:30;<br> Wtorek w godz. 8:00 \u2013 16:00;<br><\/cite><\/blockquote><\/figure>\n\n\n\n<div style=\"height:20px\" aria-hidden=\"true\" class=\"wp-block-spacer\"><\/div>\n\n\n\n<p>Nieodp\u0142atna pomoc prawna udzielana jest osobi\u015bcie przez radc\u0119 prawnego. <\/p>\n\n\n\n<div style=\"height:20px\" aria-hidden=\"true\" class=\"wp-block-spacer\"><\/div>\n\n\n\n<div style=\"height:20px\" aria-hidden=\"true\" class=\"wp-block-spacer\"><\/div>\n\n\n\n<p>Porady\nco do zasady udzielane s\u0105 podczas osobistej wizyty w punkcie nieodp\u0142atnej\npomocy prawnej.<\/p>\n\n\n\n<p>Osoby, kt\u00f3re ze\nwzgl\u0119du na niepe\u0142nosprawno\u015b\u0107 ruchow\u0105 nie s\u0105 w stanie przyby\u0107 do punktu lub\nosoby do\u015bwiadczaj\u0105ce trudno\u015bci w komunikowaniu si\u0119 mog\u0105 otrzyma\u0107 porad\u0119 poza\npunktem, w miejscu zamieszkania lub za pomoc\u0105 \u015brodk\u00f3w porozumiewania si\u0119 na\nodleg\u0142o\u015b\u0107. Bli\u017csze informacje udzielane s\u0105 pod numerem podanym do rejestracji\nzg\u0142osze\u0144.<\/p>\n\n\n\n<div style=\"height:20px\" aria-hidden=\"true\" class=\"wp-block-spacer\"><\/div>\n\n\n\n<p><strong>Przyjmowanie zg\u0142osze\u0144 na nieodp\u0142atne porady odbywa si\u0119\nwy\u0142\u0105cznie telefonicznie pod specjalnie wyznaczonym do tego celu numerem\ntelefonu 602 66\n44 24. Porady udzielane s\u0105 wed\u0142ug kolejno\u015bci zg\u0142osze\u0144, po\num\u00f3wieniu terminu wizyty.<\/strong><\/p>\n\n\n\n<div style=\"height:20px\" aria-hidden=\"true\" class=\"wp-block-spacer\"><\/div>\n\n\n\n<p><strong>Nieodp\u0142atna\npomoc prawna w 2019 roku obejmuje:<\/strong><\/p>\n\n\n\n<ul class=\"wp-block-list\"><li>Poinformowanie osoby uprawnionej o obowi\u0105zuj\u0105cym stanie prawnym, o przys\u0142uguj\u0105cych jej uprawnieniach lub o spoczywaj\u0105cych na niej obowi\u0105zkach, w tym w zwi\u0105zku z tocz\u0105cym si\u0119 post\u0119powaniem przygotowawczym, administracyjnym, s\u0105dowym lub s\u0105dowoadministracyjnym.<\/li><li> Wskazanie osobie uprawnionej sposobu rozwi\u0105zania jej problemu prawnego.<\/li><li> Sporz\u0105dzenie projektu pisma w sprawach, o kt\u00f3rych mowa wy\u017cej z wy\u0142\u0105czeniem pism procesowych w tocz\u0105cym si\u0119 post\u0119powaniu przygotowawczym lub s\u0105dowym i pism w tocz\u0105cym si\u0119 post\u0119powaniu s\u0105dowoadministracyjnym.<\/li><li> Sporz\u0105dzenie projektu pisma o zwolnienie od koszt\u00f3w s\u0105dowych lub ustanowienie pe\u0142nomocnika z urz\u0119du w post\u0119powaniu s\u0105dowym lub ustanowienie adwokata, radcy prawnego, doradcy podatkowego lub rzecznika patentowego w post\u0119powaniu s\u0105dowoadministracyjnym, oraz poinformowanie o kosztach post\u0119powania i ryzyku finansowym zwi\u0105zanym ze skierowaniem sprawy na drog\u0119 s\u0105dow\u0105.<\/li><li> Poinformowanie osoby uprawnionej o obowi\u0105zuj\u0105cym stanie prawnym i mo\u017cliwo\u015bciach skorzystania z polubownych metod rozwi\u0105zywania spor\u00f3w, w szczeg\u00f3lno\u015bci mediacji.<\/li><li> Przekazanie osobie uprawnionej informacji o innych jednostkach nieodp\u0142atnego poradnictwa.<\/li><\/ul>\n\n\n\n<div style=\"height:20px\" aria-hidden=\"true\" class=\"wp-block-spacer\"><\/div>\n\n\n\n<div style=\"height:20px\" aria-hidden=\"true\" class=\"wp-block-spacer\"><\/div>\n\n\n\n<figure class=\"wp-block-image\"><img loading=\"lazy\" decoding=\"async\" width=\"724\" height=\"1024\" src=\"https:\/\/www.labunie.com.pl\/wp-content\/uploads\/2019\/05\/bezp_por_pr_19-724x1024.jpg\" alt=\"\" class=\"wp-image-13066\" srcset=\"https:\/\/www.labunie.com.pl\/wp-content\/uploads\/2019\/05\/bezp_por_pr_19-724x1024.jpg 724w, https:\/\/www.labunie.com.pl\/wp-content\/uploads\/2019\/05\/bezp_por_pr_19-212x300.jpg 212w, https:\/\/www.labunie.com.pl\/wp-content\/uploads\/2019\/05\/bezp_por_pr_19-768x1086.jpg 768w, https:\/\/www.labunie.com.pl\/wp-content\/uploads\/2019\/05\/bezp_por_pr_19.jpg 1000w\" sizes=\"auto, (max-width: 724px) 100vw, 724px\" \/><\/figure>\n","protected":false},"excerpt":{"rendered":"<p>Na mocy Ustawy o nieodp\u0142atnej pomocy prawnej oraz edukacji prawnej na terenie powiatu zamojskiego dzia\u0142aj\u0105 4 punkty nieodp\u0142atnej pomocy prawnej, w kt\u00f3rych pomoc prawn\u0105 mog\u0105 otrzyma\u0107 mieszka\u0144cy powiatu. Punkty mieszcz\u0105 si\u0119 w budynku Starostwa Powiatowego w Zamo\u015bciu, ul. Przemys\u0142owa 4, 22-400 Zamo\u015b\u0107.<\/p>\n","protected":false},"author":7,"featured_media":1476,"comment_status":"closed","ping_status":"closed","sticky":false,"template":"","format":"standard","meta":{"footnotes":""},"categories":[1],"tags":[],"class_list":["post-10635","post","type-post","status-publish","format-standard","has-post-thumbnail","hentry","category-wpisy","clearfix"],"_links":{"self":[{"href":"https:\/\/www.labunie.com.pl\/index.php?rest_route=\/wp\/v2\/posts\/10635","targetHints":{"allow":["GET"]}}],"collection":[{"href":"https:\/\/www.labunie.com.pl\/index.php?rest_route=\/wp\/v2\/posts"}],"about":[{"href":"https:\/\/www.labunie.com.pl\/index.php?rest_route=\/wp\/v2\/types\/post"}],"author":[{"embeddable":true,"href":"https:\/\/www.labunie.com.pl\/index.php?rest_route=\/wp\/v2\/users\/7"}],"replies":[{"embeddable":true,"href":"https:\/\/www.labunie.com.pl\/index.php?rest_route=%2Fwp%2Fv2%2Fcomments&post=10635"}],"version-history":[{"count":5,"href":"https:\/\/www.labunie.com.pl\/index.php?rest_route=\/wp\/v2\/posts\/10635\/revisions"}],"predecessor-version":[{"id":13171,"href":"https:\/\/www.labunie.com.pl\/index.php?rest_route=\/wp\/v2\/posts\/10635\/revisions\/13171"}],"wp:featuredmedia":[{"embeddable":true,"href":"https:\/\/www.labunie.com.pl\/index.php?rest_route=\/wp\/v2\/media\/1476"}],"wp:attachment":[{"href":"https:\/\/www.labunie.com.pl\/index.php?rest_route=%2Fwp%2Fv2%2Fmedia&parent=10635"}],"wp:term":[{"taxonomy":"category","embeddable":true,"href":"https:\/\/www.labunie.com.pl\/index.php?rest_route=%2Fwp%2Fv2%2Fcategories&post=10635"},{"taxonomy":"post_tag","embeddable":true,"href":"https:\/\/www.labunie.com.pl\/index.php?rest_route=%2Fwp%2Fv2%2Ftags&post=10635"}],"curies":[{"name":"wp","href":"https:\/\/api.w.org\/{rel}","templated":true}]}}