{"id":10345,"date":"2018-12-13T16:58:02","date_gmt":"2018-12-13T15:58:02","guid":{"rendered":"https:\/\/www.labunie.com.pl\/?p=10345"},"modified":"2018-12-18T17:14:12","modified_gmt":"2018-12-18T16:14:12","slug":"debata-spoleczna","status":"publish","type":"post","link":"https:\/\/www.labunie.com.pl\/?p=10345","title":{"rendered":"Debata spo\u0142eczna"},"content":{"rendered":"<p><strong>W Domu Kultury w \u0141abuniach pod has\u0142em \u201ePorozmawiajmy o bezpiecze\u0144stwie &#8211; mo\u017cesz mie\u0107 na nie wp\u0142yw\u201d odby\u0142a si\u0119 debata spo\u0142eczna. Przedstawiciele zamojskiej policji, w\u0142adz samorz\u0105dowych oraz mieszka\u0144cy dziel\u0105c si\u0119 spostrze\u017ceniami rozmawiali o lokalnym bezpiecze\u0144stwie.<\/strong><\/p>\n<p><!--more--><br \/>\n&nbsp;<br \/>\n&nbsp;<br \/>\nWczoraj (11 grudnia) w Domu Kultury w \u0141abuniach odby\u0142a si\u0119 ewaluacyjna debata spo\u0142eczna dotycz\u0105ca bezpiecze\u0144stwa publicznego na terenie gminy \u0141abunie oraz Komar\u00f3w. Opr\u00f3cz policjant\u00f3w z zamojskiej komendy w spotkaniu udzia\u0142 wzi\u0119li r\u00f3wnie\u017c Wicestarosta Powiatu Zamojskiego Pan Witold Marucha, W\u00f3jt Gminy Komar\u00f3w Pani Wies\u0142awa Sie\u0144kowska, W\u00f3jt Gminy \u0141abunie Pan Mariusz Kukie\u0142ka, przedstawiciele lokalnych w\u0142adz samorz\u0105dowych, instytucji, s\u0142u\u017cb oraz plac\u00f3wek o\u015bwiatowych, jak r\u00f3wnie\u017c zaproszeni go\u015bcie oraz mieszka\u0144cy gminy \u0141abunie oraz Komar\u00f3w.<br \/>\n&nbsp;<br \/>\nGo\u015bci przywita\u0142 m\u0142. insp. Andrzej Mioduna \u2013 I Zast\u0119pca Komendanta Miejskiego Policji w Zamo\u015bciu, a nast\u0119pnie asp. szt. Zbigniew Byczek Kierownik Posterunku Policji w \u0141abuniach przedstawi\u0142 zgromadzonym stan bezpiecze\u0144stwa na terenie gminy Komar\u00f3w i \u0141abunie. Om\u00f3wiono r\u00f3wnie\u017c zagadnienia zwi\u0105zane z bezpiecze\u0144stwem w ruchu drogowym. Tym tematem zaj\u0105\u0142 si\u0119 nadkom. Tomasz Halinowski Naczelnik Ruchu Drogowego KMP w Zamo\u015bciu.<br \/>\n&nbsp;<br \/>\nZgromadzeni go\u015bcie us\u0142yszeli r\u00f3wnie\u017c o zagro\u017ceniach, z jakimi mog\u0105 spotka\u0107 si\u0119 osoby starsze. M\u00f3wiono o metodach dzia\u0142ania oszust\u00f3w oraz o tym, jak skutecznie ustrzec si\u0119 przed nieuczciwymi osobami. Przypomniano r\u00f3wnie\u017c o zasadach funkcjonowania Krajowej Mapy Zagro\u017ce\u0144 Bezpiecze\u0144stwa oraz aplikacji \u201eMoja Komenda\u201d.<br \/>\n&nbsp;<br \/>\nW czasie dyskusji uczestnicy debaty dzielili si\u0119 swoimi spostrze\u017ceniami i uwagami na temat bezpiecze\u0144stwa, rozmawiano tak\u017ce o nurtuj\u0105cych lokaln\u0105 spo\u0142eczno\u015b\u0107 problemach oraz sposobach ich rozwi\u0105zania. Wiele ciep\u0142ych s\u0142\u00f3w uznania i podzi\u0119kowania za s\u0142u\u017cb\u0119 na rzecz lokalnej spo\u0142eczno\u015bci us\u0142yszeli r\u00f3wnie\u017c policjanci z \u0141abu\u0144.<\/p>\n<p style=\"text-align: right;\"><em>\u017ar\u00f3d\u0142o: lubelska.policja.gov.pl<\/em><\/p>\n<p>&nbsp;<br \/>\n<a href=\"http:\/\/www.lubelska.policja.gov.pl\/dokumenty\/zalaczniki\/68\/68-139063.jpg\" data-rel=\"lightbox-gallery-RN5z56L6\" data-rl_title=\"\" data-rl_caption=\"\" title=\"\"><img loading=\"lazy\" decoding=\"async\" class=\"aligncenter\" src=\"http:\/\/www.lubelska.policja.gov.pl\/dokumenty\/zalaczniki\/68\/68-139063.jpg\" width=\"631\" height=\"361\" \/><\/a><img loading=\"lazy\" decoding=\"async\" class=\"aligncenter\" src=\"http:\/\/www.lubelska.policja.gov.pl\/dokumenty\/zalaczniki\/68\/68-139064.jpg\" width=\"630\" height=\"403\" \/><br \/>\n<img loading=\"lazy\" decoding=\"async\" class=\"aligncenter \" src=\"http:\/\/www.lubelska.policja.gov.pl\/dokumenty\/zalaczniki\/68\/68-139065.jpg\" width=\"630\" height=\"410\" \/><\/p>\n","protected":false},"excerpt":{"rendered":"<p>W Domu Kultury w \u0141abuniach pod has\u0142em \u201ePorozmawiajmy o bezpiecze\u0144stwie &#8211; mo\u017cesz mie\u0107 na nie wp\u0142yw\u201d odby\u0142a si\u0119 debata spo\u0142eczna. Przedstawiciele zamojskiej policji, w\u0142adz samorz\u0105dowych oraz mieszka\u0144cy dziel\u0105c si\u0119 spostrze\u017ceniami rozmawiali o lokalnym bezpiecze\u0144stwie.<\/p>\n","protected":false},"author":7,"featured_media":10252,"comment_status":"closed","ping_status":"closed","sticky":false,"template":"","format":"standard","meta":{"footnotes":""},"categories":[1],"tags":[],"class_list":["post-10345","post","type-post","status-publish","format-standard","has-post-thumbnail","hentry","category-wpisy","clearfix"],"_links":{"self":[{"href":"https:\/\/www.labunie.com.pl\/index.php?rest_route=\/wp\/v2\/posts\/10345","targetHints":{"allow":["GET"]}}],"collection":[{"href":"https:\/\/www.labunie.com.pl\/index.php?rest_route=\/wp\/v2\/posts"}],"about":[{"href":"https:\/\/www.labunie.com.pl\/index.php?rest_route=\/wp\/v2\/types\/post"}],"author":[{"embeddable":true,"href":"https:\/\/www.labunie.com.pl\/index.php?rest_route=\/wp\/v2\/users\/7"}],"replies":[{"embeddable":true,"href":"https:\/\/www.labunie.com.pl\/index.php?rest_route=%2Fwp%2Fv2%2Fcomments&post=10345"}],"version-history":[{"count":4,"href":"https:\/\/www.labunie.com.pl\/index.php?rest_route=\/wp\/v2\/posts\/10345\/revisions"}],"predecessor-version":[{"id":10351,"href":"https:\/\/www.labunie.com.pl\/index.php?rest_route=\/wp\/v2\/posts\/10345\/revisions\/10351"}],"wp:featuredmedia":[{"embeddable":true,"href":"https:\/\/www.labunie.com.pl\/index.php?rest_route=\/wp\/v2\/media\/10252"}],"wp:attachment":[{"href":"https:\/\/www.labunie.com.pl\/index.php?rest_route=%2Fwp%2Fv2%2Fmedia&parent=10345"}],"wp:term":[{"taxonomy":"category","embeddable":true,"href":"https:\/\/www.labunie.com.pl\/index.php?rest_route=%2Fwp%2Fv2%2Fcategories&post=10345"},{"taxonomy":"post_tag","embeddable":true,"href":"https:\/\/www.labunie.com.pl\/index.php?rest_route=%2Fwp%2Fv2%2Ftags&post=10345"}],"curies":[{"name":"wp","href":"https:\/\/api.w.org\/{rel}","templated":true}]}}