{"id":10341,"date":"2018-12-18T16:56:54","date_gmt":"2018-12-18T15:56:54","guid":{"rendered":"https:\/\/www.labunie.com.pl\/?p=10341"},"modified":"2018-12-18T16:56:54","modified_gmt":"2018-12-18T15:56:54","slug":"wigilia-przyjaciol-kgw-2","status":"publish","type":"post","link":"https:\/\/www.labunie.com.pl\/?p=10341","title":{"rendered":"Wigilia Przyjaci\u00f3\u0142 KGW"},"content":{"rendered":"<p><strong>15 grudnia Ko\u0142o Gospody\u0144 Wiejskich w \u0141abuniach zorganizowa\u0142o \u201eWigili\u0119 Przyjaci\u00f3\u0142 KGW\u201d. W \u015bwi\u0105tecznej atmosferze przy wsp\u00f3lnym stole spotkali si\u0119 m.in. osoby samotne, W\u00f3jt z ma\u0142\u017conk\u0105, przedstawiciele lokalnego biznesu i instytucji publicznych, stowarzysze\u0144 i organizacji kombatanckich, radni, rada so\u0142ecka z so\u0142tysem, siostry zakonne. Modlitw\u0105 i odczytaniem fragmentu Pisma \u015aw. uroczysto\u015b\u0107 rozpocz\u0105\u0142 kapelan Si\u00f3str FMM ks. prof. Czes\u0142aw Galek.<\/strong><\/p>\n<p><!--more--><br \/>\n&nbsp;<br \/>\nNie zabrak\u0142o ciep\u0142ych i szczerych \u017cycze\u0144, pi\u0119knych s\u0142\u00f3w poet\u00f3w i wsp\u00f3lnego \u015bpiewania kol\u0119d i pastora\u0142ek. Spotkania op\u0142atkowe to chwile, kiedy mo\u017cna na moment zatrzyma\u0107 si\u0119, podda\u0107 refleksji, pomy\u015ble\u0107 o innych ludziach, niekiedy samotnych, starszych, kt\u00f3rzy czasami nie maj\u0105 z kim sp\u0119dzi\u0107 Wigilii, prze\u0142ama\u0107 si\u0119 op\u0142atkiem.<br \/>\n&nbsp;<br \/>\n[lg_folder folder=&#8221;20181215\/&#8221; paging=&#8221;false&#8221;]<\/p>\n","protected":false},"excerpt":{"rendered":"<p>15 grudnia Ko\u0142o Gospody\u0144 Wiejskich w \u0141abuniach zorganizowa\u0142o \u201eWigili\u0119 Przyjaci\u00f3\u0142 KGW\u201d. W \u015bwi\u0105tecznej atmosferze przy wsp\u00f3lnym stole spotkali si\u0119 m.in. osoby samotne, W\u00f3jt z ma\u0142\u017conk\u0105, przedstawiciele lokalnego biznesu i instytucji publicznych, stowarzysze\u0144 i organizacji kombatanckich, radni, rada so\u0142ecka z so\u0142tysem, siostry zakonne. Modlitw\u0105 i odczytaniem fragmentu Pisma \u015aw. uroczysto\u015b\u0107 rozpocz\u0105\u0142 kapelan Si\u00f3str FMM ks. prof. [&hellip;]<\/p>\n","protected":false},"author":7,"featured_media":10342,"comment_status":"closed","ping_status":"closed","sticky":false,"template":"","format":"standard","meta":{"footnotes":""},"categories":[1],"tags":[],"class_list":["post-10341","post","type-post","status-publish","format-standard","has-post-thumbnail","hentry","category-wpisy","clearfix"],"_links":{"self":[{"href":"https:\/\/www.labunie.com.pl\/index.php?rest_route=\/wp\/v2\/posts\/10341","targetHints":{"allow":["GET"]}}],"collection":[{"href":"https:\/\/www.labunie.com.pl\/index.php?rest_route=\/wp\/v2\/posts"}],"about":[{"href":"https:\/\/www.labunie.com.pl\/index.php?rest_route=\/wp\/v2\/types\/post"}],"author":[{"embeddable":true,"href":"https:\/\/www.labunie.com.pl\/index.php?rest_route=\/wp\/v2\/users\/7"}],"replies":[{"embeddable":true,"href":"https:\/\/www.labunie.com.pl\/index.php?rest_route=%2Fwp%2Fv2%2Fcomments&post=10341"}],"version-history":[{"count":2,"href":"https:\/\/www.labunie.com.pl\/index.php?rest_route=\/wp\/v2\/posts\/10341\/revisions"}],"predecessor-version":[{"id":10344,"href":"https:\/\/www.labunie.com.pl\/index.php?rest_route=\/wp\/v2\/posts\/10341\/revisions\/10344"}],"wp:featuredmedia":[{"embeddable":true,"href":"https:\/\/www.labunie.com.pl\/index.php?rest_route=\/wp\/v2\/media\/10342"}],"wp:attachment":[{"href":"https:\/\/www.labunie.com.pl\/index.php?rest_route=%2Fwp%2Fv2%2Fmedia&parent=10341"}],"wp:term":[{"taxonomy":"category","embeddable":true,"href":"https:\/\/www.labunie.com.pl\/index.php?rest_route=%2Fwp%2Fv2%2Fcategories&post=10341"},{"taxonomy":"post_tag","embeddable":true,"href":"https:\/\/www.labunie.com.pl\/index.php?rest_route=%2Fwp%2Fv2%2Ftags&post=10341"}],"curies":[{"name":"wp","href":"https:\/\/api.w.org\/{rel}","templated":true}]}}