{"id":10311,"date":"2018-12-31T11:06:15","date_gmt":"2018-12-31T10:06:15","guid":{"rendered":"https:\/\/www.labunie.com.pl\/?p=10311"},"modified":"2018-12-31T11:07:10","modified_gmt":"2018-12-31T10:07:10","slug":"harmonogram-zebran-wiejskich-w-2019-r","status":"publish","type":"post","link":"https:\/\/www.labunie.com.pl\/?p=10311","title":{"rendered":"Harmonogram zebra\u0144 wiejskich w 2019 r."},"content":{"rendered":"<p><strong>W\u00f3jt Gminy \u0141abunie informuje, \u017ce w dniach 7-22 stycznia 2019 r. w poszczeg\u00f3lnych miejscowo\u015bciach odbywa\u0107 si\u0119 b\u0119d\u0105 zebrania wiejskie. Zgodnie z Zarz\u0105dzeniem nr 112\/2018 W\u00f3jta Gminy \u0141abunie z dnia 14 grudnia 2018 r. podczas zebra\u0144 zostan\u0105 przeprowadzone wybory So\u0142tys\u00f3w i Rad So\u0142eckich.<\/strong><br \/>\n<strong>Terminy zebra\u0144 &#8211; w harmonogramie poni\u017cej.<br \/>\n<\/strong><br \/>\n<!--more--><br \/>\n&nbsp;<\/p>\n<table class=\"aligncenter\" style=\"border-color: #000000;\" border=\"1\" cellpadding=\"5\">\n<thead>\n<tr style=\"height: 35px; background-color: #02a0dc;\">\n<td style=\"height: 24px; text-align: center; width: 27.5333px;\"><span style=\"color: #ffffff;\"><em>L.p.<\/em><\/span><\/td>\n<td style=\"height: 24px; text-align: center; width: 132px;\"><span style=\"color: #ffffff;\"><em>Miejscowo\u015b\u0107<\/em><\/span><\/td>\n<td style=\"height: 24px; text-align: center; width: 78px;\"><span style=\"color: #ffffff;\"><em>Data zebrania<\/em><\/span><\/td>\n<td style=\"height: 24px; text-align: center; width: 113px;\"><span style=\"color: #ffffff;\"><em>Godzina<br \/>\nzebrania<\/em><\/span><\/td>\n<td style=\"height: 24px; text-align: center; width: 111px;\"><span style=\"color: #ffffff;\"><em>Miejsce zebrania<\/em><\/span><\/td>\n<td style=\"text-align: center; width: 114.267px; height: 24px;\"><span style=\"color: #ffffff;\"><em>Pracownik odpowiedzialny za obs\u0142ug\u0119 techniczn\u0105 zebrania<br \/>\n<\/em><\/span><\/td>\n<\/tr>\n<\/thead>\n<tbody>\n<tr style=\"height: 24px; background-color: #ccedf0;\">\n<td style=\"height: 24px; width: 27.5333px;\">1.<\/td>\n<td style=\"height: 24px; width: 132px;\">\u0141abunie<\/td>\n<td style=\"height: 24px; width: 78px; text-align: center;\">7 stycznia<br \/>\n2019 r.<\/td>\n<td style=\"height: 24px; width: 113px; text-align: left;\">I termin: 17:30<br \/>\nII termin: 18:00<\/td>\n<td style=\"height: 24px; width: 111px;\">Dom Kultury<\/td>\n<td style=\"width: 114.267px; height: 24px;\">Renata Skiba<\/td>\n<\/tr>\n<tr style=\"height: 24px; background-color: #e4f6f7;\">\n<td style=\"height: 24px; width: 27.5333px;\">2.<\/td>\n<td style=\"height: 24px; width: 132px;\">W\u00f3lka \u0141abu\u0144ska<\/td>\n<td style=\"height: 24px; width: 78px; text-align: center;\">8 stycznia<br \/>\n2019 r.<\/td>\n<td style=\"height: 24px; width: 113px; text-align: left;\">I termin: 17:30<br \/>\nII termin: 18:00<\/td>\n<td style=\"height: 24px; width: 111px;\">\u015awietlica wiejska<\/td>\n<td style=\"width: 114.267px; height: 24px;\">Ewelina Rycak<\/td>\n<\/tr>\n<tr style=\"height: 24px; background-color: #ccedf0;\">\n<td style=\"height: 24px; width: 27.5333px;\">3.<\/td>\n<td style=\"height: 24px; width: 132px;\">\u0141abu\u0144ki Pierwsze<\/td>\n<td style=\"height: 24px; width: 78px; text-align: center;\">9 stycznia<br \/>\n2019 r.<\/td>\n<td style=\"height: 24px; width: 113px; text-align: left;\">I termin: 17:30<br \/>\nII termin: 18:00<\/td>\n<td style=\"height: 24px; width: 111px;\">\u015awietlica wiejska<\/td>\n<td style=\"width: 114.267px; height: 24px; text-align: left;\">Bo\u017cena Juszczak-Tymczuk<\/td>\n<\/tr>\n<tr style=\"height: 24px; background-color: #e4f6f7;\">\n<td style=\"height: 24px; width: 27.5333px;\">4.<\/td>\n<td style=\"height: 24px; width: 132px;\">\u0141abunie-Reforma<\/td>\n<td style=\"height: 24px; width: 78px; text-align: center;\">10 stycznia 2019 r.<\/td>\n<td style=\"height: 24px; width: 113px; text-align: left;\">I termin: 17:30<br \/>\nII termin: 18:00<\/td>\n<td style=\"height: 24px; width: 111px;\">\u015awietlica wiejska<\/td>\n<td style=\"width: 114.267px; height: 24px;\">Stanis\u0142aw Gredys<\/td>\n<\/tr>\n<tr style=\"height: 24px; background-color: #ccedf0;\">\n<td style=\"height: 24px; width: 27.5333px;\">5.<\/td>\n<td style=\"height: 24px; width: 132px;\">Majdan Ruszowski<\/td>\n<td style=\"height: 24px; width: 78px; text-align: center;\">11 stycznia 2019 r.<\/td>\n<td style=\"height: 24px; width: 113px; text-align: left;\">I termin: 17:30<br \/>\nII termin: 18:00<\/td>\n<td style=\"height: 24px; width: 111px;\">Remiza stra\u017cacka<\/td>\n<td style=\"width: 114.267px; height: 24px;\">Edyta Pi\u0142at<\/td>\n<\/tr>\n<tr style=\"height: 24px; background-color: #e4f6f7;\">\n<td style=\"height: 24px; width: 27.5333px;\">6.<\/td>\n<td style=\"height: 24px; width: 132px;\">Rusz\u00f3w-Kolonia<\/td>\n<td style=\"height: 24px; width: 78px; text-align: center;\">14 stycznia 2019 r.<\/td>\n<td style=\"height: 24px; width: 113px; text-align: left;\">I termin: 16:30<br \/>\nII termin: 17:00<\/td>\n<td style=\"height: 24px; width: 111px;\">\u015awietlica wiejska w Ruszowie<\/td>\n<td style=\"width: 114.267px; height: 24px; text-align: left;\">Miros\u0142aw Wolski<\/td>\n<\/tr>\n<tr style=\"height: 24px; background-color: #ccedf0;\">\n<td style=\"height: 24px; width: 27.5333px;\">7.<\/td>\n<td style=\"height: 24px; width: 132px;\">Rusz\u00f3w<\/td>\n<td style=\"height: 48px; text-align: center; width: 78px;\">14 stycznia 2019 r.<\/td>\n<td style=\"height: 48px; text-align: left; width: 113px;\">I termin: 17:30<br \/>\nII termin: 18:00<\/td>\n<td style=\"height: 48px; width: 111px;\">\u015awietlica wiejska<\/td>\n<td style=\"height: 48px; width: 114.267px; text-align: left;\">Miros\u0142aw Wolski<\/td>\n<\/tr>\n<tr style=\"height: 24px; background-color: #e4f6f7;\">\n<td style=\"height: 24px; width: 27.5333px;\">8.<\/td>\n<td style=\"height: 24px; width: 132px;\">D\u0105browa<\/td>\n<td style=\"height: 24px; width: 78px; text-align: center;\">15 stycznia 2019 r.<\/td>\n<td style=\"height: 24px; width: 113px; text-align: left;\">I termin: 17:30<br \/>\nII termin: 18:00<\/td>\n<td style=\"height: 24px; width: 111px;\">\u015awietlica wiejska<\/td>\n<td style=\"width: 114.267px; height: 24px; text-align: left;\">Krzysztof Wi\u015bniewski<\/td>\n<\/tr>\n<tr style=\"height: 24px; background-color: #ccedf0;\">\n<td style=\"height: 24px; width: 27.5333px;\">9.<\/td>\n<td style=\"height: 24px; width: 132px;\">Wierzbie<\/td>\n<td style=\"height: 24px; width: 78px; text-align: center;\">16 stycznia 2019 r.<\/td>\n<td style=\"height: 24px; width: 113px; text-align: left;\">I termin: 17:30<br \/>\nII termin: 18:00<\/td>\n<td style=\"height: 24px; width: 111px;\">\u015awietlica wiejska<\/td>\n<td style=\"width: 114.267px; height: 24px; text-align: left;\">Agnieszka Krupa<\/td>\n<\/tr>\n<tr style=\"height: 24px; background-color: #e4f6f7;\">\n<td style=\"height: 24px; width: 27.5333px;\">10.<\/td>\n<td style=\"height: 24px; width: 132px;\">\u0141abu\u0144ki Drugie<\/td>\n<td style=\"height: 24px; width: 78px; text-align: center;\">17 stycznia 2019 r.<\/td>\n<td style=\"height: 24px; width: 113px; text-align: left;\">I termin: 17:30<br \/>\nII termin: 18:00<\/td>\n<td style=\"height: 24px; width: 111px;\">\u015awietlica wiejska<\/td>\n<td style=\"width: 114.267px; height: 24px; text-align: left;\">Adam Soko\u0142owski<\/td>\n<\/tr>\n<tr style=\"height: 24px; background-color: #ccedf0;\">\n<td style=\"height: 24px; width: 27.5333px;\">11.<\/td>\n<td style=\"height: 24px; width: 132px;\">Moc\u00f3wka<\/td>\n<td style=\"height: 24px; width: 78px; text-align: center;\">18 stycznia 2019 r.<\/td>\n<td style=\"height: 24px; width: 113px; text-align: left;\">I termin: 17:30<br \/>\nII termin: 18:00<\/td>\n<td style=\"height: 24px; width: 111px;\">\u015awietlica wiejska<\/td>\n<td style=\"width: 114.267px; height: 24px; text-align: left;\">Agnieszka Piela<\/td>\n<\/tr>\n<tr style=\"height: 24px; background-color: #e4f6f7;\">\n<td style=\"height: 24px; width: 27.5333px;\">12.<\/td>\n<td style=\"height: 24px; width: 132px;\">Barchacz\u00f3w<\/td>\n<td style=\"height: 24px; width: 78px; text-align: center;\">21 stycznia 2019 r.<\/td>\n<td style=\"height: 24px; width: 113px; text-align: left;\">I termin: 17:30<br \/>\nII termin: 18:00<\/td>\n<td style=\"height: 24px; width: 111px;\">\u015awietlica wiejska<\/td>\n<td style=\"width: 114.267px; height: 24px; text-align: left;\">Dominika Saran-Kudyba<\/td>\n<\/tr>\n<tr style=\"height: 24px; background-color: #ccedf0;\">\n<td style=\"height: 24px; width: 27.5333px;\">13.<\/td>\n<td style=\"height: 24px; width: 132px;\">Br\u00f3dek<\/td>\n<td style=\"height: 24px; width: 78px; text-align: center;\">22 stycznia 2019 r.<\/td>\n<td style=\"height: 24px; width: 113px; text-align: left;\">I termin: 17:30<br \/>\nII termin: 18:00<\/td>\n<td style=\"height: 24px; width: 111px;\">\u015awietlica wiejska<\/td>\n<td style=\"width: 114.267px; height: 24px; text-align: left;\">Magdalena Mr\u00f3z<\/td>\n<\/tr>\n<\/tbody>\n<\/table>\n<p>&nbsp;<\/p>\n","protected":false},"excerpt":{"rendered":"<p>W\u00f3jt Gminy \u0141abunie informuje, \u017ce w dniach 7-22 stycznia 2019 r. w poszczeg\u00f3lnych miejscowo\u015bciach odbywa\u0107 si\u0119 b\u0119d\u0105 zebrania wiejskie. Zgodnie z Zarz\u0105dzeniem nr 112\/2018 W\u00f3jta Gminy \u0141abunie z dnia 14 grudnia 2018 r. podczas zebra\u0144 zostan\u0105 przeprowadzone wybory So\u0142tys\u00f3w i Rad So\u0142eckich. Terminy zebra\u0144 &#8211; w harmonogramie poni\u017cej.<\/p>\n","protected":false},"author":7,"featured_media":1476,"comment_status":"closed","ping_status":"closed","sticky":false,"template":"","format":"standard","meta":{"footnotes":""},"categories":[1],"tags":[],"class_list":["post-10311","post","type-post","status-publish","format-standard","has-post-thumbnail","hentry","category-wpisy","clearfix"],"_links":{"self":[{"href":"https:\/\/www.labunie.com.pl\/index.php?rest_route=\/wp\/v2\/posts\/10311","targetHints":{"allow":["GET"]}}],"collection":[{"href":"https:\/\/www.labunie.com.pl\/index.php?rest_route=\/wp\/v2\/posts"}],"about":[{"href":"https:\/\/www.labunie.com.pl\/index.php?rest_route=\/wp\/v2\/types\/post"}],"author":[{"embeddable":true,"href":"https:\/\/www.labunie.com.pl\/index.php?rest_route=\/wp\/v2\/users\/7"}],"replies":[{"embeddable":true,"href":"https:\/\/www.labunie.com.pl\/index.php?rest_route=%2Fwp%2Fv2%2Fcomments&post=10311"}],"version-history":[{"count":5,"href":"https:\/\/www.labunie.com.pl\/index.php?rest_route=\/wp\/v2\/posts\/10311\/revisions"}],"predecessor-version":[{"id":10328,"href":"https:\/\/www.labunie.com.pl\/index.php?rest_route=\/wp\/v2\/posts\/10311\/revisions\/10328"}],"wp:featuredmedia":[{"embeddable":true,"href":"https:\/\/www.labunie.com.pl\/index.php?rest_route=\/wp\/v2\/media\/1476"}],"wp:attachment":[{"href":"https:\/\/www.labunie.com.pl\/index.php?rest_route=%2Fwp%2Fv2%2Fmedia&parent=10311"}],"wp:term":[{"taxonomy":"category","embeddable":true,"href":"https:\/\/www.labunie.com.pl\/index.php?rest_route=%2Fwp%2Fv2%2Fcategories&post=10311"},{"taxonomy":"post_tag","embeddable":true,"href":"https:\/\/www.labunie.com.pl\/index.php?rest_route=%2Fwp%2Fv2%2Ftags&post=10311"}],"curies":[{"name":"wp","href":"https:\/\/api.w.org\/{rel}","templated":true}]}}