{"id":10264,"date":"2018-12-10T13:10:33","date_gmt":"2018-12-10T12:10:33","guid":{"rendered":"https:\/\/www.labunie.com.pl\/?p=10264"},"modified":"2018-12-10T13:10:33","modified_gmt":"2018-12-10T12:10:33","slug":"pomoz-dzieciom-przetrwac-zime-zaproszenie-na-charytatywna-aukcje-przedmiotow","status":"publish","type":"post","link":"https:\/\/www.labunie.com.pl\/?p=10264","title":{"rendered":"\u201ePom\u00f3\u017c Dzieciom Przetrwa\u0107 Zim\u0119\u201d &#8211; zaproszenie na Charytatywn\u0105 \u201eAukcj\u0119\u201d Przedmiot\u00f3w"},"content":{"rendered":"<p><strong>Wojewoda Lubelski i Biuro Organizacyjne Og\u00f3lnopolskiej Akcji Charytatywnej \u201ePom\u00f3\u017c Dzieciom Przetrwa\u0107 Zim\u0119\u201d serdecznie zapraszaj\u0105 do wzi\u0119cia udzia\u0142u, wraz z rodzin\u0105 i przyjaci\u00f3\u0142mi, w tegorocznej Charytatywnej \u201eAukcji\u201d Przedmiot\u00f3w, organizowanej w ramach Akcji \u201ePom\u00f3\u017c Dzieciom Przetrwa\u0107 Zim\u0119\u201d. Aukcja odb\u0119dzie si\u0119 12 grudnia 2018 r., o godzinie 16.00 w Sali B\u0142\u0119kitnej Lubelskiego Urz\u0119du Wojew\u00f3dzkiego w Lublinie, przy ul. Spokojnej 4.<\/strong><\/p>\n<p><!--more--><br \/>\n&nbsp;<br \/>\n<em>Dzi\u0119ki aktywnemu uczestnictwu w \u201eAukcji\u201d mamy mo\u017cliwo\u015b\u0107 wsparcia dla potrzebuj\u0105cych pomocy najm\u0142odszych mieszka\u0144c\u00f3w naszego regionu. Wzorem lat ubieg\u0142ych \u201ebiletem wst\u0119pu\u201d na aukcj\u0119 b\u0119d\u0105 s\u0142odycze. Wystawione do licytacji przedmioty b\u0119d\u0105 do nabycia wy\u0142\u0105cznie za \u201eDary Serca\u201d &#8211; przede wszystkim w postaci artyku\u0142\u00f3w spo\u017cywczych m.in. cukru, m\u0105ki, ry\u017cu, oleju, kasz, s\u0142odyczy.<\/em><br \/>\n&nbsp;<br \/>\n<em>Pozyskane produkty trafi\u0105 do dzieci wychowuj\u0105cych si\u0119 w rodzinach wielodzietnych, niepe\u0142nych, b\u0119d\u0105cych w trudnej sytuacji materialnej lub \u017cyciowej. Paczki przekazane zostan\u0105 tak\u017ce do dzieci z niepe\u0142nosprawno\u015bci\u0105, rodzin zast\u0119pczych i plac\u00f3wek opieku\u0144czo-wychowawczych.<\/em><br \/>\n&nbsp;<br \/>\n<em>\u00a0Ka\u017cdy uczestnik \u201eAukcji\u201d b\u0119dzie m\u00f3g\u0142 wylicytowa\u0107 m.in. ksi\u0105\u017cki, albumy, fotografie, p\u0142yty, maskotki przekazane przez znanych i lubianych artyst\u00f3w, sportowc\u00f3w oraz przedstawicieli w\u0142adz administracji publicznej z terenu wojew\u00f3dztwa i kraju.<\/em><br \/>\n&nbsp;<br \/>\n<em>Wszystkie wystawione przedmioty b\u0119dzie mo\u017cna zobaczy\u0107 na stronie internetowej <a href=\"http:\/\/www.pdpz.pl\/\">www.pdpz.pl<\/a> oraz bezpo\u015brednio w Sali B\u0142\u0119kitnej LUW w dniu \u201eAukcji\u201d. Dary za wylicytowane przedmioty nale\u017cy dostarczy\u0107 do magazynu Akcji w p\u00f3\u017aniejszym terminie.<\/em><br \/>\n&nbsp;<br \/>\n<em>Wierzymy, \u017ce nasze wsp\u00f3lne zaanga\u017cowanie w Akcj\u0119 \u201ePom\u00f3\u017c Dzieciom Przetrwa\u0107 zim\u0119\u201d sprawi, \u017ce nadchodz\u0105ce \u015bwi\u0119ta Bo\u017cego Narodzenia b\u0119d\u0105 dla dzieci czasem rado\u015bci i nadziei p\u0142yn\u0105cej ze \u015bwiadomo\u015bci, \u017ce maj\u0105 przyjaci\u00f3\u0142, na kt\u00f3rych mog\u0105 liczy\u0107 w potrzebie.<\/em><br \/>\n&nbsp;<\/p>\n<p style=\"text-align: right;\"><em>Z wyrazami szacunku,<\/em><\/p>\n<p>&nbsp;<\/p>\n<table style=\"width: 100%; border-collapse: collapse;\" border=\"0\">\n<tbody>\n<tr>\n<td style=\"width: 37.6635%; text-align: center; vertical-align: bottom;\"><span style=\"font-size: 10pt;\">Pe\u0142nomocnik i Pomys\u0142odawca<\/span><br \/>\n<span style=\"font-size: 10pt;\">Og\u00f3lnopolskiej Akcji Charytatywnej<br \/>\n<\/span><span style=\"font-size: 10pt;\">&#8220;Pom\u00f3\u017c Dzieciom Przetrwa\u0107 Zim\u0119&#8221;<\/span><\/p>\n<p><em><span style=\"font-size: 10pt;\">Red. Ewa Dados<\/span><\/em><\/td>\n<td style=\"width: 29.0031%;\"><\/td>\n<td style=\"width: 33.3333%; text-align: center; vertical-align: bottom;\"><span style=\"font-size: 10pt;\">Wojewoda Lubelski<\/span><\/p>\n<p><em><span style=\"font-size: 10pt;\">Przemys\u0142aw Czarnek<\/span><\/em><\/td>\n<\/tr>\n<\/tbody>\n<\/table>\n","protected":false},"excerpt":{"rendered":"<p>Wojewoda Lubelski i Biuro Organizacyjne Og\u00f3lnopolskiej Akcji Charytatywnej \u201ePom\u00f3\u017c Dzieciom Przetrwa\u0107 Zim\u0119\u201d serdecznie zapraszaj\u0105 do wzi\u0119cia udzia\u0142u, wraz z rodzin\u0105 i przyjaci\u00f3\u0142mi, w tegorocznej Charytatywnej \u201eAukcji\u201d Przedmiot\u00f3w, organizowanej w ramach Akcji \u201ePom\u00f3\u017c Dzieciom Przetrwa\u0107 Zim\u0119\u201d. Aukcja odb\u0119dzie si\u0119 12 grudnia 2018 r., o godzinie 16.00 w Sali B\u0142\u0119kitnej Lubelskiego Urz\u0119du Wojew\u00f3dzkiego w Lublinie, przy ul. [&hellip;]<\/p>\n","protected":false},"author":7,"featured_media":10265,"comment_status":"closed","ping_status":"closed","sticky":false,"template":"","format":"standard","meta":{"footnotes":""},"categories":[1],"tags":[],"class_list":["post-10264","post","type-post","status-publish","format-standard","has-post-thumbnail","hentry","category-wpisy","clearfix"],"_links":{"self":[{"href":"https:\/\/www.labunie.com.pl\/index.php?rest_route=\/wp\/v2\/posts\/10264","targetHints":{"allow":["GET"]}}],"collection":[{"href":"https:\/\/www.labunie.com.pl\/index.php?rest_route=\/wp\/v2\/posts"}],"about":[{"href":"https:\/\/www.labunie.com.pl\/index.php?rest_route=\/wp\/v2\/types\/post"}],"author":[{"embeddable":true,"href":"https:\/\/www.labunie.com.pl\/index.php?rest_route=\/wp\/v2\/users\/7"}],"replies":[{"embeddable":true,"href":"https:\/\/www.labunie.com.pl\/index.php?rest_route=%2Fwp%2Fv2%2Fcomments&post=10264"}],"version-history":[{"count":4,"href":"https:\/\/www.labunie.com.pl\/index.php?rest_route=\/wp\/v2\/posts\/10264\/revisions"}],"predecessor-version":[{"id":10269,"href":"https:\/\/www.labunie.com.pl\/index.php?rest_route=\/wp\/v2\/posts\/10264\/revisions\/10269"}],"wp:featuredmedia":[{"embeddable":true,"href":"https:\/\/www.labunie.com.pl\/index.php?rest_route=\/wp\/v2\/media\/10265"}],"wp:attachment":[{"href":"https:\/\/www.labunie.com.pl\/index.php?rest_route=%2Fwp%2Fv2%2Fmedia&parent=10264"}],"wp:term":[{"taxonomy":"category","embeddable":true,"href":"https:\/\/www.labunie.com.pl\/index.php?rest_route=%2Fwp%2Fv2%2Fcategories&post=10264"},{"taxonomy":"post_tag","embeddable":true,"href":"https:\/\/www.labunie.com.pl\/index.php?rest_route=%2Fwp%2Fv2%2Ftags&post=10264"}],"curies":[{"name":"wp","href":"https:\/\/api.w.org\/{rel}","templated":true}]}}