{"id":10254,"date":"2018-12-06T13:46:06","date_gmt":"2018-12-06T12:46:06","guid":{"rendered":"https:\/\/www.labunie.com.pl\/?p=10254"},"modified":"2018-12-06T13:48:48","modified_gmt":"2018-12-06T12:48:48","slug":"10254","status":"publish","type":"post","link":"https:\/\/www.labunie.com.pl\/?p=10254","title":{"rendered":"Rozw\u00f3j kompetencji cyfrowych mieszka\u0144c\u00f3w gmin Polski Po\u0142udniowo-Wschodniej"},"content":{"rendered":"<p><strong>Urz\u0105d Marsza\u0142kowski Wojew\u00f3dztwa Lubelskiego w Lublinie informuje, \u017ce Wojew\u00f3dztwo Lubelskie przyst\u0105pi\u0142o do realizacji projektu pn. &#8220;Rozw\u00f3j kompetencji cyfrowych mieszka\u0144c\u00f3w gmin Polski Po\u0142udniowo-Wschodniej&#8221; w ramach Dzia\u0142ania 3.1 Dzia\u0142ania Szkoleniowe na Rzecz rozwoju kompetencji cyfrowych Program Operacyjny Polska Cyfrowa na lata 2014-2020.<\/strong><\/p>\n<p><!--more--><br \/>\n&nbsp;<br \/>\n&nbsp;<br \/>\n<strong><em>\u00a0<\/em><\/strong><\/p>\n<p style=\"text-align: center;\"><strong><em>Rozw\u00f3j kompetencji cyfrowych mieszka\u0144c\u00f3w gmin Polski Po\u0142udniowo-Wschodniej\u00a0\u00a0\u00a0 <\/em><\/strong><\/p>\n<p style=\"text-align: center;\"><strong><em>Dzia\u0142anie 3.1 Dzia\u0142ania Szkoleniowe na <\/em><\/strong><strong><em>Rzecz rozwoju kompetencji cyfrowych<\/em><\/strong><\/p>\n<p style=\"text-align: center;\"><em><strong>Program Operacyjny Polska Cyfrowa na lata 2014-2020<\/strong><\/em><\/p>\n<p>&nbsp;<br \/>\nW ramach projektu wspieramy gminy z wojew\u00f3dztwa lubelskiego i podkarpackiego w rozwoju kompetencji cyfrowych i popularyzacji elektronicznych e-us\u0142ug publicznych.<\/p>\n<p>Granty od 15\u00a0000 do 150 000 PLN bez wk\u0142adu w\u0142asnego na realizacj\u0119 mikroprojekt\u00f3w wspieraj\u0105cych:<\/p>\n<ul>\n<li>rozw\u00f3j kompetencji cyfrowych mieszka\u0144c\u00f3w,<\/li>\n<li>zwi\u0119kszenie stopnia wykorzystania Internetu w tym e-us\u0142ug publicznych.<\/li>\n<\/ul>\n<p>&nbsp;<\/p>\n<p><strong>Dla kogo:<\/strong><\/p>\n<p>Osoby fizyczne (kt\u00f3re uko\u0144czy\u0142y 25 rok \u017cycia), zamieszkuj\u0105ce na terenie gminy w\u0142a\u015bciwej dla Grantobiorcy, nie posiadaj\u0105ce kompetencji cyfrowych lub chc\u0105ce rozwija\u0107 posiadane kompetencje cyfrowe.<\/p>\n<ul>\n<li>Projekt <strong>\u201eRozw\u00f3j kompetencji cyfrowych mieszka\u0144c\u00f3w gmin Polski po\u0142udniowo-wschodniej\u201d<\/strong> jest realizowany w ramach Programu Operacyjnego Polska Cyfrowa na lata 2014-2020.<\/li>\n<li><strong>W ramach grantu, gminy otrzymuj\u0105 dofinansowanie w wysoko\u015bci 100% koszt\u00f3w na realizacj\u0119 dzia\u0142a\u0144 szkoleniowych ukierunkowanych na rozw\u00f3j kompetencji cyfrowych.<\/strong><\/li>\n<li>Do konkursu grantowego mog\u0105 przyst\u0105pi\u0107 gminy, samodzielnie lub we wsp\u00f3\u0142pracy z organizacj\u0105 pozarz\u0105dow\u0105.<\/li>\n<li><strong>Odbiorcami ostatecznymi projektu s\u0105 mieszka\u0144cy gmin powy\u017cej 25 rok \u017cycia<\/strong>.<\/li>\n<li>Gminy mog\u0105 ubiega\u0107 si\u0119 o jeden grant w kwocie od 15 do 150 tys. z\u0142.<\/li>\n<li>Warto\u015b\u0107 grantu wynika z deklarowanej liczby os\u00f3b do przeszkolenia pomno\u017conej przez maksymalny koszt szkolenia jednej osoby, wynosz\u0105cy 560 z\u0142.<\/li>\n<li>Grant mo\u017cna przeznaczy\u0107 na :<\/li>\n<li>sprz\u0119t komputerowy \u2013 do <strong>40%<\/strong> kwoty <strong>grantu<\/strong><\/li>\n<li>promocj\u0119 \u2013 do <strong>20%<\/strong> kwoty <strong>grantu<\/strong><\/li>\n<li>organizacj\u0119 szkole\u0144 (catering, materia\u0142y, wynajem sali itp., z wy\u0142\u0105czeniem wynagrodze\u0144) \u2013 do <strong>20%<\/strong> kwoty <strong>grantu<\/strong><\/li>\n<li>wynagrodzenia kadry instruktorskiej \u2013 do <strong>40%<\/strong> kwoty <strong>grantu<\/strong><\/li>\n<li>administracj\u0119\/zarz\u0105dzanie \u2013 do <strong>20%<\/strong> kwoty g<strong>rantu<\/strong><\/li>\n<\/ul>\n<p>&nbsp;<br \/>\n<strong>Proporcje poszczeg\u00f3lnych kategorii proponuje Gmina<\/strong><\/p>\n<ul>\n<li>Sprz\u0119t zakupiony w projekcie, po jego zako\u0144czeniu gminy maj\u0105 obowi\u0105zek przekaza\u0107 do wybranych przez siebie szk\u00f3\u0142 lub o\u015brodk\u00f3w doskonalenia nauczycieli ( przy czym nie mog\u0105 by\u0107 to o\u015brodki, kt\u00f3re uzyska\u0142y analogiczne wsparcie w ramach innych program\u00f3w operacyjnych perspektywy 2014-2020).<\/li>\n<li>Ka\u017cdy z uczestnik\u00f3w szkolenia b\u0119dzie mia\u0142 mo\u017cliwo\u015b\u0107 zdobywania wiedzy przy wykorzystaniu sprz\u0119tu komputerowego posiadanego przez gminy lub zakupionego w projekcie.<\/li>\n<li>Szkolenia odb\u0119d\u0105 si\u0119 w maksymalnie 12-osobowych grupach. Gminy maj\u0105 obowi\u0105zek przeszkoli\u0107 z minimum 1 scenariusza szkoleniowego i szkolenie powinno trwa\u0107 co najmniej 12 godzin.<\/li>\n<\/ul>\n<p>&nbsp;<br \/>\n&nbsp;<br \/>\n<em>Mieszkaniec gminy mo\u017ce zosta\u0107 przeszkolony z nast\u0119puj\u0105cych temat\u00f3w:<\/em><br \/>\n&nbsp;<br \/>\n<strong>\u201eDzia\u0142am w sieciach spo\u0142eczno\u015bciowych\u201d<\/strong> przeznaczony jest dla wszystkich os\u00f3b, kt\u00f3re zainteresowane s\u0105 dzia\u0142alno\u015bci\u0105 w sieci w ramach r\u00f3\u017cnych portali spo\u0142eczno\u015bciowych. Prezentowany modu\u0142 szkoleniowy po\u015bwi\u0119cony jest przygotowaniu odpowiedzialnego i przewiduj\u0105cego konsekwencje swoich dzia\u0142a\u0144 u\u017cytkownika Internetu.\u00a0 Dzi\u0119ki tym materia\u0142om ka\u017cdy u\u017cytkownik pozna filozofi\u0119 i spos\u00f3b funkcjonowania sieci spo\u0142eczno\u015bciowych oraz wykorzystania ich w dzia\u0142alno\u015bci na rzecz swojej spo\u0142eczno\u015bci lokalnej lub prywatnie. Ponadto, jako jednostka spo\u0142ecze\u0144stwa informacyjnego nauczy si\u0119 korzysta\u0107 z podstawowych us\u0142ug e-administracji dedykowanych wszystkim obywatelom takich, jak z\u0142o\u017cenie za\u0142o\u017cenie konta ePUAP<br \/>\ni profilu zaufanego.<br \/>\n&nbsp;<br \/>\n<strong>\u201eKultura w sieci\u201d<\/strong> przeznaczony jest dla wszystkich, kt\u00f3rzy chc\u0105 dowiedzie\u0107 si\u0119 gdzie w Internecie szuka\u0107 ciekawych i przydatnych zasob\u00f3w szeroko poj\u0119tej kultury i zasob\u00f3w edukacyjnych z legalnych \u017ar\u00f3de\u0142 oraz jak wykorzystywa\u0107 je do nauki lub w\u0142asnej tw\u00f3rczo\u015bci. Uczestnicy szkolenia zapoznaj\u0105 si\u0119 z og\u00f3lnodost\u0119pnymi portalami prezentuj\u0105cymi dorobek polskiej kultury (Ninateka \u2013 Filmoteka Narodowa, Polona, Encyklopedia Teatru Polskiego, Narodowe Archiwum Cyfrowe, Narodowy Instytut Fryderyka Chopina). Poznaj\u0105 praktyczne podstawy prawa autorskiego, niezb\u0119dne do korzystania z kultury w sieci i zdob\u0119d\u0105 umiej\u0119tno\u015b\u0107 wyszukiwania legalnych \u017ar\u00f3de\u0142 kultury, w tym korzystania z Bazy Legalnych \u0179r\u00f3de\u0142. Uczestnicy dowiedz\u0105 si\u0119 jak odtworzy\u0107 histori\u0119 w\u0142asnej rodziny, miejscowo\u015bci czy regionu bazuj\u0105c na informacjach z sieci i jak stworzy\u0107 drzewo genealogiczne.<br \/>\n&nbsp;<br \/>\n<strong>\u201eMoje finanse i transakcje w siec<\/strong>i\u201d przeznaczony jest przede wszystkim dla os\u00f3b, kt\u00f3re chcia\u0142yby nauczy\u0107 si\u0119 za\u0142atwia\u0107 skutecznie sprawy prywatne, biznesowe, finansowe i urz\u0119dowe za po\u015brednictwem Internetu. na szkoleniu dowiedz\u0105 si\u0119 gdzie i jakie przydatne informacje, aplikacje i e-us\u0142ugi mog\u0105 znale\u017a\u0107 w sieci, jak z nich bezpiecznie korzysta\u0107, jak regulowa\u0107 swoje rachunki bez konieczno\u015bci odwiedzania plac\u00f3wki bankowej czy urz\u0119du. W ramach nauki pozyskiwania informacji z sieci uczestnicy szkolenia zapoznaj\u0105 si\u0119 z najpopularniejszymi portalami, dedykowanymi forami wymiany informacji biznesowych\u00a0 Ponadto naucz\u0105 si\u0119 jak korzysta\u0107 z podstawowych us\u0142ug e-administracji z wykorzystaniem konta w ePUAP i profilu zaufanego, rozlicze\u0144 podatkowych online (e-p\u0142atno\u015bci i e-deklaracje), korzysta\u0107 z elektoronicznego konta bankowego, jak dokonywa\u0107 e-p\u0142atno\u015bci, robi\u0107 zakupy, rezerwowa\u0107 podr\u00f3\u017ce.<br \/>\n&nbsp;<br \/>\n<strong>\u201eRodzic w Internecie\u201d<\/strong> przeznaczony jest dla rodzic\u00f3w i prawnych opiekun\u00f3w dzieci. Prezentowany modu\u0142 szkoleniowy po\u015bwi\u0119cony jest przygotowaniu rodzica do roli przewodnika dziecka w zakresie bezpiecznego i \u201em\u0105drego\u201d korzystania z sieci oraz adekwatnego reagowania na sytuacje zagro\u017cenia. Dzi\u0119ki tym materia\u0142om ka\u017cdy rodzic lub prawny opiekun pozna warto\u015bciowe i pochodz\u0105ce z legalnych \u017ar\u00f3de\u0142 tre\u015bci dla dziecka, dzi\u0119ki kt\u00f3rym b\u0119dzie m\u00f3g\u0142 pozytywnie sterowa\u0107 poszukiwaniami i rozwojem zainteresowa\u0144 m\u0142odego pokolenia. Zrozumie jak zapewni\u0107 bezpiecze\u0144stwo dziecku w sieci (pozna jakie konsekwencje niesie ze sob\u0105 HATE, TROLLING, kradzie\u017c tre\u015bci). Jako jednostka spo\u0142ecze\u0144stwa informacyjnego nauczy si\u0119 korzysta\u0107 z podstawowych us\u0142ug e-administracji dedykowanych rodzinom takich, jak z\u0142o\u017cenie wniosku Rodzina 500+, uzyskanie Karty Du\u017cej Rodziny i wielu innych.<br \/>\n&nbsp;<br \/>\n<strong>\u201eRolnik w sieci\u201d<\/strong> przeznaczony jest przede wszystkim dla rolnik\u00f3w, kt\u00f3rzy na szkoleniu dowiedz\u0105 si\u0119 gdzie i jakie przydatne informacje, aplikacje i e-us\u0142ugi mog\u0105 znale\u017a\u0107 w sieci, jak z nich bezpiecznie korzysta\u0107, jak regulowa\u0107 swoje rachunki bez konieczno\u015bci odwiedzania plac\u00f3wki bankowej czy urz\u0119du. W ramach nauki pozyskiwania informacji z sieci uczestnicy szkolenia zapoznaj\u0105 si\u0119 z najpopularniejszymi portalami rolniczymi, dedykowanymi forami wymiany informacji rolniczych oraz portalami meteorologicznymi. Ponadto naucz\u0105 si\u0119 jak korzysta\u0107 z podstawowych us\u0142ug e-administracji z wykorzystaniem konta w ePUAP i profilu zaufanego, Geoportalu (geoportal.gov.pl), rozlicze\u0144 podatkowych online (e-p\u0142atno\u015bci i e-deklaracje), us\u0142ug online dla ubezpieczonych w KRUS (portal eKRUS.gov.pl), us\u0142ug Krajowej Sieci Obszar\u00f3w Wiejskich (ksow.pl), ARiMR, ARR\/ANR\/ODR \u2013 docelowo KOWR oraz GIW\/GIS\/PIORIN\/GIJHARS \u2013 docelowo PIB\u017b.<br \/>\n&nbsp;<br \/>\n<strong>\u201eTworz\u0119 w\u0142asn\u0105 stron\u0119 internetow\u0105 z wykorzystaniem popularnych kreator\u00f3w\u201d<\/strong> przeznaczony jest dla wszystkich os\u00f3b maj\u0105cych zamiar prowadzi\u0107 w\u0142asn\u0105 stron\u0119 internetow\u0105 lub blog. Prezentowany modu\u0142 szkoleniowy po\u015bwi\u0119cony jest przygotowaniu kreatywnego bloggera, kt\u00f3ry dzi\u0119ki swoim dzie\u0142o b\u0119dzie m\u00f3g\u0142 dzia\u0142a\u0107 na swoj\u0105 rzecz jak i najbli\u017cszego \u015brodowiska.<br \/>\n&nbsp;<br \/>\n<strong>\u201eM\u00f3j biznes w sieci\u201d <\/strong>przeznaczony jest przede wszystkim dla przygotowuj\u0105cych si\u0119 do otwarcia w\u0142asnego biznesu. Uczestnik nauczy si\u0119 jak mo\u017ce wykorzysta\u0107 zasoby internetu, aby podnie\u015b\u0107 skuteczno\u015b\u0107 dzia\u0142ania w ramach poszczeg\u00f3lnych funkcji biznesowych (komunikacja, marketing, zaopatrzenie, finanse itp.). W szczeg\u00f3lno\u015bci pozna dedykowane dla biznesu us\u0142ugi e-administracji.<br \/>\n&nbsp;<br \/>\n<span style=\"text-decoration: underline;\"><strong>KONTAKT:<\/strong><\/span><\/p>\n<p><strong>Biuro Projektu<\/strong><\/p>\n<p><strong>Rozw\u00f3j kompetencji cyfrowych mieszka\u0144c\u00f3w gmin Polski Po\u0142udniowo-Wschodniej<\/strong><\/p>\n<p>Departament Cyfryzacji<\/p>\n<p>Urz\u0105d Marsza\u0142kowski Wojew\u00f3dztwa Lubelskiego<br \/>\nw Lublinie<\/p>\n<p>20-029 Lublin, ul. Artura Grottgera 4<\/p>\n<p>Tel. 81\u00a0537 16 45, 81\u00a0478 12 45 <a href=\"mailto:kompetencje.cyfrowe@lubelskie.pl\">kompetencje.cyfrowe@lubelskie.pl<\/a><br \/>\n&nbsp;<br \/>\n<a href=\"http:\/\/www.kompetencje.lubelskie.pl\">www.kompetencje.lubelskie.pl<\/a><\/p>\n","protected":false},"excerpt":{"rendered":"<p>Urz\u0105d Marsza\u0142kowski Wojew\u00f3dztwa Lubelskiego w Lublinie informuje, \u017ce Wojew\u00f3dztwo Lubelskie przyst\u0105pi\u0142o do realizacji projektu pn. &#8220;Rozw\u00f3j kompetencji cyfrowych mieszka\u0144c\u00f3w gmin Polski Po\u0142udniowo-Wschodniej&#8221; w ramach Dzia\u0142ania 3.1 Dzia\u0142ania Szkoleniowe na Rzecz rozwoju kompetencji cyfrowych Program Operacyjny Polska Cyfrowa na lata 2014-2020.<\/p>\n","protected":false},"author":7,"featured_media":1678,"comment_status":"closed","ping_status":"closed","sticky":false,"template":"","format":"standard","meta":{"footnotes":""},"categories":[1],"tags":[],"class_list":["post-10254","post","type-post","status-publish","format-standard","has-post-thumbnail","hentry","category-wpisy","clearfix"],"_links":{"self":[{"href":"https:\/\/www.labunie.com.pl\/index.php?rest_route=\/wp\/v2\/posts\/10254","targetHints":{"allow":["GET"]}}],"collection":[{"href":"https:\/\/www.labunie.com.pl\/index.php?rest_route=\/wp\/v2\/posts"}],"about":[{"href":"https:\/\/www.labunie.com.pl\/index.php?rest_route=\/wp\/v2\/types\/post"}],"author":[{"embeddable":true,"href":"https:\/\/www.labunie.com.pl\/index.php?rest_route=\/wp\/v2\/users\/7"}],"replies":[{"embeddable":true,"href":"https:\/\/www.labunie.com.pl\/index.php?rest_route=%2Fwp%2Fv2%2Fcomments&post=10254"}],"version-history":[{"count":5,"href":"https:\/\/www.labunie.com.pl\/index.php?rest_route=\/wp\/v2\/posts\/10254\/revisions"}],"predecessor-version":[{"id":10262,"href":"https:\/\/www.labunie.com.pl\/index.php?rest_route=\/wp\/v2\/posts\/10254\/revisions\/10262"}],"wp:featuredmedia":[{"embeddable":true,"href":"https:\/\/www.labunie.com.pl\/index.php?rest_route=\/wp\/v2\/media\/1678"}],"wp:attachment":[{"href":"https:\/\/www.labunie.com.pl\/index.php?rest_route=%2Fwp%2Fv2%2Fmedia&parent=10254"}],"wp:term":[{"taxonomy":"category","embeddable":true,"href":"https:\/\/www.labunie.com.pl\/index.php?rest_route=%2Fwp%2Fv2%2Fcategories&post=10254"},{"taxonomy":"post_tag","embeddable":true,"href":"https:\/\/www.labunie.com.pl\/index.php?rest_route=%2Fwp%2Fv2%2Ftags&post=10254"}],"curies":[{"name":"wp","href":"https:\/\/api.w.org\/{rel}","templated":true}]}}