{"id":10196,"date":"2018-11-30T07:32:46","date_gmt":"2018-11-30T06:32:46","guid":{"rendered":"https:\/\/www.labunie.com.pl\/?p=10196"},"modified":"2018-11-29T12:45:45","modified_gmt":"2018-11-29T11:45:45","slug":"zaproszenie-obchody-76-rocznicy-wysiedlen-i-pacyfikacji-na-zamojszczyznie","status":"publish","type":"post","link":"https:\/\/www.labunie.com.pl\/?p=10196","title":{"rendered":"Zaproszenie &#8211; obchody 76. rocznicy wysiedle\u0144 i pacyfikacji na Zamojszczy\u017anie"},"content":{"rendered":"<p><strong>Polski Zwi\u0105zek b. Wi\u0119\u017ani\u00f3w Politycznych Hitlerowskich Wi\u0119zie\u0144 i Oboz\u00f3w Koncentracyjnych Ko\u0142o Gminne \u0141abunie, W\u00f3jt Gminy \u0141abunie i Rada Gminy \u0141abunie zapraszaj\u0105 na uroczysto\u015b\u0107 obchod\u00f3w 76. rocznicy rozpocz\u0119cia wysiedle\u0144 i pacyfikacji na Zamojszczy\u017anie, kt\u00f3ra odb\u0119dzie si\u0119 9 grudnia 2018 r.<\/strong><br \/>\n<!--more--><br \/>\n&nbsp;<br \/>\n&nbsp;<br \/>\n<span style=\"text-decoration: underline;\">Program uroczysto\u015bci:<\/span><\/p>\n<ol>\n<li>Zbi\u00f3rka uczestnik\u00f3w &#8211; godz. 9.30<\/li>\n<li>Uroczysta Msza \u015aw. w ko\u015bciele parafialnym w \u0141abuniach &#8211; godz. 10.00<\/li>\n<\/ol>\n","protected":false},"excerpt":{"rendered":"<p>Polski Zwi\u0105zek b. Wi\u0119\u017ani\u00f3w Politycznych Hitlerowskich Wi\u0119zie\u0144 i Oboz\u00f3w Koncentracyjnych Ko\u0142o Gminne \u0141abunie, W\u00f3jt Gminy \u0141abunie i Rada Gminy \u0141abunie zapraszaj\u0105 na uroczysto\u015b\u0107 obchod\u00f3w 76. rocznicy rozpocz\u0119cia wysiedle\u0144 i pacyfikacji na Zamojszczy\u017anie, kt\u00f3ra odb\u0119dzie si\u0119 9 grudnia 2018 r.<\/p>\n","protected":false},"author":7,"featured_media":10197,"comment_status":"closed","ping_status":"closed","sticky":false,"template":"","format":"standard","meta":{"footnotes":""},"categories":[1],"tags":[],"class_list":["post-10196","post","type-post","status-publish","format-standard","has-post-thumbnail","hentry","category-wpisy","clearfix"],"_links":{"self":[{"href":"https:\/\/www.labunie.com.pl\/index.php?rest_route=\/wp\/v2\/posts\/10196","targetHints":{"allow":["GET"]}}],"collection":[{"href":"https:\/\/www.labunie.com.pl\/index.php?rest_route=\/wp\/v2\/posts"}],"about":[{"href":"https:\/\/www.labunie.com.pl\/index.php?rest_route=\/wp\/v2\/types\/post"}],"author":[{"embeddable":true,"href":"https:\/\/www.labunie.com.pl\/index.php?rest_route=\/wp\/v2\/users\/7"}],"replies":[{"embeddable":true,"href":"https:\/\/www.labunie.com.pl\/index.php?rest_route=%2Fwp%2Fv2%2Fcomments&post=10196"}],"version-history":[{"count":4,"href":"https:\/\/www.labunie.com.pl\/index.php?rest_route=\/wp\/v2\/posts\/10196\/revisions"}],"predecessor-version":[{"id":10201,"href":"https:\/\/www.labunie.com.pl\/index.php?rest_route=\/wp\/v2\/posts\/10196\/revisions\/10201"}],"wp:featuredmedia":[{"embeddable":true,"href":"https:\/\/www.labunie.com.pl\/index.php?rest_route=\/wp\/v2\/media\/10197"}],"wp:attachment":[{"href":"https:\/\/www.labunie.com.pl\/index.php?rest_route=%2Fwp%2Fv2%2Fmedia&parent=10196"}],"wp:term":[{"taxonomy":"category","embeddable":true,"href":"https:\/\/www.labunie.com.pl\/index.php?rest_route=%2Fwp%2Fv2%2Fcategories&post=10196"},{"taxonomy":"post_tag","embeddable":true,"href":"https:\/\/www.labunie.com.pl\/index.php?rest_route=%2Fwp%2Fv2%2Ftags&post=10196"}],"curies":[{"name":"wp","href":"https:\/\/api.w.org\/{rel}","templated":true}]}}