{"id":10185,"date":"2018-12-17T07:31:12","date_gmt":"2018-12-17T06:31:12","guid":{"rendered":"https:\/\/www.labunie.com.pl\/?p=10185"},"modified":"2018-12-17T09:47:24","modified_gmt":"2018-12-17T08:47:24","slug":"malowanie-koled-zaproszenie","status":"publish","type":"post","link":"https:\/\/www.labunie.com.pl\/?p=10185","title":{"rendered":"&#8220;Malowanie kol\u0119d&#8221; &#8211; zaproszenie"},"content":{"rendered":"<p><strong>Referat Promocji i Rozwoju Gminy \u0141abunie zaprasza uczni\u00f3w szk\u00f3\u0142 podstawowych i punkt\u00f3w przedszkolnych do udzia\u0142u w VII Gminnym Konkursie Plastycznym pod patronatem W\u00f3jta Gminy \u0141abunie \u201eMalowanie kol\u0119d\u201d.<\/strong><br \/>\n<!--more--><br \/>\n&nbsp;<br \/>\n&nbsp;<br \/>\n&nbsp;<\/p>\n<p style=\"text-align: center;\"><strong>REGULAMIN KONKURSU<\/strong><\/p>\n<p>&nbsp;<\/p>\n<ol style=\"list-style-type: upper-roman;\">\n<li style=\"text-align: left;\"><strong>ADRESACI KONKURSU<\/strong>\n<ul style=\"list-style-type: circle;\">\n<li style=\"text-align: left;\">uczniowie szk\u00f3\u0142 podstawowych i punkt\u00f3w przedszkolnych z terenu Gminy \u0141abunie<\/li>\n<\/ul>\n<\/li>\n<p>&nbsp;<\/p>\n<li style=\"text-align: left;\"><strong>ZADANIA KONKURSU<\/strong>\n<ul>\n<li style=\"text-align: left;\">rozwijanie umiej\u0119tno\u015bci plastycznych uczni\u00f3w<\/li>\n<li style=\"text-align: left;\">popularyzacja kol\u0119d i pastora\u0142ek<\/li>\n<li style=\"text-align: left;\">podtrzymywanie tradycji bo\u017conarodzeniowych<\/li>\n<li style=\"text-align: left;\">umiej\u0119tne wykorzystanie \u015brodk\u00f3w i technik plastycznych<\/li>\n<\/ul>\n<\/li>\n<p>&nbsp;<\/p>\n<li style=\"text-align: left;\"><strong>ORGANIZATOR<\/strong>\n<ul style=\"list-style-type: circle;\">\n<li style=\"text-align: left;\">Referat Promocji i Rozwoju Gminy \u0141abunie<\/li>\n<\/ul>\n<\/li>\n<p>&nbsp;<\/p>\n<li style=\"text-align: left;\"><strong>TECHNIKA<\/strong>\n<ul>\n<li style=\"text-align: left;\">format prac A4 (kredki- pastele, farby)<\/li>\n<li>uczestnik konkursu wykonuje ilustracj\u0119 do jednej dowolnie wybranej kol\u0119dy (prosz\u0119 nie kopiowa\u0107 poczt\u00f3wek!)<br \/>\n&nbsp;<br \/>\nKa\u017cda praca powinna by\u0107 opisana:<br \/>\nImi\u0119, nazwisko, klasa, szko\u0142a, tytu\u0142 kol\u0119dy, imi\u0119 i nazwisko opiekuna\/nauczyciela.<br \/>\n&nbsp;<br \/>\n<strong>Termin z\u0142o\u017cenia prac <span style=\"text-decoration: underline;\">do 4 stycznia 2019 r.<\/span><\/strong><br \/>\n<strong>Urz\u0105d Gminy \u0141abunie, ul. Zamojska 50, pok. 10<\/strong><\/li>\n<\/ul>\n<\/li>\n<p>&nbsp;<\/p>\n<li style=\"text-align: left;\"><strong>DODATKOWE INFORMACJE<\/strong>\n<ol>\n<li style=\"text-align: left;\">Organizator powo\u0142uje komisj\u0119, kt\u00f3ra przyzna nagrody i wyr\u00f3\u017cnienia.<\/li>\n<li style=\"text-align: left;\">Wszystkie prace zg\u0142oszone do konkursu przechodz\u0105 na w\u0142asno\u015b\u0107 organizatora.<\/li>\n<li style=\"text-align: left;\">Przyst\u0105pienie do konkursu jest jednoznaczne z wyra\u017ceniem zgody na wykorzystanie wizerunku i przetwarzanie danych osobowych w celach organizacji konkursu. Organizatorzy zastrzegaj\u0105 sobie mo\u017cliwo\u015b\u0107 publikacji nagrodzonych prac i wizerunku laureat\u00f3w na stronie internetowej, w mediach regionalnych i spo\u0142eczno\u015bciowych. Nagrodzone kartki zostan\u0105 wykorzystane w celu promocji gminy. Klauzula informacyjna dotycz\u0105ca przetwarzania danych osobowych na podstawie obowi\u0105zku prawnego ci\u0105\u017c\u0105cego na administratorze dost\u0119pna jest w <a href=\"https:\/\/uglabunie.bip.lubelskie.pl\/index.php?id=192&#038;p1=szczegoly&#038;p2=1268612\">BIP UG \u0141abunie<\/a>.<\/li>\n<li style=\"text-align: left;\">Prace powinny by\u0107 ilustracjami r\u00f3\u017cnych kol\u0119d i pastora\u0142ek.<\/li>\n<li style=\"text-align: left;\">Udzia\u0142 w konkursie jest jednoznaczny z akceptacj\u0105 regulaminu.<\/li>\n<li style=\"text-align: left;\">Termin wr\u0119czenia nagr\u00f3d, miejsce i lista os\u00f3b nagrodzonych zostan\u0105 umieszczone na stronie internetowej Gminy \u0141abunie <a href=\"https:\/\/www.labunie.com.pl\">www.labunie.com.pl<\/a><\/li>\n<\/ol>\n<\/li>\n<\/ol>\n<p>&nbsp;<\/p>\n<p style=\"text-align: center;\"><strong><br \/>\nZapraszamy do udzia\u0142u w konkursie!<\/strong><\/p>\n","protected":false},"excerpt":{"rendered":"<p>Referat Promocji i Rozwoju Gminy \u0141abunie zaprasza uczni\u00f3w szk\u00f3\u0142 podstawowych i punkt\u00f3w przedszkolnych do udzia\u0142u w VII Gminnym Konkursie Plastycznym pod patronatem W\u00f3jta Gminy \u0141abunie \u201eMalowanie kol\u0119d\u201d.<\/p>\n","protected":false},"author":7,"featured_media":10186,"comment_status":"closed","ping_status":"closed","sticky":false,"template":"","format":"standard","meta":{"footnotes":""},"categories":[1],"tags":[],"class_list":["post-10185","post","type-post","status-publish","format-standard","has-post-thumbnail","hentry","category-wpisy","clearfix"],"_links":{"self":[{"href":"https:\/\/www.labunie.com.pl\/index.php?rest_route=\/wp\/v2\/posts\/10185","targetHints":{"allow":["GET"]}}],"collection":[{"href":"https:\/\/www.labunie.com.pl\/index.php?rest_route=\/wp\/v2\/posts"}],"about":[{"href":"https:\/\/www.labunie.com.pl\/index.php?rest_route=\/wp\/v2\/types\/post"}],"author":[{"embeddable":true,"href":"https:\/\/www.labunie.com.pl\/index.php?rest_route=\/wp\/v2\/users\/7"}],"replies":[{"embeddable":true,"href":"https:\/\/www.labunie.com.pl\/index.php?rest_route=%2Fwp%2Fv2%2Fcomments&post=10185"}],"version-history":[{"count":5,"href":"https:\/\/www.labunie.com.pl\/index.php?rest_route=\/wp\/v2\/posts\/10185\/revisions"}],"predecessor-version":[{"id":10195,"href":"https:\/\/www.labunie.com.pl\/index.php?rest_route=\/wp\/v2\/posts\/10185\/revisions\/10195"}],"wp:featuredmedia":[{"embeddable":true,"href":"https:\/\/www.labunie.com.pl\/index.php?rest_route=\/wp\/v2\/media\/10186"}],"wp:attachment":[{"href":"https:\/\/www.labunie.com.pl\/index.php?rest_route=%2Fwp%2Fv2%2Fmedia&parent=10185"}],"wp:term":[{"taxonomy":"category","embeddable":true,"href":"https:\/\/www.labunie.com.pl\/index.php?rest_route=%2Fwp%2Fv2%2Fcategories&post=10185"},{"taxonomy":"post_tag","embeddable":true,"href":"https:\/\/www.labunie.com.pl\/index.php?rest_route=%2Fwp%2Fv2%2Ftags&post=10185"}],"curies":[{"name":"wp","href":"https:\/\/api.w.org\/{rel}","templated":true}]}}