{"id":10132,"date":"2018-11-24T12:07:41","date_gmt":"2018-11-24T11:07:41","guid":{"rendered":"https:\/\/www.labunie.com.pl\/?p=10132"},"modified":"2018-11-24T12:15:03","modified_gmt":"2018-11-24T11:15:03","slug":"pisk-bialego-orla-spektakl-patriotyczny","status":"publish","type":"post","link":"https:\/\/www.labunie.com.pl\/?p=10132","title":{"rendered":"\u201ePisk Bia\u0142ego Or\u0142a\u201d &#8211; spektakl patriotyczny"},"content":{"rendered":"<p><strong>18 listopada 2018 r. w uczniowie Szko\u0142y Podstawowej w \u0141abuniach wystawili spektakl patriotyczny pt. \u201ePisk Bia\u0142ego Or\u0142a\u201d. Przedstawienie wed\u0142ug scenariusza Adama Szafra\u0144ca zosta\u0142o zrealizowane pod kierunkiem nauczycieli \u0142abu\u0144skiej szko\u0142y &#8211; Doroty Chmury i Celiny Zwolak. <\/strong><br \/>\n<!--more--><br \/>\n&nbsp;<br \/>\n&nbsp;<br \/>\n<em>Fabu\u0142a zosta\u0142a osnuta wok\u00f3\u0142 historii wiejskiej rodziny, mocno naznaczonej patriotyzmem, kt\u00f3ra w czasie I Wojny \u015awiatowej prze\u017cywa\u0142a wojenn\u0105 traum\u0119 &#8211; wymarsz ojca i jednego z syn\u00f3w na front. Ludzie ci ukrywali w swoim domu poet\u0119, kt\u00f3ry odwo\u0142uj\u0105c si\u0119 cz\u0119sto do literatury i poezji okresu zabor\u00f3w, podtrzymywa\u0142 i umacnia\u0142 g\u0142\u0119boki patriotyzm domownik\u00f3w. Symbolem wolnej Polski by\u0142 bia\u0142y orze\u0142, kt\u00f3rego g\u0142os &#8211; pisk, s\u0142yszalny w duszy Polak\u00f3w, nie pozwala\u0142 traci\u0107 nadziei na wolno\u015b\u0107.<\/em><br \/>\n&nbsp;<br \/>\n<iframe loading=\"lazy\" width=\"600\" height=\"315\" src=\"https:\/\/www.youtube.com\/embed\/Tt8sLhIsw08\" frameborder=\"0\" allow=\"accelerometer; autoplay; encrypted-media; gyroscope; picture-in-picture\" allowfullscreen><\/iframe><br \/>\n&nbsp;<\/p>\n<p>[lg_folder folder=&#8221;20181118\/&#8221; paging=&#8221;false&#8221;]<\/p>\n","protected":false},"excerpt":{"rendered":"<p>18 listopada 2018 r. w uczniowie Szko\u0142y Podstawowej w \u0141abuniach wystawili spektakl patriotyczny pt. \u201ePisk Bia\u0142ego Or\u0142a\u201d. Przedstawienie wed\u0142ug scenariusza Adama Szafra\u0144ca zosta\u0142o zrealizowane pod kierunkiem nauczycieli \u0142abu\u0144skiej szko\u0142y &#8211; Doroty Chmury i Celiny Zwolak.<\/p>\n","protected":false},"author":7,"featured_media":10133,"comment_status":"closed","ping_status":"closed","sticky":false,"template":"","format":"standard","meta":{"footnotes":""},"categories":[1],"tags":[],"class_list":["post-10132","post","type-post","status-publish","format-standard","has-post-thumbnail","hentry","category-wpisy","clearfix"],"_links":{"self":[{"href":"https:\/\/www.labunie.com.pl\/index.php?rest_route=\/wp\/v2\/posts\/10132","targetHints":{"allow":["GET"]}}],"collection":[{"href":"https:\/\/www.labunie.com.pl\/index.php?rest_route=\/wp\/v2\/posts"}],"about":[{"href":"https:\/\/www.labunie.com.pl\/index.php?rest_route=\/wp\/v2\/types\/post"}],"author":[{"embeddable":true,"href":"https:\/\/www.labunie.com.pl\/index.php?rest_route=\/wp\/v2\/users\/7"}],"replies":[{"embeddable":true,"href":"https:\/\/www.labunie.com.pl\/index.php?rest_route=%2Fwp%2Fv2%2Fcomments&post=10132"}],"version-history":[{"count":4,"href":"https:\/\/www.labunie.com.pl\/index.php?rest_route=\/wp\/v2\/posts\/10132\/revisions"}],"predecessor-version":[{"id":10137,"href":"https:\/\/www.labunie.com.pl\/index.php?rest_route=\/wp\/v2\/posts\/10132\/revisions\/10137"}],"wp:featuredmedia":[{"embeddable":true,"href":"https:\/\/www.labunie.com.pl\/index.php?rest_route=\/wp\/v2\/media\/10133"}],"wp:attachment":[{"href":"https:\/\/www.labunie.com.pl\/index.php?rest_route=%2Fwp%2Fv2%2Fmedia&parent=10132"}],"wp:term":[{"taxonomy":"category","embeddable":true,"href":"https:\/\/www.labunie.com.pl\/index.php?rest_route=%2Fwp%2Fv2%2Fcategories&post=10132"},{"taxonomy":"post_tag","embeddable":true,"href":"https:\/\/www.labunie.com.pl\/index.php?rest_route=%2Fwp%2Fv2%2Ftags&post=10132"}],"curies":[{"name":"wp","href":"https:\/\/api.w.org\/{rel}","templated":true}]}}